{"id":9621,"date":"2023-06-30T22:55:50","date_gmt":"2023-06-30T22:55:50","guid":{"rendered":"https:\/\/www.radiolimari.cl\/?p=9621"},"modified":"2023-06-30T22:55:50","modified_gmt":"2023-06-30T22:55:50","slug":"seremi-de-las-culturas-invita-a-organizaciones-de-base-comunitaria-a-sumarse-al-registro-nacional-de-puntos-de-cultura-comunitaria","status":"publish","type":"post","link":"https:\/\/www.radiolimari.cl\/?p=9621","title":{"rendered":"Seremi de las Culturas invita a organizaciones de base comunitaria a sumarse al Registro Nacional de Puntos de Cultura Comunitaria"},"content":{"rendered":"\n<figure class=\"wp-block-image size-large is-resized\"><a href=\"https:\/\/www.radiolimari.cl\/wp-content\/uploads\/2023\/06\/01.jpg\"><img fetchpriority=\"high\" decoding=\"async\" src=\"https:\/\/www.radiolimari.cl\/wp-content\/uploads\/2023\/06\/01-1024x683.jpg\" alt=\"\" class=\"wp-image-9622\" width=\"411\" height=\"275\" srcset=\"https:\/\/www.radiolimari.cl\/wp-content\/uploads\/2023\/06\/01-1024x683.jpg 1024w, https:\/\/www.radiolimari.cl\/wp-content\/uploads\/2023\/06\/01-300x200.jpg 300w, https:\/\/www.radiolimari.cl\/wp-content\/uploads\/2023\/06\/01-768x512.jpg 768w, https:\/\/www.radiolimari.cl\/wp-content\/uploads\/2023\/06\/01.jpg 1500w\" sizes=\"(max-width: 411px) 100vw, 411px\" \/><\/a><\/figure>\n\n\n\n<p><strong>El plazo de inscripci\u00f3n ser\u00e1 hasta el lunes 7 de agosto de 2023. La solicitud para formar parte del Registro de Puntos de Cultura Comunitaria y toda la informaci\u00f3n del programa se podr\u00e1 realizar en\u00a0<\/strong><a rel=\"noreferrer noopener\" href=\"http:\/\/www.puntos.cultura.gob.cl\/\" target=\"_blank\"><strong>www.puntos.cultura.gob.cl<\/strong><\/a><strong>.<\/strong><\/p>\n\n\n\n<p><a>Con el prop\u00f3sito de aportar al reconocimiento y visibilidad de organizaciones de base comunitaria, el Ministerio de las Culturas, las Artes y el Patrimonio abri\u00f3 la convocatoria para inscribirse en el Registro Nacional de Puntos de Cultura Comunitaria, la que estar\u00e1 abierta hasta el 7 de agosto.<\/a><\/p>\n\n\n\n<p>Este llamado busca identificar, reconocer, valorar y fortalecer el aporte de las organizaciones sociales locales que dinamizan la participaci\u00f3n social en los territorios del pa\u00eds a trav\u00e9s del arte, la cultura, el patrimonio y las diversas expresiones socioculturales.<\/p>\n\n\n\n<p>Cedric Steinlen, seremi de las Culturas de la Regi\u00f3n de Coquimbo, explic\u00f3 que \u201cen nuestro territorio local existen diversas organizaciones que desarrollan ricas y variadas expresiones art\u00edsticas. Adem\u00e1s, desde hace a\u00f1os nuestra instituci\u00f3n lidera la Mesa Regional de Organizaciones Culturales Comunitarias, donde hemos podido entregar valiosas herramientas para fortalecer el trabajo que realizan estas agrupaciones en la difusi\u00f3n y puesta en valor de los elementos identitarios de cada territorio\u201d.<\/p>\n\n\n\n<p><a>El registro priorizar\u00e1 aquellas organizaciones con mayor antig\u00fcedad en cada una de las regiones y que desarrollen sus acciones en comunas con alto \u00edndice de pobreza multidimensional e \u00edndice de aislamiento. Quienes accedan al registro podr\u00e1n financiar su plan de fortalecimiento con un presupuesto de 10 millones de pesos en el caso de que posean menos de 10 a\u00f1os antig\u00fcedad y con 15 millones de pesos para las que tengan m\u00e1s de 10 a\u00f1os.&nbsp;<\/a>Este financiamiento est\u00e1 orientado a dar continuidad, impulso y sostenibilidad a las acciones, actividades e iniciativas que los Puntos de Cultura Comunitaria realizan en el territorio.<\/p>\n\n\n\n<p>\u201cInvitamos a organizaciones sociales que est\u00e9n vinculadas al \u00e1mbito de la cultura y que desarrollen pr\u00e1cticas socioculturales, a sumarse al Registro de Puntos de Cultura Comunitaria. Para ello no es necesario tener personalidad jur\u00eddica, pero s\u00ed contar con una trayectoria de a lo menos tres a\u00f1os en el territorio, sin tener fines de lucro. Estamos entusiasmados en alcanzar una gran participaci\u00f3n en las tres provincias de nuestra regi\u00f3n\u201d, a\u00f1adi\u00f3 la autoridad regional.<\/p>\n\n\n\n<p>La solicitud para formar parte del Registro de Puntos de Cultura Comunitaria y toda la informaci\u00f3n del programa se podr\u00e1 realizar en&nbsp;<a href=\"http:\/\/www.puntos.cultura.gob.cl\/\" target=\"_blank\" rel=\"noreferrer noopener\">www.puntos.cultura.gob.cl<\/a>. Las organizaciones que hayan ingresado su solicitud para formar parte del Registro Nacional de Puntos de Cultura Comunitaria del a\u00f1o 2023 ser\u00e1n revisadas hasta el lunes 7 de agosto del presente a\u00f1o.<\/p>\n","protected":false},"excerpt":{"rendered":"<p>El plazo de inscripci\u00f3n ser\u00e1 hasta el lunes 7 de agosto de 2023. La solicitud para formar parte del Registro de Puntos de Cultura Comunitaria y toda la informaci\u00f3n del programa se podr\u00e1 realizar en\u00a0www.puntos.cultura.gob.cl. Con el prop\u00f3sito de aportar al reconocimiento y visibilidad de organizaciones de base comunitaria, el Ministerio de las Culturas, las &#8230;<\/p>\n","protected":false},"author":2,"featured_media":9622,"comment_status":"open","ping_status":"open","sticky":false,"template":"","format":"standard","meta":{"footnotes":""},"categories":[3],"tags":[],"class_list":["post-9621","post","type-post","status-publish","format-standard","has-post-thumbnail","hentry","category-actualidad"],"_links":{"self":[{"href":"https:\/\/www.radiolimari.cl\/index.php?rest_route=\/wp\/v2\/posts\/9621","targetHints":{"allow":["GET"]}}],"collection":[{"href":"https:\/\/www.radiolimari.cl\/index.php?rest_route=\/wp\/v2\/posts"}],"about":[{"href":"https:\/\/www.radiolimari.cl\/index.php?rest_route=\/wp\/v2\/types\/post"}],"author":[{"embeddable":true,"href":"https:\/\/www.radiolimari.cl\/index.php?rest_route=\/wp\/v2\/users\/2"}],"replies":[{"embeddable":true,"href":"https:\/\/www.radiolimari.cl\/index.php?rest_route=%2Fwp%2Fv2%2Fcomments&post=9621"}],"version-history":[{"count":1,"href":"https:\/\/www.radiolimari.cl\/index.php?rest_route=\/wp\/v2\/posts\/9621\/revisions"}],"predecessor-version":[{"id":9623,"href":"https:\/\/www.radiolimari.cl\/index.php?rest_route=\/wp\/v2\/posts\/9621\/revisions\/9623"}],"wp:featuredmedia":[{"embeddable":true,"href":"https:\/\/www.radiolimari.cl\/index.php?rest_route=\/wp\/v2\/media\/9622"}],"wp:attachment":[{"href":"https:\/\/www.radiolimari.cl\/index.php?rest_route=%2Fwp%2Fv2%2Fmedia&parent=9621"}],"wp:term":[{"taxonomy":"category","embeddable":true,"href":"https:\/\/www.radiolimari.cl\/index.php?rest_route=%2Fwp%2Fv2%2Fcategories&post=9621"},{"taxonomy":"post_tag","embeddable":true,"href":"https:\/\/www.radiolimari.cl\/index.php?rest_route=%2Fwp%2Fv2%2Ftags&post=9621"}],"curies":[{"name":"wp","href":"https:\/\/api.w.org\/{rel}","templated":true}]}}