{"id":9603,"date":"2023-06-29T15:32:23","date_gmt":"2023-06-29T15:32:23","guid":{"rendered":"https:\/\/www.radiolimari.cl\/?p=9603"},"modified":"2023-06-29T15:32:24","modified_gmt":"2023-06-29T15:32:24","slug":"comuna-de-monte-patria-adjudica-proyecto-de-sistema-fotovoltaico-con-5to-lugar-a-nivel-nacional","status":"publish","type":"post","link":"https:\/\/www.radiolimari.cl\/?p=9603","title":{"rendered":"Comuna de Monte Patria adjudica proyecto de sistema fotovoltaico con 5to lugar a nivel nacional"},"content":{"rendered":"\n<figure class=\"wp-block-image size-large\"><a href=\"https:\/\/www.radiolimari.cl\/wp-content\/uploads\/2023\/06\/FOTO-VOLTA-2.jpeg\"><img fetchpriority=\"high\" decoding=\"async\" width=\"1024\" height=\"683\" src=\"https:\/\/www.radiolimari.cl\/wp-content\/uploads\/2023\/06\/FOTO-VOLTA-2-1024x683.jpeg\" alt=\"\" class=\"wp-image-9604\" srcset=\"https:\/\/www.radiolimari.cl\/wp-content\/uploads\/2023\/06\/FOTO-VOLTA-2-1024x683.jpeg 1024w, https:\/\/www.radiolimari.cl\/wp-content\/uploads\/2023\/06\/FOTO-VOLTA-2-300x200.jpeg 300w, https:\/\/www.radiolimari.cl\/wp-content\/uploads\/2023\/06\/FOTO-VOLTA-2-768x512.jpeg 768w, https:\/\/www.radiolimari.cl\/wp-content\/uploads\/2023\/06\/FOTO-VOLTA-2.jpeg 1280w\" sizes=\"(max-width: 1024px) 100vw, 1024px\" \/><\/a><\/figure>\n\n\n\n<p><strong><em>La postulaci\u00f3n fue realizada por equipos t\u00e9cnicos del municipio al Fondo de Acceso a la Energ\u00eda (FAE) del ministerio de Energ\u00eda<\/em><\/strong>.<\/p>\n\n\n\n<p>Buenas noticias para la comunidad educativa de la escuela Alejandro Chel\u00e9n Rojas de Cha\u00f1aral Alto, gracias a un trabajo desarrollado por equipos de la Secretar\u00eda de Planificaci\u00f3n de Monte Patria se logr\u00f3 la adjudicaci\u00f3n de un proyecto de Sistema Fotovoltaico para el establecimiento. La iniciativa destaca a nivel nacional, pues ubica a la comuna de los valles generosos como 5ta de un total de 172 comunas postulantes.<\/p>\n\n\n\n<p>La iniciativa surgi\u00f3 como una necesidad eco educativa, pues contribuir\u00e1 a reducir el gasto energ\u00e9tico en el establecimiento, mientras que, a la vez, da cuenta de forma directa a los estudiantes, el funcionamiento de las energ\u00edas renovables, propiciando as\u00ed un ambiente orientado a la educaci\u00f3n de nuevas experiencias tecnol\u00f3gicas.<\/p>\n\n\n\n<p>La adjudicaci\u00f3n en s\u00ed es una propuesta, la que fue levantada por el equipo de SECPLAN del municipio de Monte Patria, esta logr\u00f3 la adjudicaci\u00f3n al Fondo de Acceso a la Energ\u00eda (FAE) del Ministerio de Energ\u00eda. Posteriormente, dicho proyecto ser\u00e1 trabajado y ejecutado por el propio ministerio, otorgando as\u00ed un nuevo sistema de electrificaci\u00f3n al establecimiento educacional.<\/p>\n\n\n\n<p>La jornada de presentaci\u00f3n del proyecto se realiz\u00f3 este mi\u00e9rcoles 28 de junio en el establecimiento Alejandro Chel\u00e9n Rojas, ah\u00ed su director, Rodolfo Quintana agradeci\u00f3 las gestiones realizadas para concretar esta adjudicaci\u00f3n, acotando de igual forma la importancia de acercar los proyectos sustentables a los estudiantes, <strong>\u201cmuy agradecido de la municipalidad de Monte Patria y de la unidad de SECPL\u00c1 que el a\u00f1o pasado vivieron a conversar con nosotros a las escuelas para ver la posibilidad d de lo que era la instalaci\u00f3n, lo que es la condici\u00f3n especial de Cha\u00f1aral Alto, una de las zonas donde se registraban las mayores temperaturas y a la vez donde los niveles de radiaci\u00f3n son muy grandes. Ya hab\u00edamos tenido la construcci\u00f3n del techado para proteger a nuestros ni\u00f1os y hoy que se instale como un complemento todas las actividades que estamos haciendo en la parte medioambiental en lo que es la energ\u00eda fotovoltaica es un anhelo so\u00f1ado. Lo hab\u00edamos pensado. Estuvimos dispuestos a realizar el desaf\u00edo impuesto por la municipalidad y hoy estamos concretando parte de este sue\u00f1o que ahora solo queda la implementaci\u00f3n del proyecto\u201d.<\/strong><\/p>\n\n\n\n<p>Para esta comunidad educativa el logro es transversal, Mauricio Vega, presidente del centro de Padres del establecimiento, esta propuesta contribuir\u00e1 de gran manera a los procesos educativos de los estudiantes, <strong>\u201cLo encuentro una muy buena oportunidad para el colegio; siento que es una oportunidad para conocer la energ\u00eda renovable; conocer este nuevo sistema de iluminaci\u00f3n y la ense\u00f1anza que pueden aprender los ni\u00f1os y ni\u00f1as sobre la importancia del medioambiente, con el cambio clim\u00e1tico. Ellos en un ma\u00f1ana van a ser adultos y deben conocer esto, siento que, si no lo conocemos, no lo podemos practicar\u201d.<\/strong><\/p>\n\n\n\n<p>Maria Castillo Rojas, Seremi de Energ\u00eda de la regi\u00f3n de Coquimbo entreg\u00f3 el respaldo del ministerio en esta propuesta, la cual impulsan fuertemente con el Fondo de Acceso a la Energ\u00eda,<strong> \u201cestamos muy contentas de este hito de adjudicaci\u00f3n del programa de fondo de acceso a la energ\u00eda que nos permite trabajar con las comunas rurales y llegar con nuestros recursos a los lugares m\u00e1s alejados, a escuelas, establecimientos educacionales, donde la instituciones p\u00fablicas con un rol p\u00fablico comunitario pueden ser beneficiarias de estos proyectos de energ\u00eda renovables a peque\u00f1a escala, donde puede disminuir el consumo de energ\u00eda\u201d.<\/strong><\/p>\n\n\n\n<p>Desde al Fondo de Acceso a la energ\u00eda (FAE), Ricardo Lobos, Analista de Gesti\u00f3n Territorial y Coordinador Nacional FAE plante\u00f3 el escenario educativo en el cual los estudiantes se podr\u00e1n desarrollar si conviven con este proyecto, <strong>\u201cp<\/strong><strong>rimero debemos felicitar a la comunidad educativa a trav\u00e9s del municipio y una coordinadora de que los temas ambientales y los temas de energ\u00edas sean parte no s\u00f3lo de la din\u00e1mica curricular o de las opciones que muchas veces los establecimientos tienen ese tipo de mirada, esperamos tambi\u00e9n que estos alumnos independientes de la profesi\u00f3n que tengan y que no sean vinculada necesariamente a medioambiente para que ellos puedan tomar decisiones y ser ejes de cambio. Estamos viviendo los estragos que est\u00e1 provocando el cambio clim\u00e1tico que ya no es cuento, que no es una leyenda urbana. El uso de las energ\u00edas renovables ayuda a mitigar los efectos del cambio clim\u00e1tico, pero tambi\u00e9n ayuda mucho m\u00e1s cuando los alumnos y alumnas de la comunidad total con los docentes, los apoderados y el entorno de la localidad comprenden que a trav\u00e9s de las energ\u00edas renovables y el cuidado del medioambiente es una ayuda\u201d.<\/strong><\/p>\n\n\n\n<p>Desde la gesti\u00f3n municipal, la noticia de ser la 5ta comuna con mejor puntaje en el proceso de selecci\u00f3n es un gran orgullo. Frente a ello el alcalde Cristian Herrera Pe\u00f1a plantea el horizonte de trabajo por delante, en especial con proyectos que orientan la comuna a un futuro m\u00e1s sustentable, <strong>\u201cestamos muy contentos de recibir a la Seremi de energ\u00eda y al Encargado del Programa de Energ\u00edas Renovables que nos vinieron a entregar esta noticia que nos adjudicamos este proyecto a nivel nacional para dotar de paneles solares fotovoltaico en el Colegio Alejandro Chel\u00e9n Rojas de Cha\u00f1aral Alto. Estamos felices por el trabajo realizado por el equipo desde la Secretar\u00eda Comunal de Planificaci\u00f3n, porque nuestro proyecto ocup\u00f3 el quinto lugar de 178 comunas que postularon. En todo el pa\u00eds fue el quinto puntaje y eso habla de la calidad de profesionales que tenemos en nuestro municipio, con la Secretaria Comunal de Planificaci\u00f3n, el establecimiento Alejandro Chel\u00edn Rojas y el Centro de Padres para recabar informaci\u00f3n\u201d.<\/strong><\/p>\n\n\n\n<p>Ahora el proyecto se encuentra entre las responsabilidades del ministerio de energ\u00eda, en materias de dise\u00f1os y ejecuci\u00f3n; una vez se logre dar construcci\u00f3n a los paneles, las y los estudiantes de Cha\u00f1aral Alto podr\u00e1n disfrutar de energ\u00eda limpia y de un nuevo contexto educativo, m\u00e1s ecol\u00f3gico y m\u00e1s sustentable.<\/p>\n","protected":false},"excerpt":{"rendered":"<p>La postulaci\u00f3n fue realizada por equipos t\u00e9cnicos del municipio al Fondo de Acceso a la Energ\u00eda (FAE) del ministerio de Energ\u00eda. Buenas noticias para la comunidad educativa de la escuela Alejandro Chel\u00e9n Rojas de Cha\u00f1aral Alto, gracias a un trabajo desarrollado por equipos de la Secretar\u00eda de Planificaci\u00f3n de Monte Patria se logr\u00f3 la adjudicaci\u00f3n &#8230;<\/p>\n","protected":false},"author":2,"featured_media":9604,"comment_status":"open","ping_status":"open","sticky":false,"template":"","format":"standard","meta":{"footnotes":""},"categories":[5],"tags":[],"class_list":["post-9603","post","type-post","status-publish","format-standard","has-post-thumbnail","hentry","category-actualidad-limarina"],"_links":{"self":[{"href":"https:\/\/www.radiolimari.cl\/index.php?rest_route=\/wp\/v2\/posts\/9603","targetHints":{"allow":["GET"]}}],"collection":[{"href":"https:\/\/www.radiolimari.cl\/index.php?rest_route=\/wp\/v2\/posts"}],"about":[{"href":"https:\/\/www.radiolimari.cl\/index.php?rest_route=\/wp\/v2\/types\/post"}],"author":[{"embeddable":true,"href":"https:\/\/www.radiolimari.cl\/index.php?rest_route=\/wp\/v2\/users\/2"}],"replies":[{"embeddable":true,"href":"https:\/\/www.radiolimari.cl\/index.php?rest_route=%2Fwp%2Fv2%2Fcomments&post=9603"}],"version-history":[{"count":1,"href":"https:\/\/www.radiolimari.cl\/index.php?rest_route=\/wp\/v2\/posts\/9603\/revisions"}],"predecessor-version":[{"id":9605,"href":"https:\/\/www.radiolimari.cl\/index.php?rest_route=\/wp\/v2\/posts\/9603\/revisions\/9605"}],"wp:featuredmedia":[{"embeddable":true,"href":"https:\/\/www.radiolimari.cl\/index.php?rest_route=\/wp\/v2\/media\/9604"}],"wp:attachment":[{"href":"https:\/\/www.radiolimari.cl\/index.php?rest_route=%2Fwp%2Fv2%2Fmedia&parent=9603"}],"wp:term":[{"taxonomy":"category","embeddable":true,"href":"https:\/\/www.radiolimari.cl\/index.php?rest_route=%2Fwp%2Fv2%2Fcategories&post=9603"},{"taxonomy":"post_tag","embeddable":true,"href":"https:\/\/www.radiolimari.cl\/index.php?rest_route=%2Fwp%2Fv2%2Ftags&post=9603"}],"curies":[{"name":"wp","href":"https:\/\/api.w.org\/{rel}","templated":true}]}}