{"id":9594,"date":"2023-06-28T22:19:41","date_gmt":"2023-06-28T22:19:41","guid":{"rendered":"https:\/\/www.radiolimari.cl\/?p=9594"},"modified":"2023-06-28T22:19:41","modified_gmt":"2023-06-28T22:19:41","slug":"municipio-de-ovalle-realizo-llamado-a-no-podar-el-arbolado-urbano-sin-autorizaciones","status":"publish","type":"post","link":"https:\/\/www.radiolimari.cl\/?p=9594","title":{"rendered":"Municipio de Ovalle realiz\u00f3 llamado a no podar el arbolado urbano sin autorizaciones"},"content":{"rendered":"\n<figure class=\"wp-block-image size-large is-resized\"><a href=\"https:\/\/www.radiolimari.cl\/wp-content\/uploads\/2023\/06\/Proceso-de-Poda-3-scaled.jpg\"><img fetchpriority=\"high\" decoding=\"async\" src=\"https:\/\/www.radiolimari.cl\/wp-content\/uploads\/2023\/06\/Proceso-de-Poda-3-1024x768.jpg\" alt=\"\" class=\"wp-image-9595\" width=\"396\" height=\"297\" srcset=\"https:\/\/www.radiolimari.cl\/wp-content\/uploads\/2023\/06\/Proceso-de-Poda-3-1024x768.jpg 1024w, https:\/\/www.radiolimari.cl\/wp-content\/uploads\/2023\/06\/Proceso-de-Poda-3-300x225.jpg 300w, https:\/\/www.radiolimari.cl\/wp-content\/uploads\/2023\/06\/Proceso-de-Poda-3-768x576.jpg 768w, https:\/\/www.radiolimari.cl\/wp-content\/uploads\/2023\/06\/Proceso-de-Poda-3-1536x1152.jpg 1536w, https:\/\/www.radiolimari.cl\/wp-content\/uploads\/2023\/06\/Proceso-de-Poda-3-2048x1536.jpg 2048w\" sizes=\"(max-width: 396px) 100vw, 396px\" \/><\/a><\/figure>\n\n\n\n<p><strong><em>Desde el departamento de Medio Ambiente, Aseo y Ornato solicitaron a la comunidad a no podar los \u00e1rboles que se encuentran en la v\u00eda p\u00fablica de forma indiscriminada, ya que las malas pr\u00e1cticas pueden tener como resultado la muerte del ejemplar intervenido, el cual puede convertirse en un peligro para transe\u00fantes y automovilistas.<\/em><\/strong><\/p>\n\n\n\n<p>Las podas indiscriminadas y las malas pr\u00e1cticas de algunos vecinos con el arbolado urbano han provocado el deterioro y en algunos casos la muerte del ejemplar. Es por esta raz\u00f3n, que el departamento de Medio Ambiente, Aseo y Ornato del municipio de Ovalle hizo un llamado a la comunidad a no intervenir las especies que se encuentran en la v\u00eda p\u00fablica, debido a que existen varios casos de mutilaciones o \u00e1rboles que se encuentran en mal estado, que se convierten en un peligro para transe\u00fantes y autom\u00f3viles.<\/p>\n\n\n\n<p>\u201cLa idea es respetar el arbolado urbano que est\u00e1, principalmente, en el centro de la ciudad. Las personas que intervienen estas especies est\u00e1n infringiendo una ley y la Ordenanza Municipal de Aseo. Adem\u00e1s, por lo general las intervenciones que hacen son erradas y no tienen ning\u00fan sustento t\u00e9cnico, por lo que el \u00e1rbol se debilita, se desengancha, se quiebra y debido a este da\u00f1o podr\u00eda caer y ocasionar problemas mayores\u201d indic\u00f3 el director del departamento de Medio Ambiente, Aseo y Ornato, Marcelo Tabilo. &nbsp;<\/p>\n\n\n\n<p>El prop\u00f3sito principal del municipio de Ovalle es tener un arbolado sano y anualmente aumentar la cantidad de masa arb\u00f3rea e intervenirlos con nuevas t\u00e9cnicas de poda. \u201cLamentablemente, lo que han hecho algunas personas han sido mutilaciones que debilitan los \u00e1rboles, aunque lo positivo es que si bien existen estas pr\u00e1cticas, son menos habituales que en a\u00f1os anteriores\u201d recalc\u00f3 Tabilo.&nbsp;<\/p>\n\n\n\n<p>De acuerdo a la planificaci\u00f3n del departamento de Medio Ambiente, Aseo y Ornato, el proceso de poda se realiza todos los a\u00f1os entre los meses de mayo y agosto, puesto que es la \u00e9poca m\u00e1s adecuada para intervenir los \u00e1rboles, de acuerdo a los an\u00e1lisis t\u00e9cnicos de los profesionales del \u00e1rea. Esta iniciativa se efect\u00faa con personal especializado y con el apoyo de la empresa N\u00facleo Paisajismo, con la finalidad de proteger los \u00e1rboles que se encuentran en la zona c\u00e9ntrica y en las poblaciones locales.<\/p>\n\n\n\n<p>El alcalde Jonathan Acu\u00f1a Rojas sostuvo que para el municipio \u201ces muy importante que nuestra comunidad tome conciencia y cuide el arbolado urbano, porque a veces por desconocimiento realizan podas indiscriminadas y sin autorizaciones y, al final, provocan da\u00f1os en las especies, y es precisamente lo que nosotros como administraci\u00f3n municipal queremos evitar\u201d.<\/p>\n\n\n\n<p>En esta misma l\u00ednea, el municipio de Ovalle realizar\u00e1 una charla informativa abierta para toda la comunidad, el pr\u00f3ximo jueves 6 de julio, en el Sal\u00f3n Auditorium Municipal, desde las 17.00 horas, que ser\u00e1 dictada por profesionales del departamento de Medio Ambiente, Aseo y Ornato, que tiene como principal objetivo concientizar y educar a la comunidad en el cuidado del medio ambiente.&nbsp;<\/p>\n","protected":false},"excerpt":{"rendered":"<p>Desde el departamento de Medio Ambiente, Aseo y Ornato solicitaron a la comunidad a no podar los \u00e1rboles que se encuentran en la v\u00eda p\u00fablica de forma indiscriminada, ya que las malas pr\u00e1cticas pueden tener como resultado la muerte del ejemplar intervenido, el cual puede convertirse en un peligro para transe\u00fantes y automovilistas. Las podas &#8230;<\/p>\n","protected":false},"author":2,"featured_media":9595,"comment_status":"open","ping_status":"open","sticky":false,"template":"","format":"standard","meta":{"footnotes":""},"categories":[5],"tags":[],"class_list":["post-9594","post","type-post","status-publish","format-standard","has-post-thumbnail","hentry","category-actualidad-limarina"],"_links":{"self":[{"href":"https:\/\/www.radiolimari.cl\/index.php?rest_route=\/wp\/v2\/posts\/9594","targetHints":{"allow":["GET"]}}],"collection":[{"href":"https:\/\/www.radiolimari.cl\/index.php?rest_route=\/wp\/v2\/posts"}],"about":[{"href":"https:\/\/www.radiolimari.cl\/index.php?rest_route=\/wp\/v2\/types\/post"}],"author":[{"embeddable":true,"href":"https:\/\/www.radiolimari.cl\/index.php?rest_route=\/wp\/v2\/users\/2"}],"replies":[{"embeddable":true,"href":"https:\/\/www.radiolimari.cl\/index.php?rest_route=%2Fwp%2Fv2%2Fcomments&post=9594"}],"version-history":[{"count":1,"href":"https:\/\/www.radiolimari.cl\/index.php?rest_route=\/wp\/v2\/posts\/9594\/revisions"}],"predecessor-version":[{"id":9596,"href":"https:\/\/www.radiolimari.cl\/index.php?rest_route=\/wp\/v2\/posts\/9594\/revisions\/9596"}],"wp:featuredmedia":[{"embeddable":true,"href":"https:\/\/www.radiolimari.cl\/index.php?rest_route=\/wp\/v2\/media\/9595"}],"wp:attachment":[{"href":"https:\/\/www.radiolimari.cl\/index.php?rest_route=%2Fwp%2Fv2%2Fmedia&parent=9594"}],"wp:term":[{"taxonomy":"category","embeddable":true,"href":"https:\/\/www.radiolimari.cl\/index.php?rest_route=%2Fwp%2Fv2%2Fcategories&post=9594"},{"taxonomy":"post_tag","embeddable":true,"href":"https:\/\/www.radiolimari.cl\/index.php?rest_route=%2Fwp%2Fv2%2Ftags&post=9594"}],"curies":[{"name":"wp","href":"https:\/\/api.w.org\/{rel}","templated":true}]}}