{"id":9591,"date":"2023-06-28T21:44:21","date_gmt":"2023-06-28T21:44:21","guid":{"rendered":"https:\/\/www.radiolimari.cl\/?p=9591"},"modified":"2023-06-28T21:44:21","modified_gmt":"2023-06-28T21:44:21","slug":"injuv-coquimbo-y-monte-patria-proyectan-trabajo-colaborativo-bajo-la-firma-de-compromiso-joven","status":"publish","type":"post","link":"https:\/\/www.radiolimari.cl\/?p=9591","title":{"rendered":"INJUV Coquimbo y Monte Patria proyectan trabajo colaborativo bajo la firma de \u201cCompromiso Joven\u201d"},"content":{"rendered":"\n<figure class=\"wp-block-image size-large is-resized\"><a href=\"https:\/\/www.radiolimari.cl\/wp-content\/uploads\/2023\/06\/WhatsApp-Image-2023-06-28-at-4.57.36-PM.jpeg\"><img fetchpriority=\"high\" decoding=\"async\" src=\"https:\/\/www.radiolimari.cl\/wp-content\/uploads\/2023\/06\/WhatsApp-Image-2023-06-28-at-4.57.36-PM-1024x768.jpeg\" alt=\"\" class=\"wp-image-9592\" width=\"396\" height=\"297\" srcset=\"https:\/\/www.radiolimari.cl\/wp-content\/uploads\/2023\/06\/WhatsApp-Image-2023-06-28-at-4.57.36-PM-1024x768.jpeg 1024w, https:\/\/www.radiolimari.cl\/wp-content\/uploads\/2023\/06\/WhatsApp-Image-2023-06-28-at-4.57.36-PM-300x225.jpeg 300w, https:\/\/www.radiolimari.cl\/wp-content\/uploads\/2023\/06\/WhatsApp-Image-2023-06-28-at-4.57.36-PM-768x576.jpeg 768w, https:\/\/www.radiolimari.cl\/wp-content\/uploads\/2023\/06\/WhatsApp-Image-2023-06-28-at-4.57.36-PM-1536x1152.jpeg 1536w, https:\/\/www.radiolimari.cl\/wp-content\/uploads\/2023\/06\/WhatsApp-Image-2023-06-28-at-4.57.36-PM.jpeg 1600w\" sizes=\"(max-width: 396px) 100vw, 396px\" \/><\/a><\/figure>\n\n\n\n<p><strong><em>El prop\u00f3sito de esta firma de convenio es que j\u00f3venes de entre 15 y 29 a\u00f1os, aumenten su nivel de participaci\u00f3n en acciones de desarrollo comunitario.<\/em><\/strong><\/p>\n\n\n\n<p>El Instituto Nacional de la Juventud y la Municipalidad de Monte Patria firmaron el convenio que dio inicio al programa \u201cCompromiso Joven\u201d, esto en el Colegio Art\u00edstico Cerro Guayaquil de la comuna limarina. La iniciativa busca aumentar los niveles de participaci\u00f3n de las juventudes en acciones de desarrollo comunitario local, a trav\u00e9s de estrategias participativas que eleven las principales necesidades de las comunidades adolescentes.<\/p>\n\n\n\n<p>La ceremonia se desarroll\u00f3 en el patio central del establecimiento, cont\u00f3 con la participaci\u00f3n de los estudiantes del colegio Cerro Guayaquil, estuvieron presentes las academias de danza, canto, orquesta y tambi\u00e9n tuvo una participaci\u00f3n especial la academia de batucadas del establecimiento.<\/p>\n\n\n\n<p>En la instancia, la directora regional de INJUV Coquimbo, Paula Pino, explic\u00f3 que <strong>\u201ccompromiso joven es un programa que tiene por objetivo aumentar la participaci\u00f3n juvenil a nivel comunal, por lo tanto, hoy en Monte Patria estamos realizando un importante convenio para desarrollar el programa a trav\u00e9s de un levantamiento diagn\u00f3stico [\u2026] para luego pasar a realizar los planes comunales en tem\u00e1ticas de juventud. Lo que queremos es conocer la opini\u00f3n actual de los j\u00f3venes y as\u00ed generar pol\u00edticas locales en tem\u00e1ticas de juventud, para luego desarrollar con la municipalidad distintas actividades que surjan de este diagn\u00f3stico\u201d.&nbsp;<\/strong><\/p>\n\n\n\n<p>Al respecto, el alcalde de Monte Patria, Cristian Herrera, destac\u00f3 la elecci\u00f3n de INJUV para ejecutar esta iniciativa, <strong>\u201cprimero destacar que una de las tres comunas que fueron seleccionadas a nivel regional para poder elaborar un plan para la juventud fue Monte Patria. Este programa de INJUV va a permitir que nosotros desarrollemos un plan maestro para la juventud, pero que no sea elaborado por personas adultas, sino que, por los mismos j\u00f3venes, que nos digan ellos cu\u00e1les son las intervenciones que tenemos que hacer, lo que nos va a permitir poder ir logrando pol\u00edticas para la juventud\u201d.<\/strong><\/p>\n\n\n\n<p>La estrategia del programa considera en la ejecuci\u00f3n a la municipalidad, pues de esta forma se espera que la intervenci\u00f3n logre estar efectivamente anclada en el territorio y generar sinergias a nivel de localidad. En la ocasi\u00f3n, el director del colegio Cerro Guayaquil, Isaac Maturana, coment\u00f3 <strong>\u201ces muy esencial ser parte de esta instancia de poder generar los espacios para apoyar a las juventudes. Para nosotros es muy relevante poder trabajar y tener estos diagn\u00f3sticos\u201d.<\/strong><\/p>\n\n\n\n<p>Por su parte, la alumna del establecimiento, Kathy Olivares, indic\u00f3 que es <strong>\u201cesencial que se realicen este tipo de proyectos, pues aclar\u00f3 que no existen muchos programas que enfocados en conocer la opini\u00f3n de los estudiantes\u201d.<\/strong><\/p>\n\n\n\n<p>Cabe destacar que las actividades de diagn\u00f3stico deber\u00e1n ser implementadas entre los meses de junio y julio, priorizando las problem\u00e1ticas que m\u00e1s afectan dentro de la comuna Monte Patria.<\/p>\n","protected":false},"excerpt":{"rendered":"<p>El prop\u00f3sito de esta firma de convenio es que j\u00f3venes de entre 15 y 29 a\u00f1os, aumenten su nivel de participaci\u00f3n en acciones de desarrollo comunitario. El Instituto Nacional de la Juventud y la Municipalidad de Monte Patria firmaron el convenio que dio inicio al programa \u201cCompromiso Joven\u201d, esto en el Colegio Art\u00edstico Cerro Guayaquil &#8230;<\/p>\n","protected":false},"author":2,"featured_media":9592,"comment_status":"open","ping_status":"open","sticky":false,"template":"","format":"standard","meta":{"footnotes":""},"categories":[5],"tags":[],"class_list":["post-9591","post","type-post","status-publish","format-standard","has-post-thumbnail","hentry","category-actualidad-limarina"],"_links":{"self":[{"href":"https:\/\/www.radiolimari.cl\/index.php?rest_route=\/wp\/v2\/posts\/9591","targetHints":{"allow":["GET"]}}],"collection":[{"href":"https:\/\/www.radiolimari.cl\/index.php?rest_route=\/wp\/v2\/posts"}],"about":[{"href":"https:\/\/www.radiolimari.cl\/index.php?rest_route=\/wp\/v2\/types\/post"}],"author":[{"embeddable":true,"href":"https:\/\/www.radiolimari.cl\/index.php?rest_route=\/wp\/v2\/users\/2"}],"replies":[{"embeddable":true,"href":"https:\/\/www.radiolimari.cl\/index.php?rest_route=%2Fwp%2Fv2%2Fcomments&post=9591"}],"version-history":[{"count":1,"href":"https:\/\/www.radiolimari.cl\/index.php?rest_route=\/wp\/v2\/posts\/9591\/revisions"}],"predecessor-version":[{"id":9593,"href":"https:\/\/www.radiolimari.cl\/index.php?rest_route=\/wp\/v2\/posts\/9591\/revisions\/9593"}],"wp:featuredmedia":[{"embeddable":true,"href":"https:\/\/www.radiolimari.cl\/index.php?rest_route=\/wp\/v2\/media\/9592"}],"wp:attachment":[{"href":"https:\/\/www.radiolimari.cl\/index.php?rest_route=%2Fwp%2Fv2%2Fmedia&parent=9591"}],"wp:term":[{"taxonomy":"category","embeddable":true,"href":"https:\/\/www.radiolimari.cl\/index.php?rest_route=%2Fwp%2Fv2%2Fcategories&post=9591"},{"taxonomy":"post_tag","embeddable":true,"href":"https:\/\/www.radiolimari.cl\/index.php?rest_route=%2Fwp%2Fv2%2Ftags&post=9591"}],"curies":[{"name":"wp","href":"https:\/\/api.w.org\/{rel}","templated":true}]}}