{"id":9588,"date":"2023-06-28T20:20:51","date_gmt":"2023-06-28T20:20:51","guid":{"rendered":"https:\/\/www.radiolimari.cl\/?p=9588"},"modified":"2023-06-28T20:20:52","modified_gmt":"2023-06-28T20:20:52","slug":"gobernadora-regional-llama-a-la-comunidad-a-la-prevencion-y-forma-comite-preventivo-de-emergencia-ante-posibles-lluvias-en-la-region","status":"publish","type":"post","link":"https:\/\/www.radiolimari.cl\/?p=9588","title":{"rendered":"Gobernadora Regional llama a la comunidad a la prevenci\u00f3n y forma Comit\u00e9 Preventivo de Emergencia ante posibles lluvias en la regi\u00f3n"},"content":{"rendered":"\n<figure class=\"wp-block-image size-large is-resized\"><a href=\"https:\/\/www.radiolimari.cl\/wp-content\/uploads\/2023\/06\/IMG-2982-1-scaled.jpg\"><img fetchpriority=\"high\" decoding=\"async\" src=\"https:\/\/www.radiolimari.cl\/wp-content\/uploads\/2023\/06\/IMG-2982-1-1024x768.jpg\" alt=\"\" class=\"wp-image-9589\" width=\"396\" height=\"297\" srcset=\"https:\/\/www.radiolimari.cl\/wp-content\/uploads\/2023\/06\/IMG-2982-1-1024x768.jpg 1024w, https:\/\/www.radiolimari.cl\/wp-content\/uploads\/2023\/06\/IMG-2982-1-300x225.jpg 300w, https:\/\/www.radiolimari.cl\/wp-content\/uploads\/2023\/06\/IMG-2982-1-768x576.jpg 768w, https:\/\/www.radiolimari.cl\/wp-content\/uploads\/2023\/06\/IMG-2982-1-1536x1152.jpg 1536w, https:\/\/www.radiolimari.cl\/wp-content\/uploads\/2023\/06\/IMG-2982-1-2048x1536.jpg 2048w\" sizes=\"(max-width: 396px) 100vw, 396px\" \/><\/a><\/figure>\n\n\n\n<p>Estar preparados y prevenir lo que m\u00e1s se pueda, es uno de los llamados que est\u00e1 realizando la Gobernadora Regional, Krist Naranjo ante posibles lluvias de gran intensidad que puedan afectar este invierno a la regi\u00f3n de Coquimbo.<\/p>\n\n\n\n<p>Los acontecimientos del sistema frontal que afect\u00f3 a la zona centro-sur del pa\u00eds gener\u00f3 que la primera autoridad regional activara y levantara un Comit\u00e9 de Emergencia interno y ejecutivo del Gobierno Regional para evaluar y generar posibles acciones ante las inminentes lluvias que afectar\u00edan a las 3 provincias de la regi\u00f3n.<\/p>\n\n\n\n<p>La Gobernadora levant\u00f3 este Comit\u00e9 Preventivo de Emergencia con sus seis jefaturas de divisi\u00f3n, encargado del departamento jur\u00eddico, encargado de medio ambiente, equipo de gabinete y jefe de comunicaciones con la finalidad de levantar una estrategia preventiva y de ayuda ante los estragos que pueda dejar el sistema frontal pronosticado a causa del fen\u00f3meno del ni\u00f1o.<\/p>\n\n\n\n<p>Este Comit\u00e9 levantar\u00e1 distintas acciones de apoyo ante emergencias que pueden ocurrir en la regi\u00f3n. Tambi\u00e9n estar\u00e1n disponibles junto a mas funcionarios para estar desplegados en las distintas comunas con el objetivo de ir con ayuda en el caso que sea necesario.<\/p>\n\n\n\n<p>La Gobernadora Naranjo, explic\u00f3, \u201c<strong>el d\u00eda de hoy pudimos conformar el COE Interno de nuestro Gobierno regional de Coquimbo en el \u00e1mbito Ejecutivo en donde pudimos precaver algunas acciones frente al cambio clim\u00e1tico que hoy d\u00eda vivimos en nuestra regi\u00f3n de Coquimbo, en el pa\u00eds y en el mundo\u201d<\/strong>. La autoridad agreg\u00f3, \u201c<strong>nos preocupa los posibles eventos ya sean de lluvias abundantes, posibles aluviones y bajadas de quebradas que puedan afectar a nuestra poblaci\u00f3n. Estamos articulando algunas acciones al respecto para estar coordinados internamente y poder hacer efectivas ayudas que se podr\u00edan necesitar por alg\u00fan evento meteorol\u00f3gico potente que pueda ocurrir\u201d<\/strong><\/p>\n\n\n\n<p>Si bien, el tema de seguridad y de emergencia no es facultad de los gobiernos regionales, porque les compete a las delegaciones presidenciales, la Gobernadora a trav\u00e9s de sus equipos y de distintos fondos con los que pueda contar el Gobierno Regional ya prepara una bater\u00eda de ayuda para la comunidad que sea pudiese ver afectada.<\/p>\n\n\n\n<p>Finalmente, la Gobernadora hizo un llamado a la prevenci\u00f3n y autocuidado, <strong>\u201cun llamado a todos nuestros alcaldes y comunidad en general a que pueda precaverse de estos eventos clim\u00e1ticos ya sea realizando limpieza en algunos sectores, sabemos que hay basura acumulada en algunas quebradas, tambi\u00e9n a nivel de vivienda&nbsp; tener las protecciones y las condiciones necesarias para cualquier evento de lluvias abundantes que tuvi\u00e9semos. No queremos que nuestra comunidad sufra consecuencias negativas, queremos que nuestra regi\u00f3n pueda sobrellevar de la mejor forma estos posibles eventos clim\u00e1ticos\u201d,<\/strong> finaliz\u00f3.<\/p>\n","protected":false},"excerpt":{"rendered":"<p>Estar preparados y prevenir lo que m\u00e1s se pueda, es uno de los llamados que est\u00e1 realizando la Gobernadora Regional, Krist Naranjo ante posibles lluvias de gran intensidad que puedan afectar este invierno a la regi\u00f3n de Coquimbo. Los acontecimientos del sistema frontal que afect\u00f3 a la zona centro-sur del pa\u00eds gener\u00f3 que la primera &#8230;<\/p>\n","protected":false},"author":2,"featured_media":9589,"comment_status":"open","ping_status":"open","sticky":false,"template":"","format":"standard","meta":{"footnotes":""},"categories":[6],"tags":[],"class_list":["post-9588","post","type-post","status-publish","format-standard","has-post-thumbnail","hentry","category-regionales"],"_links":{"self":[{"href":"https:\/\/www.radiolimari.cl\/index.php?rest_route=\/wp\/v2\/posts\/9588","targetHints":{"allow":["GET"]}}],"collection":[{"href":"https:\/\/www.radiolimari.cl\/index.php?rest_route=\/wp\/v2\/posts"}],"about":[{"href":"https:\/\/www.radiolimari.cl\/index.php?rest_route=\/wp\/v2\/types\/post"}],"author":[{"embeddable":true,"href":"https:\/\/www.radiolimari.cl\/index.php?rest_route=\/wp\/v2\/users\/2"}],"replies":[{"embeddable":true,"href":"https:\/\/www.radiolimari.cl\/index.php?rest_route=%2Fwp%2Fv2%2Fcomments&post=9588"}],"version-history":[{"count":1,"href":"https:\/\/www.radiolimari.cl\/index.php?rest_route=\/wp\/v2\/posts\/9588\/revisions"}],"predecessor-version":[{"id":9590,"href":"https:\/\/www.radiolimari.cl\/index.php?rest_route=\/wp\/v2\/posts\/9588\/revisions\/9590"}],"wp:featuredmedia":[{"embeddable":true,"href":"https:\/\/www.radiolimari.cl\/index.php?rest_route=\/wp\/v2\/media\/9589"}],"wp:attachment":[{"href":"https:\/\/www.radiolimari.cl\/index.php?rest_route=%2Fwp%2Fv2%2Fmedia&parent=9588"}],"wp:term":[{"taxonomy":"category","embeddable":true,"href":"https:\/\/www.radiolimari.cl\/index.php?rest_route=%2Fwp%2Fv2%2Fcategories&post=9588"},{"taxonomy":"post_tag","embeddable":true,"href":"https:\/\/www.radiolimari.cl\/index.php?rest_route=%2Fwp%2Fv2%2Ftags&post=9588"}],"curies":[{"name":"wp","href":"https:\/\/api.w.org\/{rel}","templated":true}]}}