{"id":9585,"date":"2023-06-28T12:32:23","date_gmt":"2023-06-28T12:32:23","guid":{"rendered":"https:\/\/www.radiolimari.cl\/?p=9585"},"modified":"2023-06-28T12:32:24","modified_gmt":"2023-06-28T12:32:24","slug":"seremis-de-energia-visitan-el-coordinador-electrico-nacional","status":"publish","type":"post","link":"https:\/\/www.radiolimari.cl\/?p=9585","title":{"rendered":"Seremis de Energ\u00eda visitan el Coordinador El\u00e9ctrico Nacional"},"content":{"rendered":"\n<figure class=\"wp-block-image size-large\"><a href=\"https:\/\/www.radiolimari.cl\/wp-content\/uploads\/2023\/06\/20230622_133751-scaled.jpg\"><img fetchpriority=\"high\" decoding=\"async\" width=\"1024\" height=\"768\" src=\"https:\/\/www.radiolimari.cl\/wp-content\/uploads\/2023\/06\/20230622_133751-1024x768.jpg\" alt=\"\" class=\"wp-image-9586\" srcset=\"https:\/\/www.radiolimari.cl\/wp-content\/uploads\/2023\/06\/20230622_133751-1024x768.jpg 1024w, https:\/\/www.radiolimari.cl\/wp-content\/uploads\/2023\/06\/20230622_133751-300x225.jpg 300w, https:\/\/www.radiolimari.cl\/wp-content\/uploads\/2023\/06\/20230622_133751-768x576.jpg 768w, https:\/\/www.radiolimari.cl\/wp-content\/uploads\/2023\/06\/20230622_133751-1536x1152.jpg 1536w, https:\/\/www.radiolimari.cl\/wp-content\/uploads\/2023\/06\/20230622_133751-2048x1536.jpg 2048w\" sizes=\"(max-width: 1024px) 100vw, 1024px\" \/><\/a><\/figure>\n\n\n\n<p>Los seremis de Energ\u00eda de la Regi\u00f3n de Coquimbo y Metropolitana, Mar\u00eda Castillo Rojas, e Iv\u00e1n Moran, respectivamente, efectuaron una visita t\u00e9cnica a las dependencias del Coordinador El\u00e9ctrico Nacional (CEN), organismo encargado de operar el Sistema El\u00e9ctrico Nacional, que va entre Arica y la isla de Chilo\u00e9, bajo los principios de tener una operaci\u00f3n, segura, a m\u00ednimo costo y de acceso abierto a los sistemas de transmisi\u00f3n.<\/p>\n\n\n\n<p>La actividad consider\u00f3 una reuni\u00f3n con Ernesto Huber, director ejecutivo del Coordinador El\u00e9ctrico Nacional, donde se abordaron diversos temas operacionales del Sistema. Luego pudieron visitar el Centro de Despacho, desde donde se coordina la operaci\u00f3n de todas las instalaciones 24\/7.<\/p>\n\n\n\n<p>La autoridad regional de Coquimbo coment\u00f3 que la visita consisti\u00f3 en conocer \u201cel centro encargado de dar seguridad al servicio el\u00e9ctrico, donde toman decisiones oportunas para que sea continuo, de calidad y seguro para todas las familias del pa\u00eds. Fue una instancia provechosa donde se vieron distintos aspectos de las centrales de generaci\u00f3n, de los sistemas de transmisi\u00f3n y de infraestructura energ\u00e9tica\u201d.<\/p>\n\n\n\n<p>La secretaria ministerial a\u00f1adi\u00f3 que \u201chicimos consultas respecto a c\u00f3mo va a operar el sistema el\u00e9ctrico en relaci\u00f3n con el anuncio del Presidente Gabriel Boric, de promover una licitaci\u00f3n en tecnolog\u00edas de almacenamiento a gran escala, lo que va a permitir que las centrales e\u00f3licas y fotovoltaicas inyecten energ\u00eda en horarios de mayor consumo, evitando el vertimiento\u201d.<\/p>\n\n\n\n<p>Ernesto Huber, director ejecutivo del Coordinador El\u00e9ctrico Nacional, valor\u00f3 la visita hecha por los seremis, ya que \u201cel Sistema El\u00e9ctrico Nacional est\u00e1 en un proceso de transici\u00f3n, donde el aporte colaborativo y comunicaci\u00f3n con las regiones del pa\u00eds es muy relevante para poder sacar adelante los desaf\u00edos que estamos viendo, los que hemos enunciado en una Hoja de Ruta para una Transici\u00f3n Energ\u00e9tica Acelerada\u201d.<\/p>\n\n\n\n<p>El Coordinador El\u00e9ctrico es una corporaci\u00f3n aut\u00f3noma de derecho p\u00fablico, sin fines de lucro, con patrimonio propio y de duraci\u00f3n indefinida. La organizaci\u00f3n, composici\u00f3n, funciones y atribuciones se rigen seg\u00fan lo establecido en la Ley N\u00b0 20.936 y su Reglamento.<\/p>\n\n\n\n<p><\/p>\n","protected":false},"excerpt":{"rendered":"<p>Los seremis de Energ\u00eda de la Regi\u00f3n de Coquimbo y Metropolitana, Mar\u00eda Castillo Rojas, e Iv\u00e1n Moran, respectivamente, efectuaron una visita t\u00e9cnica a las dependencias del Coordinador El\u00e9ctrico Nacional (CEN), organismo encargado de operar el Sistema El\u00e9ctrico Nacional, que va entre Arica y la isla de Chilo\u00e9, bajo los principios de tener una operaci\u00f3n, segura, &#8230;<\/p>\n","protected":false},"author":2,"featured_media":9586,"comment_status":"open","ping_status":"open","sticky":false,"template":"","format":"standard","meta":{"footnotes":""},"categories":[3],"tags":[],"class_list":["post-9585","post","type-post","status-publish","format-standard","has-post-thumbnail","hentry","category-actualidad"],"_links":{"self":[{"href":"https:\/\/www.radiolimari.cl\/index.php?rest_route=\/wp\/v2\/posts\/9585","targetHints":{"allow":["GET"]}}],"collection":[{"href":"https:\/\/www.radiolimari.cl\/index.php?rest_route=\/wp\/v2\/posts"}],"about":[{"href":"https:\/\/www.radiolimari.cl\/index.php?rest_route=\/wp\/v2\/types\/post"}],"author":[{"embeddable":true,"href":"https:\/\/www.radiolimari.cl\/index.php?rest_route=\/wp\/v2\/users\/2"}],"replies":[{"embeddable":true,"href":"https:\/\/www.radiolimari.cl\/index.php?rest_route=%2Fwp%2Fv2%2Fcomments&post=9585"}],"version-history":[{"count":1,"href":"https:\/\/www.radiolimari.cl\/index.php?rest_route=\/wp\/v2\/posts\/9585\/revisions"}],"predecessor-version":[{"id":9587,"href":"https:\/\/www.radiolimari.cl\/index.php?rest_route=\/wp\/v2\/posts\/9585\/revisions\/9587"}],"wp:featuredmedia":[{"embeddable":true,"href":"https:\/\/www.radiolimari.cl\/index.php?rest_route=\/wp\/v2\/media\/9586"}],"wp:attachment":[{"href":"https:\/\/www.radiolimari.cl\/index.php?rest_route=%2Fwp%2Fv2%2Fmedia&parent=9585"}],"wp:term":[{"taxonomy":"category","embeddable":true,"href":"https:\/\/www.radiolimari.cl\/index.php?rest_route=%2Fwp%2Fv2%2Fcategories&post=9585"},{"taxonomy":"post_tag","embeddable":true,"href":"https:\/\/www.radiolimari.cl\/index.php?rest_route=%2Fwp%2Fv2%2Ftags&post=9585"}],"curies":[{"name":"wp","href":"https:\/\/api.w.org\/{rel}","templated":true}]}}