{"id":9582,"date":"2023-06-27T19:22:21","date_gmt":"2023-06-27T19:22:21","guid":{"rendered":"https:\/\/www.radiolimari.cl\/?p=9582"},"modified":"2023-06-27T19:22:21","modified_gmt":"2023-06-27T19:22:21","slug":"las-frutillas-de-elena-guerrero-verdaderos-diamantes-rojos-producidos-en-la-comuna-de-rio-hurtado","status":"publish","type":"post","link":"https:\/\/www.radiolimari.cl\/?p=9582","title":{"rendered":"Las frutillas de Elena Guerrero:\u00a0 Verdaderos diamantes rojos producidos en la comuna de R\u00edo Hurtado"},"content":{"rendered":"\n<figure class=\"wp-block-image size-large\"><a href=\"https:\/\/www.radiolimari.cl\/wp-content\/uploads\/2023\/06\/Elena-Guerrero-de-Rio-Hurtado-produce-frutillas-de-variedad-albion-que-son-unos-verdaderos-diamantes-rojos-02.jpg\"><img fetchpriority=\"high\" decoding=\"async\" width=\"1024\" height=\"768\" src=\"https:\/\/www.radiolimari.cl\/wp-content\/uploads\/2023\/06\/Elena-Guerrero-de-Rio-Hurtado-produce-frutillas-de-variedad-albion-que-son-unos-verdaderos-diamantes-rojos-02-1024x768.jpg\" alt=\"\" class=\"wp-image-9583\" srcset=\"https:\/\/www.radiolimari.cl\/wp-content\/uploads\/2023\/06\/Elena-Guerrero-de-Rio-Hurtado-produce-frutillas-de-variedad-albion-que-son-unos-verdaderos-diamantes-rojos-02-1024x768.jpg 1024w, https:\/\/www.radiolimari.cl\/wp-content\/uploads\/2023\/06\/Elena-Guerrero-de-Rio-Hurtado-produce-frutillas-de-variedad-albion-que-son-unos-verdaderos-diamantes-rojos-02-300x225.jpg 300w, https:\/\/www.radiolimari.cl\/wp-content\/uploads\/2023\/06\/Elena-Guerrero-de-Rio-Hurtado-produce-frutillas-de-variedad-albion-que-son-unos-verdaderos-diamantes-rojos-02-768x576.jpg 768w, https:\/\/www.radiolimari.cl\/wp-content\/uploads\/2023\/06\/Elena-Guerrero-de-Rio-Hurtado-produce-frutillas-de-variedad-albion-que-son-unos-verdaderos-diamantes-rojos-02-1536x1152.jpg 1536w, https:\/\/www.radiolimari.cl\/wp-content\/uploads\/2023\/06\/Elena-Guerrero-de-Rio-Hurtado-produce-frutillas-de-variedad-albion-que-son-unos-verdaderos-diamantes-rojos-02.jpg 1600w\" sizes=\"(max-width: 1024px) 100vw, 1024px\" \/><\/a><\/figure>\n\n\n\n<p><em>Posee la variedad albi\u00f3n, la que destaca por su buen sabor e intenso colorido.<\/em><\/p>\n\n\n\n<p>El sol brilla en todo su esplendor. Esa es la imagen habitual que ve Elena Guerrero cuando pasea por su predio ubicado en el sector El Espinal de la comuna de R\u00edo Hurtado.<\/p>\n\n\n\n<p>Seg\u00fan cuenta es a ra\u00edz de dicha energ\u00eda que emana el astro rey que sus cultivos de frutillas se diferencian de otras producciones. \u201cHe llegado a esa conclusi\u00f3n, porque de verdad son distintas a las de Ovalle o Monte Patria, seg\u00fan lo que nos han comentado. Lo otro es que son 100% naturales, no se manejan qu\u00edmicos. Yo tengo lombrices californianas que me producen el humus, un abono org\u00e1nico para mis frutas\u201d.<\/p>\n\n\n\n<p>En total la usuaria del Instituto de Desarrollo Agropecuario (INDAP) posee 3.000 matas de variedad albi\u00f3n, la que destaca por su buen sabor e intenso tono rojo carmes\u00ed. Adem\u00e1s, es una especie con mayor resistencia a plagas y enfermedades.<\/p>\n\n\n\n<p>Actualmente, Elena trabaja junto a su pareja e hijas, y como familia han logrado encontrar el impulso para fortalecer su emprendimiento. Ellos venden las frutillas frescas, congeladas o en mermeladas \u201cy para ocasiones especiales y por encargo, una de mis hijas ha sabido dar valor agregado a lo que hacemos y ella comercializa la fruta ba\u00f1ada en chocolate, con man\u00ed o caramelo. Todo lo que ella hace lo pueden ver en la cuenta de Instagram Khuyay Frut\u201d, recalca.<\/p>\n\n\n\n<p>La Directora Regional (S) de INDAP, Tonya Romero, recuerda la visita que le hizo recientemente a Elena \u201ccon el fin de conocer en terreno c\u00f3mo desarrolla su trabajo, y realmente fue muy grato ver la felicidad en sus ojos y escuchar su historia como tambi\u00e9n lo que ha significado el INDAP para ella. Nos cont\u00f3 que la instituci\u00f3n fue un pilar fundamental para comenzar con la producci\u00f3n de frutillas, porque le otorgamos los recursos para concretar dicho sue\u00f1o, y en la actualidad es la principal fuente de ingresos de su hogar. Como INDAP seguiremos destacando historias del Mundo Rural, porque nos enorgullece todo el empe\u00f1o que ponen a lo que hacen y la utilidad de nuestras herramientas en el crecimiento de sus unidades productivas\u201d.<\/p>\n\n\n\n<p>Junto a lo indicado por la m\u00e1xima autoridad regional del servicio del agro, la emprendedora ha recibido de parte de la instituci\u00f3n un estanque acumulador de agua para riego, recursos del Fondo de Operaci\u00f3n Anual (FOA), entre otros. \u201cTodo lo que tengo de parte de INDAP ha sido muy importante para m\u00ed\u201d, dice.<\/p>\n\n\n\n<p>El Seremi de Agricultura, Christian \u00c1lvarez, indica que \u201cla se\u00f1ora Elena nos llena de orgullo. Este es su segundo a\u00f1o con producci\u00f3n de frutillas albi\u00f3n y hemos visto c\u00f3mo ha crecido enormemente, porque seg\u00fan nos cuenta le ha puesto harto cari\u00f1o y pasi\u00f3n a su trabajo y eso se nota. Por supuesto destacamos el apoyo que ha tenido de parte de su familia. Lo hemos dicho en reiteradas ocasiones, y es porque realmente lo sentimos y queremos que sea as\u00ed: Vamos a estar junto a la Agricultura Familiar Campesina e Ind\u00edgena firmemente en toda nuestra administraci\u00f3n, porque estamos convencidos de su potencial y del gran aporte que entregan al pa\u00eds, principalmente en la seguridad y soberan\u00eda alimentaria y nutricional\u201d.<\/p>\n\n\n\n<p>Elena recuerda su infancia en R\u00edo Hurtado, la tierra que la vio crecer tanto f\u00edsica como productivamente, y la cual ella dice que ama y respeta. En la zona es reconocida por sus frutillas \u201cy no solo aqu\u00ed; me llama gente de distintos lugares y debo reconocer que siempre me falta fruta, porque se venden r\u00e1pido. Es que mi variedad se hace notar, ellas son dulces, grandes y duran mucho\u201d, manifiesta con tono de satisfacci\u00f3n.<\/p>\n\n\n\n<p>Quienes deseen conocer m\u00e1s del trabajo de Elena Guerrero o adquirir algunos de sus productos, lo pueden hacer contact\u00e1ndose con ella al n\u00famero celular +56 9 8849 5705.<\/p>\n","protected":false},"excerpt":{"rendered":"<p>Posee la variedad albi\u00f3n, la que destaca por su buen sabor e intenso colorido. El sol brilla en todo su esplendor. Esa es la imagen habitual que ve Elena Guerrero cuando pasea por su predio ubicado en el sector El Espinal de la comuna de R\u00edo Hurtado. Seg\u00fan cuenta es a ra\u00edz de dicha energ\u00eda &#8230;<\/p>\n","protected":false},"author":2,"featured_media":9583,"comment_status":"open","ping_status":"open","sticky":false,"template":"","format":"standard","meta":{"footnotes":""},"categories":[5],"tags":[],"class_list":["post-9582","post","type-post","status-publish","format-standard","has-post-thumbnail","hentry","category-actualidad-limarina"],"_links":{"self":[{"href":"https:\/\/www.radiolimari.cl\/index.php?rest_route=\/wp\/v2\/posts\/9582","targetHints":{"allow":["GET"]}}],"collection":[{"href":"https:\/\/www.radiolimari.cl\/index.php?rest_route=\/wp\/v2\/posts"}],"about":[{"href":"https:\/\/www.radiolimari.cl\/index.php?rest_route=\/wp\/v2\/types\/post"}],"author":[{"embeddable":true,"href":"https:\/\/www.radiolimari.cl\/index.php?rest_route=\/wp\/v2\/users\/2"}],"replies":[{"embeddable":true,"href":"https:\/\/www.radiolimari.cl\/index.php?rest_route=%2Fwp%2Fv2%2Fcomments&post=9582"}],"version-history":[{"count":1,"href":"https:\/\/www.radiolimari.cl\/index.php?rest_route=\/wp\/v2\/posts\/9582\/revisions"}],"predecessor-version":[{"id":9584,"href":"https:\/\/www.radiolimari.cl\/index.php?rest_route=\/wp\/v2\/posts\/9582\/revisions\/9584"}],"wp:featuredmedia":[{"embeddable":true,"href":"https:\/\/www.radiolimari.cl\/index.php?rest_route=\/wp\/v2\/media\/9583"}],"wp:attachment":[{"href":"https:\/\/www.radiolimari.cl\/index.php?rest_route=%2Fwp%2Fv2%2Fmedia&parent=9582"}],"wp:term":[{"taxonomy":"category","embeddable":true,"href":"https:\/\/www.radiolimari.cl\/index.php?rest_route=%2Fwp%2Fv2%2Fcategories&post=9582"},{"taxonomy":"post_tag","embeddable":true,"href":"https:\/\/www.radiolimari.cl\/index.php?rest_route=%2Fwp%2Fv2%2Ftags&post=9582"}],"curies":[{"name":"wp","href":"https:\/\/api.w.org\/{rel}","templated":true}]}}