{"id":9579,"date":"2023-06-27T19:04:36","date_gmt":"2023-06-27T19:04:36","guid":{"rendered":"https:\/\/www.radiolimari.cl\/?p=9579"},"modified":"2023-06-27T19:04:36","modified_gmt":"2023-06-27T19:04:36","slug":"ceaza-informa-que-hasta-54-cm-de-nieve-precipitaron-en-la-cordillera-de-la-region-de-coquimbo","status":"publish","type":"post","link":"https:\/\/www.radiolimari.cl\/?p=9579","title":{"rendered":"Ceaza informa que hasta 54 cm de nieve precipitaron en la cordillera de la Regi\u00f3n de Coquimbo"},"content":{"rendered":"\n<figure class=\"wp-block-image size-full\"><a href=\"https:\/\/www.radiolimari.cl\/wp-content\/uploads\/2023\/06\/25-06-2023-10.40-am-580x290-1.png\"><img fetchpriority=\"high\" decoding=\"async\" width=\"580\" height=\"290\" src=\"https:\/\/www.radiolimari.cl\/wp-content\/uploads\/2023\/06\/25-06-2023-10.40-am-580x290-1.png\" alt=\"\" class=\"wp-image-9580\" srcset=\"https:\/\/www.radiolimari.cl\/wp-content\/uploads\/2023\/06\/25-06-2023-10.40-am-580x290-1.png 580w, https:\/\/www.radiolimari.cl\/wp-content\/uploads\/2023\/06\/25-06-2023-10.40-am-580x290-1-300x150.png 300w\" sizes=\"(max-width: 580px) 100vw, 580px\" \/><\/a><\/figure>\n\n\n\n<p><strong>Se registraron montos de precipitaci\u00f3n de nieve en cordillera, mientras que en la provincia del Choapa precipit\u00f3 en forma l\u00edquida entre 1 mm y 5 mm. Para los pr\u00f3ximos 7 d\u00edas se observa la llegada de sistemas frontales en Chile, pero no alcanzar\u00e1n a llegar a la Regi\u00f3n de Coquimbo.<\/strong><\/p>\n\n\n\n<p>De acuerdo al \u00e1rea meteorol\u00f3gica del Centro Cient\u00edfico CEAZA, durante el evento de precipitaci\u00f3n ocurrido entre el 21 y el 23 de junio de 2023 se registraron&nbsp; 54 cm en la provincia del Elqui&nbsp; (estaci\u00f3n meteorol\u00f3gica El Tapado), 23.3 cm en&nbsp; la provincia del Limar\u00ed (estaci\u00f3n Tascadero) y 23.2 cm en&nbsp;<em>la provincia del Choapa&nbsp; (estaci\u00f3n Casa del Encanto).<\/em><\/p>\n\n\n\n<p>Asimismo, se registraron escasas precipitaciones, llegando hasta 5 mm en el Choapa.Seg\u00fan el detalle que entregan desde el CEAZA, las localidades que registraron precipitaciones son: Canela (2.2 mm), Huintil (3 mm), Huentelauqu\u00e9n (1 mm), Mincha Sur (2.4 mm), Illapel (2.4 mm), Salamanca (5.3 mm), Los Vilos (2.9 mm), Tilama (3.5 mm) y Quilimar\u00ed (5.5 mm).<\/p>\n\n\n\n<p>De acuerdo a Tom\u00e1s Caballero, meteor\u00f3logo del CEAZA \u201cpara los pr\u00f3ximos 7 d\u00edas se ve la llegada de un sistema frontal pero m\u00e1s al sur, por lo que no alzar\u00e1n la Regi\u00f3n de Coquimbo. Si existe alg\u00fan cambio en este pron\u00f3stico, estaremos informando desde CEAZA\u201d.<\/p>\n\n\n\n<p>Estas \u00faltimas precipitaciones plantean la interrogante sobre el pron\u00f3stico para este invierno. De acuerdo al Bolet\u00edn Clim\u00e1tico del CEAZA correspondiente al mes de junio se espera que para el trimestre junio agosto, las precipitaciones se encuentren dentro del rango normal.<\/p>\n\n\n\n<p>\u201cLas condiciones atmosf\u00e9ricas y oceanogr\u00e1ficas en la zona del Oc\u00e9ano Pac\u00edfico ecuatorial han dado origen a un nuevo evento El Ni\u00f1o, el cual comenz\u00f3 con intensidad leve, pero se intensificar\u00eda hasta llegar a su peak en verano. Sumado a la esperada persistencia de anomal\u00edas positivas de temperatura superficial del mar en la zona de la \u201cMancha C\u00e1lida\u201d, lo anterior implica que el trimestre junio \u2013 agosto debiera tener una precipitaci\u00f3n dentro del rango normal para la \u00e9poca del a\u00f1o en la Regi\u00f3n de Coquimbo, tal como lo sugiere el consenso entre los modelos globales\u201d, indica el reporte.<\/p>\n\n\n\n<p>Con respecto a la temperatura promedio para este invierno \u00b423, desde el CEAZA plantean que lo m\u00e1s probable es que \u00e9sta se encuentre por sobre el rango normal en toda la regi\u00f3n de Coquimbo, con una probabilidad de ocurrencia mayor a 60%. El Bolet\u00ecn Clim\u00e1tico se\u00f1ala que \u201ctal pron\u00f3stico de temperatura sugiere que este invierno tendr\u00eda, en promedio, mayores temperaturas respecto a inviernos anteriores ocurridos bajo condici\u00f3n La Ni\u00f1a. No obstante, ya est\u00e1 en desarrollo la temporada fr\u00eda en la zona central por lo que se sugiere estar atento a los pron\u00f3sticos y a la eventual emisi\u00f3n de alertas meteorol\u00f3gicas\u201d.<\/p>\n\n\n\n<p><\/p>\n","protected":false},"excerpt":{"rendered":"<p>Se registraron montos de precipitaci\u00f3n de nieve en cordillera, mientras que en la provincia del Choapa precipit\u00f3 en forma l\u00edquida entre 1 mm y 5 mm. Para los pr\u00f3ximos 7 d\u00edas se observa la llegada de sistemas frontales en Chile, pero no alcanzar\u00e1n a llegar a la Regi\u00f3n de Coquimbo. De acuerdo al \u00e1rea meteorol\u00f3gica &#8230;<\/p>\n","protected":false},"author":2,"featured_media":9580,"comment_status":"open","ping_status":"open","sticky":false,"template":"","format":"standard","meta":{"footnotes":""},"categories":[3],"tags":[],"class_list":["post-9579","post","type-post","status-publish","format-standard","has-post-thumbnail","hentry","category-actualidad"],"_links":{"self":[{"href":"https:\/\/www.radiolimari.cl\/index.php?rest_route=\/wp\/v2\/posts\/9579","targetHints":{"allow":["GET"]}}],"collection":[{"href":"https:\/\/www.radiolimari.cl\/index.php?rest_route=\/wp\/v2\/posts"}],"about":[{"href":"https:\/\/www.radiolimari.cl\/index.php?rest_route=\/wp\/v2\/types\/post"}],"author":[{"embeddable":true,"href":"https:\/\/www.radiolimari.cl\/index.php?rest_route=\/wp\/v2\/users\/2"}],"replies":[{"embeddable":true,"href":"https:\/\/www.radiolimari.cl\/index.php?rest_route=%2Fwp%2Fv2%2Fcomments&post=9579"}],"version-history":[{"count":1,"href":"https:\/\/www.radiolimari.cl\/index.php?rest_route=\/wp\/v2\/posts\/9579\/revisions"}],"predecessor-version":[{"id":9581,"href":"https:\/\/www.radiolimari.cl\/index.php?rest_route=\/wp\/v2\/posts\/9579\/revisions\/9581"}],"wp:featuredmedia":[{"embeddable":true,"href":"https:\/\/www.radiolimari.cl\/index.php?rest_route=\/wp\/v2\/media\/9580"}],"wp:attachment":[{"href":"https:\/\/www.radiolimari.cl\/index.php?rest_route=%2Fwp%2Fv2%2Fmedia&parent=9579"}],"wp:term":[{"taxonomy":"category","embeddable":true,"href":"https:\/\/www.radiolimari.cl\/index.php?rest_route=%2Fwp%2Fv2%2Fcategories&post=9579"},{"taxonomy":"post_tag","embeddable":true,"href":"https:\/\/www.radiolimari.cl\/index.php?rest_route=%2Fwp%2Fv2%2Ftags&post=9579"}],"curies":[{"name":"wp","href":"https:\/\/api.w.org\/{rel}","templated":true}]}}