{"id":9569,"date":"2023-06-27T17:40:57","date_gmt":"2023-06-27T17:40:57","guid":{"rendered":"https:\/\/www.radiolimari.cl\/?p=9569"},"modified":"2023-06-27T17:40:58","modified_gmt":"2023-06-27T17:40:58","slug":"en-la-localidad-de-punilla-los-vecinos-buscan-concretar-segunda-etapa-de-proyecto-de-electrificacion-rural","status":"publish","type":"post","link":"https:\/\/www.radiolimari.cl\/?p=9569","title":{"rendered":"En la localidad de Punilla los vecinos buscan concretar segunda etapa de proyecto de electrificaci\u00f3n rural"},"content":{"rendered":"\n<figure class=\"wp-block-image size-large\"><a href=\"https:\/\/www.radiolimari.cl\/wp-content\/uploads\/2023\/06\/Proyectos-de-electrificacion-Punilla-1-scaled.jpg\"><img fetchpriority=\"high\" decoding=\"async\" width=\"1024\" height=\"683\" src=\"https:\/\/www.radiolimari.cl\/wp-content\/uploads\/2023\/06\/Proyectos-de-electrificacion-Punilla-1-1024x683.jpg\" alt=\"\" class=\"wp-image-9570\" srcset=\"https:\/\/www.radiolimari.cl\/wp-content\/uploads\/2023\/06\/Proyectos-de-electrificacion-Punilla-1-1024x683.jpg 1024w, https:\/\/www.radiolimari.cl\/wp-content\/uploads\/2023\/06\/Proyectos-de-electrificacion-Punilla-1-300x200.jpg 300w, https:\/\/www.radiolimari.cl\/wp-content\/uploads\/2023\/06\/Proyectos-de-electrificacion-Punilla-1-768x512.jpg 768w, https:\/\/www.radiolimari.cl\/wp-content\/uploads\/2023\/06\/Proyectos-de-electrificacion-Punilla-1-1536x1024.jpg 1536w, https:\/\/www.radiolimari.cl\/wp-content\/uploads\/2023\/06\/Proyectos-de-electrificacion-Punilla-1-2048x1365.jpg 2048w\" sizes=\"(max-width: 1024px) 100vw, 1024px\" \/><\/a><\/figure>\n\n\n\n<p><strong><em>Esta fue una de las principales solicitudes que realizaron los residentes de Buenos Aires, Valdivia y Lorenzo Peralta de Punilla tras reunirse con el alcalde de Ovalle, Jonathan Acu\u00f1a Rojas<\/em><\/strong>.<\/p>\n\n\n\n<p>Diversas solicitudes realizaron los residentes de Lorenzo Peralta, Valdivia y Buenos Aires de Punilla, quienes se reunieron con el alcalde de Ovalle, Jonathan Acu\u00f1a Rojas, con el fin de plantearle las principales necesidades de sus localidades, que apuntan, principalmente, a concretar la segunda etapa de su proyecto de electrificaci\u00f3n.<\/p>\n\n\n\n<p>El municipio de Ovalle, a trav\u00e9s de la Secretar\u00eda de Planificaci\u00f3n Comunal (SECPLAN), est\u00e1 trabajando en la concreci\u00f3n de 8 proyectos de electrificaci\u00f3n rural, listado en el que est\u00e1 incluida una iniciativa que favorecer\u00e1 a las familias de Lorenzo Peralta, Valdivia y Buenos Aires de Punilla, quienes han luchado por m\u00e1s de 20 a\u00f1os, para contar con este servicio b\u00e1sico. En la actualidad, los profesionales de SECPLAN est\u00e1n resolviendo algunas observaciones, para, posteriormente, recibir la Recomendaci\u00f3n Satisfactoria (RS) del ministerio de Desarrollo Social y ser parte de las iniciativas aptas para ser financiadas por el Gobierno Regional.&nbsp;<\/p>\n\n\n\n<p>\u201cNosotros estamos luchando desde el a\u00f1o 2000, para lograr cumplir con esta necesidad b\u00e1sica. Esperamos que el municipio nos siga apoyando, para en el corto plazo contar con electrificaci\u00f3n\u201d indic\u00f3 el presidente de la junta de vecinos de Buenos Aires de Punilla, Luis Araya Casanga. Por su parte, el presidente de la comunidad de Lorenzo Peralta de Punilla, Israel Vega sostuvo que la necesidad principal es la electrificaci\u00f3n, \u201cporque somos peque\u00f1os agricultores y debemos gastar mucho dinero en petr\u00f3leo, para contar con este tipo de energ\u00eda.&nbsp; Lo que estamos solicitando ahora es que se d\u00e9 curso a la segunda etapa del proyecto de electrificaci\u00f3n, que favorecer\u00e1 a las comunidades de Lorenzo Peralta, Buenos Aires y Valdivia de Punilla\u201d.<\/p>\n\n\n\n<p>Al respecto, el alcalde de Ovalle, Jonathan Acu\u00f1a Rojas se\u00f1al\u00f3 que la electrificaci\u00f3n es sumamente importante y \u201csabemos que hay proyectos que se arrastran por m\u00e1s de 20 a\u00f1os. Actualmente, estamos realizando desde la Secretar\u00eda de Planificaci\u00f3n Comunal un trabajo detallado de 8 proyectos de electrificaci\u00f3n que queremos darle prioridad y cinco m\u00e1s que se encuentran a la espera, para poder ir avanzando en esta materia, porque es un servicio b\u00e1sico\u201d. La autoridad comunal agreg\u00f3 que existe una problem\u00e1tica que ha demorado el avance de estas iniciativas que dicen relaci\u00f3n con \u201cqui\u00e9n se hace responsable del proceso de mantenci\u00f3n de los sistemas y su costo de operaci\u00f3n, porque hace un tiempo eran resorte de la empresa el\u00e9ctrica CGE y ahora ellos quieren exigir esta situaci\u00f3n para que se responsabilicen las municipalidades, lo que ha generado que los proyectos queden de alguna forma estancados\u201d.<\/p>\n","protected":false},"excerpt":{"rendered":"<p>Esta fue una de las principales solicitudes que realizaron los residentes de Buenos Aires, Valdivia y Lorenzo Peralta de Punilla tras reunirse con el alcalde de Ovalle, Jonathan Acu\u00f1a Rojas. Diversas solicitudes realizaron los residentes de Lorenzo Peralta, Valdivia y Buenos Aires de Punilla, quienes se reunieron con el alcalde de Ovalle, Jonathan Acu\u00f1a Rojas, &#8230;<\/p>\n","protected":false},"author":2,"featured_media":9570,"comment_status":"open","ping_status":"open","sticky":false,"template":"","format":"standard","meta":{"footnotes":""},"categories":[5],"tags":[],"class_list":["post-9569","post","type-post","status-publish","format-standard","has-post-thumbnail","hentry","category-actualidad-limarina"],"_links":{"self":[{"href":"https:\/\/www.radiolimari.cl\/index.php?rest_route=\/wp\/v2\/posts\/9569","targetHints":{"allow":["GET"]}}],"collection":[{"href":"https:\/\/www.radiolimari.cl\/index.php?rest_route=\/wp\/v2\/posts"}],"about":[{"href":"https:\/\/www.radiolimari.cl\/index.php?rest_route=\/wp\/v2\/types\/post"}],"author":[{"embeddable":true,"href":"https:\/\/www.radiolimari.cl\/index.php?rest_route=\/wp\/v2\/users\/2"}],"replies":[{"embeddable":true,"href":"https:\/\/www.radiolimari.cl\/index.php?rest_route=%2Fwp%2Fv2%2Fcomments&post=9569"}],"version-history":[{"count":1,"href":"https:\/\/www.radiolimari.cl\/index.php?rest_route=\/wp\/v2\/posts\/9569\/revisions"}],"predecessor-version":[{"id":9571,"href":"https:\/\/www.radiolimari.cl\/index.php?rest_route=\/wp\/v2\/posts\/9569\/revisions\/9571"}],"wp:featuredmedia":[{"embeddable":true,"href":"https:\/\/www.radiolimari.cl\/index.php?rest_route=\/wp\/v2\/media\/9570"}],"wp:attachment":[{"href":"https:\/\/www.radiolimari.cl\/index.php?rest_route=%2Fwp%2Fv2%2Fmedia&parent=9569"}],"wp:term":[{"taxonomy":"category","embeddable":true,"href":"https:\/\/www.radiolimari.cl\/index.php?rest_route=%2Fwp%2Fv2%2Fcategories&post=9569"},{"taxonomy":"post_tag","embeddable":true,"href":"https:\/\/www.radiolimari.cl\/index.php?rest_route=%2Fwp%2Fv2%2Ftags&post=9569"}],"curies":[{"name":"wp","href":"https:\/\/api.w.org\/{rel}","templated":true}]}}