{"id":9563,"date":"2023-06-23T01:51:57","date_gmt":"2023-06-23T01:51:57","guid":{"rendered":"https:\/\/www.radiolimari.cl\/?p=9563"},"modified":"2023-06-23T01:51:57","modified_gmt":"2023-06-23T01:51:57","slug":"en-la-provincia-de-limari-se-refuerzan-las-medidas-preventivas-contra-virus-respiratorios","status":"publish","type":"post","link":"https:\/\/www.radiolimari.cl\/?p=9563","title":{"rendered":"En la Provincia de Limar\u00ed se refuerzan las medidas preventivas contra virus respiratorios."},"content":{"rendered":"\n<figure class=\"wp-block-image size-large is-resized\"><a href=\"https:\/\/www.radiolimari.cl\/wp-content\/uploads\/2023\/06\/VISITA-AL-HOSPITAL-DE-OVALLE-2.jpeg\"><img fetchpriority=\"high\" decoding=\"async\" src=\"https:\/\/www.radiolimari.cl\/wp-content\/uploads\/2023\/06\/VISITA-AL-HOSPITAL-DE-OVALLE-2-1024x723.jpeg\" alt=\"\" class=\"wp-image-9564\" width=\"396\" height=\"279\" srcset=\"https:\/\/www.radiolimari.cl\/wp-content\/uploads\/2023\/06\/VISITA-AL-HOSPITAL-DE-OVALLE-2-1024x723.jpeg 1024w, https:\/\/www.radiolimari.cl\/wp-content\/uploads\/2023\/06\/VISITA-AL-HOSPITAL-DE-OVALLE-2-300x212.jpeg 300w, https:\/\/www.radiolimari.cl\/wp-content\/uploads\/2023\/06\/VISITA-AL-HOSPITAL-DE-OVALLE-2-768x542.jpeg 768w, https:\/\/www.radiolimari.cl\/wp-content\/uploads\/2023\/06\/VISITA-AL-HOSPITAL-DE-OVALLE-2-1536x1084.jpeg 1536w, https:\/\/www.radiolimari.cl\/wp-content\/uploads\/2023\/06\/VISITA-AL-HOSPITAL-DE-OVALLE-2.jpeg 1600w\" sizes=\"(max-width: 396px) 100vw, 396px\" \/><\/a><\/figure>\n\n\n\n<p><strong><em>Las medidas adoptadas buscan enfrentar de la mejor manera el aumento de circulaci\u00f3n de virus respiratorios, pero tambi\u00e9n el llamado es a la ciudadan\u00eda a vacunarse y tomar medidas preventivas.<\/em><\/strong><\/p>\n\n\n\n<p>A nivel nacional existe un aumento de circulaci\u00f3n de virus respiratorios durante la temporada de invierno, especialmente el Virus Respiratorio Sincicial (VRS), una realidad de la que la provincia de Limar\u00ed no est\u00e1 exenta y que requiere de la prevenci\u00f3n de la ciudadan\u00eda, as\u00ed como el trabajo integral de las instituciones.<\/p>\n\n\n\n<p>Es por ello que el Delegado Presidencial Provincial de Limar\u00ed, Galo Luna Penna, junto al director del Hospital Provincial de Ovalle Leopoldo Oyaneder, realizaron un recorrido por el principal recinto hospitalario de la provincia para constatar y conocer el trabajo de reforzamiento del recinto de cara al temporada invernal y el aumento de la demanda de atenci\u00f3n por parte de los usuarios.<\/p>\n\n\n\n<p>\u201cEn las \u00faltimas semanas trabajamos en la&nbsp; reconversi\u00f3n de&nbsp; camas, aumentando de veintiuna a treintaiuna las camas pedi\u00e1tricas medias, las camas de UTI neo pedi\u00e1tricas tambi\u00e9n subimos de seis a doce. Hemos tomado varias medidas en el servicio de urgencias, algunas de ellas las hemos logrado implementar y otras se implementar\u00e1n en los pr\u00f3ximos d\u00edas. Contamos con un refuerzo de personal en enfermer\u00eda y t\u00e9cnicos m\u00e9dicos, estamos habilitando cuatro box adicionales y estamos trabajando en la instalaci\u00f3n de una carpa calefaccionada fuera del servicio de urgencias para poder recibir a m\u00e1s acompa\u00f1antes y familiares de pacientes\u201d, se\u00f1al\u00f3 el director del Hospital Provincial de Ovalle Leopoldo Oyaneder<\/p>\n\n\n\n<p>El Gobierno a trav\u00e9s de sus delegados presidenciales y SEREMIS se encuentran desplegados en los territorios difundiendo esta informaci\u00f3n y llamando a la comunidad a sumarse al trabajo preventivo.<\/p>\n\n\n\n<p>En este sentido, el Delegado Presidencial provincial de Limar\u00ed, Galo Luna Penna indic\u00f3 que \u201cestuvimos visitando el Hospital Provincial de Ovalle y tambi\u00e9n sosteniendo reuniones de trabajo con el director del recinto y sus funcionarios con quienes constatamos como el Hospital est\u00e1 preparado. Pudieron reconvertir camas, lo hicieron en tiempo record y de manera muy bien coordinada. Queremos transmitir a la ciudadan\u00eda confianza en que los equipos m\u00e9dicos est\u00e1n preparados para enfrentar este periodo complejo que estamos viviendo. Asimismo, llamamos a la ciudadan\u00eda a reforzar las medidas de prevenci\u00f3n, aumentar la vacunaci\u00f3n contra la influenza y seguir manteniendo los cuidados ya conocidos como el uso de mascarillas en los colegios, el lavado de manos frecuentes, uso de mascarilla y evitar lugares cerrados con aglomeraci\u00f3n de personas\u201d.<\/p>\n\n\n\n<p>Una de las principales estrategias de prevenci\u00f3n de enfermedades respiratorias es la vacunaci\u00f3n, ya que con esto se previene la saturaci\u00f3n de la red asistencial. Son m\u00e1s de 70 puntos en la regi\u00f3n, as\u00ed como trabajo en terreno para lograr inocular al grupo objetivo de la inmunizaci\u00f3n contra la Influenza es decir, personas mayores de 65 a\u00f1os, ni\u00f1os y ni\u00f1as desde los 6 meses de edad y hasta los 10 a\u00f1os, como tambi\u00e9n mujeres embarazadas.<\/p>\n\n\n\n<p>En este sentido, de acuerdo a informaci\u00f3n generada desde la SEREMI&nbsp; de Salud, en la provincia de Limar\u00ed, los porcentajes de vacunaci\u00f3n son Monte Patria 69%, Ovalle 71,8%, Punitaqui 61,4%, Combarbal\u00e1, R\u00edo Hurtado 80%.<\/p>\n","protected":false},"excerpt":{"rendered":"<p>Las medidas adoptadas buscan enfrentar de la mejor manera el aumento de circulaci\u00f3n de virus respiratorios, pero tambi\u00e9n el llamado es a la ciudadan\u00eda a vacunarse y tomar medidas preventivas. A nivel nacional existe un aumento de circulaci\u00f3n de virus respiratorios durante la temporada de invierno, especialmente el Virus Respiratorio Sincicial (VRS), una realidad de &#8230;<\/p>\n","protected":false},"author":2,"featured_media":9564,"comment_status":"open","ping_status":"open","sticky":false,"template":"","format":"standard","meta":{"footnotes":""},"categories":[5],"tags":[],"class_list":["post-9563","post","type-post","status-publish","format-standard","has-post-thumbnail","hentry","category-actualidad-limarina"],"_links":{"self":[{"href":"https:\/\/www.radiolimari.cl\/index.php?rest_route=\/wp\/v2\/posts\/9563","targetHints":{"allow":["GET"]}}],"collection":[{"href":"https:\/\/www.radiolimari.cl\/index.php?rest_route=\/wp\/v2\/posts"}],"about":[{"href":"https:\/\/www.radiolimari.cl\/index.php?rest_route=\/wp\/v2\/types\/post"}],"author":[{"embeddable":true,"href":"https:\/\/www.radiolimari.cl\/index.php?rest_route=\/wp\/v2\/users\/2"}],"replies":[{"embeddable":true,"href":"https:\/\/www.radiolimari.cl\/index.php?rest_route=%2Fwp%2Fv2%2Fcomments&post=9563"}],"version-history":[{"count":1,"href":"https:\/\/www.radiolimari.cl\/index.php?rest_route=\/wp\/v2\/posts\/9563\/revisions"}],"predecessor-version":[{"id":9565,"href":"https:\/\/www.radiolimari.cl\/index.php?rest_route=\/wp\/v2\/posts\/9563\/revisions\/9565"}],"wp:featuredmedia":[{"embeddable":true,"href":"https:\/\/www.radiolimari.cl\/index.php?rest_route=\/wp\/v2\/media\/9564"}],"wp:attachment":[{"href":"https:\/\/www.radiolimari.cl\/index.php?rest_route=%2Fwp%2Fv2%2Fmedia&parent=9563"}],"wp:term":[{"taxonomy":"category","embeddable":true,"href":"https:\/\/www.radiolimari.cl\/index.php?rest_route=%2Fwp%2Fv2%2Fcategories&post=9563"},{"taxonomy":"post_tag","embeddable":true,"href":"https:\/\/www.radiolimari.cl\/index.php?rest_route=%2Fwp%2Fv2%2Ftags&post=9563"}],"curies":[{"name":"wp","href":"https:\/\/api.w.org\/{rel}","templated":true}]}}