{"id":9551,"date":"2023-06-22T18:20:06","date_gmt":"2023-06-22T18:20:06","guid":{"rendered":"https:\/\/www.radiolimari.cl\/?p=9551"},"modified":"2023-06-22T18:20:06","modified_gmt":"2023-06-22T18:20:06","slug":"en-monte-patria-academias-municipales-de-futbol-reciben-nuevos-implementos-deportivos-para-sus-clases","status":"publish","type":"post","link":"https:\/\/www.radiolimari.cl\/?p=9551","title":{"rendered":"En Monte Patria Academias municipales de f\u00fatbol reciben nuevos implementos deportivos para sus clases"},"content":{"rendered":"\n<figure class=\"wp-block-image size-full is-resized\"><a href=\"https:\/\/www.radiolimari.cl\/wp-content\/uploads\/2023\/06\/Unknown.jpeg\"><img fetchpriority=\"high\" decoding=\"async\" src=\"https:\/\/www.radiolimari.cl\/wp-content\/uploads\/2023\/06\/Unknown.jpeg\" alt=\"\" class=\"wp-image-9552\" width=\"396\" height=\"297\" srcset=\"https:\/\/www.radiolimari.cl\/wp-content\/uploads\/2023\/06\/Unknown.jpeg 1024w, https:\/\/www.radiolimari.cl\/wp-content\/uploads\/2023\/06\/Unknown-300x225.jpeg 300w, https:\/\/www.radiolimari.cl\/wp-content\/uploads\/2023\/06\/Unknown-768x576.jpeg 768w\" sizes=\"(max-width: 396px) 100vw, 396px\" \/><\/a><\/figure>\n\n\n\n<p><strong><em>La m\u00e1xima autoridad de Monte Patria, adem\u00e1s, realiz\u00f3 un llamado a los padres de la academia para que formalicen su personalidad jur\u00eddica.<\/em><\/strong><\/p>\n\n\n\n<p>Un punto de encuentro para ni\u00f1os y j\u00f3venes de todas las edades, aquella es la misi\u00f3n que tiene la academia municipal de f\u00fatbol de la comuna de Monte Patria. La organizaci\u00f3n deportiva que tiene m\u00e1s de 10 a\u00f1os ayudando a fortalecer las destrezas de j\u00f3venes montepatrinos, no solo es una academia, sino tambi\u00e9n se ha convertido en una fuente de valores y educaci\u00f3n para forjar personas con altos est\u00e1ndares en el mundo del f\u00fatbol.<\/p>\n\n\n\n<p>Es por ello que la tarde del jueves 15 junio, el alcalde Cristian Herrera Pe\u00f1a, visit\u00f3 el complejo deportivo municipal con el fin de hacer entrega de indumentarias deportivas a quienes asisten a esta academia.&nbsp; Desde hace tres a\u00f1os, Pilar Mu\u00f1oz, lleva a su hijo a los entrenamientos que se realizan los martes y jueves. Para ella esta entrega es una forma de apoyar los sue\u00f1os de los ni\u00f1os, ni\u00f1as y j\u00f3venes que buscan desarrollarse en el deporte <strong>\u201cNos parece excelente, ya que los ni\u00f1os de esta academia lo necesitan; es un apoyo para todos los ni\u00f1os de la academia, no tan solo para un grupo sino para todos que quieran venir y ser part\u00edcipes de la academia. Es muy importante que ese genere este tipo de iniciativas porque incentivan a los ni\u00f1os para realizar otras actividades recreativas, que son muy importantes en \u00e1reas como el f\u00fatbol; me parece excelente, porque los ni\u00f1os no estar\u00e1n involucrados en temas como drogas o alcoholismo.<\/strong><\/p>\n\n\n\n<p>La entrega, que consisti\u00f3 en pecheras y pelotas, es un aporte del municipio para seguir acompa\u00f1ando el sue\u00f1o de los cadetes que entregan lo mejor de s\u00ed en este deporte. Brayan Valdivia, entrenador de la academia de f\u00fatbol municipal, mencion\u00f3 que este proyecto es una linda labor social\u201d <strong>\u201cTengo alumnos desde los 6-7 a\u00f1os hasta la juvenil. Realizamos los talleres los martes y jueves desde las 17.00 horas, donde tenemos un lindo grupo; hartos j\u00f3venes que vienen a desarrollar sus habilidades en el f\u00fatbol y tratar de buscar su lugar en el equipo. Nos pilla de sorpresa que nos hayan visitado y estamos felices que nos hayan tra\u00eddo implementos, porque son las herramientas que nos ayudan a desarrollar mejor a los ni\u00f1os en el \u00e1mbito deportivo, social, etc.\u201d.<\/strong><\/p>\n\n\n\n<p>Los m\u00e1s felices de este aporte, sin duda, fueron los ni\u00f1os que asisten a esta academia. Liam Rodr\u00edguez lleva entregando cerca de dos meses en la instituci\u00f3n deportiva y asegura que lo pasa muy bien en las clases con sus compa\u00f1eros <strong>\u201cEs entretenido jugar a la pelota, compartir con los compa\u00f1eros, tirar pases. Mis compa\u00f1eros se portan s\u00faper bien. Lo m\u00e1s entretenido es que podemos jugar, entretenernos y jugar con nuestros amigos y me parece bien que hayan entregado nuevos implementos las que vamos a utilizar en la pr\u00f3xima clase\u201d.<\/strong><\/p>\n\n\n\n<p><strong>Llamado para formar personalidad jur\u00eddica<\/strong><\/p>\n\n\n\n<p>Pese a que esta academia lleva m\u00e1s de una d\u00e9cada alimentando el sue\u00f1o deportivo en la comuna, a\u00fan quedan desaf\u00edos por concretar. Y es que, en ese sentido, la academia no puede optar a fondos de subvenciones externas, debido a que no posee personalidad jur\u00eddica. Este importante tr\u00e1mite, servir\u00eda eventualmente, para postular a proyectos que beneficien a la instituci\u00f3n deportiva.<\/p>\n\n\n\n<p>Sin embargo, este proceso se ha visto retrasado en el tiempo debido a las dificultades como la pandemia y contrariedades varias, lo que tambi\u00e9n genera inquietud por parte de algunos apoderados que quieren formalizar la personalidad jur\u00eddica. <strong>\u201cNo est\u00e1 dem\u00e1s decirles a los pap\u00e1s que tambi\u00e9n que por favor nos preocupemos por nuestros hijos y que apoyemos lo que es la academia y lo que hace el profesor por nuestros hijos ya que es una bonita labor que \u00e9l realiza junto con el municipio\u201d, declar\u00f3 Pilar Mu\u00f1oz, apoderada y madre de uno de los ni\u00f1os que asisten a la academia municipal.<\/strong><\/p>\n\n\n\n<p>Desde el municipio, la m\u00e1xima autoridad comunal, Cristian Herrera Pe\u00f1a, destac\u00f3 el compromiso de esta academia deportiva con la comunidad <strong>\u201cEstuvimos con Brayan, con un grupo de apoderados y los ni\u00f1os de la academia de Monte Patria viendo el trabajo que aqu\u00ed se realiza con un muy buen trabajo formativo que adem\u00e1s entrega valores\u201d.<\/strong><\/p>\n\n\n\n<p>En esa l\u00ednea, el edil de Monte Patria inst\u00f3 a los padres a acercarse a la academia para ver la posibilidad de agilizar los tr\u00e1mites con el fin de formar su personalidad jur\u00eddica, puesto que ser\u00eda un beneficio para la academia contar con nuevos proyectos y eventuales recursos. <strong>\u201cEst\u00e1bamos hablando con los apoderados que estaba medio lento la constituci\u00f3n de la agrupaci\u00f3n de padres que eso igual nos permitir\u00e1 conseguir recursos externos como los del GORE, postular a proyectos\u201d.<\/strong><\/p>\n\n\n\n<p><strong>As\u00ed que hacemos el llamado a los padres de Monte Patria que se puedan acercar con el fin de poder constituir y puedan sacar una personalidad jur\u00eddica para que vayamos juntos apoyarnos en esta tarea. La tarea formativa que se est\u00e1 haciendo en nuestra academia donde nuestro profesor y los padres que tambi\u00e9n son parte importante en la formaci\u00f3n\u201d<\/strong><\/p>\n\n\n\n<p>La agrupaci\u00f3n deportiva que se re\u00fane cada martes y jueves del mes, es un lugar que los ni\u00f1os, ni\u00f1as y j\u00f3venes no solo aprenden y refuerzan las destrezas deportivas, sino tambi\u00e9n es un segundo hogar que les ense\u00f1a valores y sentido de la responsabilidad frente a los nuevos desaf\u00edos de la vida cotidiana.<\/p>\n","protected":false},"excerpt":{"rendered":"<p>La m\u00e1xima autoridad de Monte Patria, adem\u00e1s, realiz\u00f3 un llamado a los padres de la academia para que formalicen su personalidad jur\u00eddica. Un punto de encuentro para ni\u00f1os y j\u00f3venes de todas las edades, aquella es la misi\u00f3n que tiene la academia municipal de f\u00fatbol de la comuna de Monte Patria. La organizaci\u00f3n deportiva que &#8230;<\/p>\n","protected":false},"author":2,"featured_media":9552,"comment_status":"open","ping_status":"open","sticky":false,"template":"","format":"standard","meta":{"footnotes":""},"categories":[5],"tags":[],"class_list":["post-9551","post","type-post","status-publish","format-standard","has-post-thumbnail","hentry","category-actualidad-limarina"],"_links":{"self":[{"href":"https:\/\/www.radiolimari.cl\/index.php?rest_route=\/wp\/v2\/posts\/9551","targetHints":{"allow":["GET"]}}],"collection":[{"href":"https:\/\/www.radiolimari.cl\/index.php?rest_route=\/wp\/v2\/posts"}],"about":[{"href":"https:\/\/www.radiolimari.cl\/index.php?rest_route=\/wp\/v2\/types\/post"}],"author":[{"embeddable":true,"href":"https:\/\/www.radiolimari.cl\/index.php?rest_route=\/wp\/v2\/users\/2"}],"replies":[{"embeddable":true,"href":"https:\/\/www.radiolimari.cl\/index.php?rest_route=%2Fwp%2Fv2%2Fcomments&post=9551"}],"version-history":[{"count":1,"href":"https:\/\/www.radiolimari.cl\/index.php?rest_route=\/wp\/v2\/posts\/9551\/revisions"}],"predecessor-version":[{"id":9553,"href":"https:\/\/www.radiolimari.cl\/index.php?rest_route=\/wp\/v2\/posts\/9551\/revisions\/9553"}],"wp:featuredmedia":[{"embeddable":true,"href":"https:\/\/www.radiolimari.cl\/index.php?rest_route=\/wp\/v2\/media\/9552"}],"wp:attachment":[{"href":"https:\/\/www.radiolimari.cl\/index.php?rest_route=%2Fwp%2Fv2%2Fmedia&parent=9551"}],"wp:term":[{"taxonomy":"category","embeddable":true,"href":"https:\/\/www.radiolimari.cl\/index.php?rest_route=%2Fwp%2Fv2%2Fcategories&post=9551"},{"taxonomy":"post_tag","embeddable":true,"href":"https:\/\/www.radiolimari.cl\/index.php?rest_route=%2Fwp%2Fv2%2Ftags&post=9551"}],"curies":[{"name":"wp","href":"https:\/\/api.w.org\/{rel}","templated":true}]}}