{"id":9542,"date":"2023-06-22T16:41:28","date_gmt":"2023-06-22T16:41:28","guid":{"rendered":"https:\/\/www.radiolimari.cl\/?p=9542"},"modified":"2023-06-22T16:41:29","modified_gmt":"2023-06-22T16:41:29","slug":"en-ovalle-el-municipio-inicio-el-funcionamiento-de-preuniversitario-para-140-estudiantes","status":"publish","type":"post","link":"https:\/\/www.radiolimari.cl\/?p=9542","title":{"rendered":"En Ovalle, el Municipio inici\u00f3 el funcionamiento de Preuniversitario para 140 estudiantes"},"content":{"rendered":"\n<figure class=\"wp-block-image size-large is-resized\"><a href=\"https:\/\/www.radiolimari.cl\/wp-content\/uploads\/2023\/06\/Preuniversitario-Municipal-de-Ovalle.jpg\"><img fetchpriority=\"high\" decoding=\"async\" src=\"https:\/\/www.radiolimari.cl\/wp-content\/uploads\/2023\/06\/Preuniversitario-Municipal-de-Ovalle-1024x683.jpg\" alt=\"\" class=\"wp-image-9543\" width=\"396\" height=\"264\" srcset=\"https:\/\/www.radiolimari.cl\/wp-content\/uploads\/2023\/06\/Preuniversitario-Municipal-de-Ovalle-1024x683.jpg 1024w, https:\/\/www.radiolimari.cl\/wp-content\/uploads\/2023\/06\/Preuniversitario-Municipal-de-Ovalle-300x200.jpg 300w, https:\/\/www.radiolimari.cl\/wp-content\/uploads\/2023\/06\/Preuniversitario-Municipal-de-Ovalle-768x512.jpg 768w, https:\/\/www.radiolimari.cl\/wp-content\/uploads\/2023\/06\/Preuniversitario-Municipal-de-Ovalle-1536x1024.jpg 1536w, https:\/\/www.radiolimari.cl\/wp-content\/uploads\/2023\/06\/Preuniversitario-Municipal-de-Ovalle.jpg 1920w\" sizes=\"(max-width: 396px) 100vw, 396px\" \/><\/a><\/figure>\n\n\n\n<p><strong><em>La iniciativa impulsada por el municipio local, a trav\u00e9s del departamento de Educaci\u00f3n, consta de 39 jornadas de clases de Lenguaje y Comunicaci\u00f3n y Matem\u00e1ticas, que se realizar\u00e1n los d\u00edas martes y jueves, y se prolongar\u00e1n hasta el 16 de noviembre. \u00a0<\/em><\/strong><\/p>\n\n\n\n<p>Es una de las iniciativas m\u00e1s valoradas por la comunidad escolar. El Preuniversitario Municipal de Ovalle, se ha convertido en una gran alternativa para alumnos y alumnas de tercero y cuarto a\u00f1o medio, que no cuentan con los recursos econ\u00f3micos para pagar una instituci\u00f3n privada, para prepararse para la Prueba de Acceso a la Educaci\u00f3n Superior (PAES).<\/p>\n\n\n\n<p>El lanzamiento se realiz\u00f3 en el Liceo Bicentenario Alejandro \u00c1lvarez Jofr\u00e9, establecimiento que albergar\u00e1 a un total de 140 estudiantes en el desarrollo de este proceso. El Preuniversitario Municipal funcionar\u00e1 los d\u00edas martes y jueves, de 18.30 a 20.00 horas, jornadas en las que se impartir\u00e1n clases de Lenguaje y Comunicaci\u00f3n y Matem\u00e1ticas. El periodo de preparaci\u00f3n consta de 39 sesiones, entre el 20 de junio y el 16 de noviembre, que adem\u00e1s de las clases incluir\u00e1 ensayos diagn\u00f3sticos, posteriormente intermedios, para verificar el avance de los alumnos y alumnos y un ensayo final de Lenguaje (7 de noviembre) y de Matem\u00e1ticas (9 de noviembre).<\/p>\n\n\n\n<p>\u201cTenemos mucha expectativa, porque tenemos un buen equipo de trabajo de docentes y esperamos que los estudiantes tengan el \u00e1nimo y la fuerza necesaria para aguantar la carga de trabajo, porque es un horario que viene despu\u00e9s de la jornada de clases y eso significa un sacrificio. Tenemos confianza en que vamos a tener \u00e9xito durante este a\u00f1o en el Preuniversitario Municipal\u201d indic\u00f3 el director del Liceo Bicentenario Alejandro \u00c1lvarez Jofr\u00e9, Jos\u00e9 Araya.&nbsp;<\/p>\n\n\n\n<p>Robert B\u00f3rquez, alumno del Liceo Alejandro \u00c1lvarez Jofr\u00e9, opt\u00f3 por el Preuniversitario Municipal, puesto que su idea es \u201cseguir aprendiendo cosas nuevas y mejorar mis conocimientos para la PAES y entrar a la carrera que quiero, que es ingenier\u00eda industrial y me gustar\u00eda en la Universidad de La Serena\u201d. Asimismo, Mar\u00eda In\u00e9s Araya, estudiante del liceo Estela \u00c1vila Molina, afirm\u00f3 que la principal motivaci\u00f3n es \u201cmi familia y el poder cumplir mis sue\u00f1os de estudiar y salir adelante. Siento que el hecho que nos den esta oportunidad es muy motivador, pero depende de las ganas de cada estudiante\u201d.<\/p>\n\n\n\n<p>En este sentido, la jefa del Departamento de Educaci\u00f3n Municipal, Miriam Vega se\u00f1al\u00f3 que el prop\u00f3sito principal de continuar con esta iniciativa es darle a los alumnos y alumnas \u201cuna oportunidad para mejorar su camino a la universidad y una de las formas es brindarle herramientas y una de ellas es el Preuniversitario Municipal, donde ellos van a poder reforzar las materias, sobretodo que es una generaci\u00f3n que vivi\u00f3 el estallido social y la pandemia. La idea es mejorar la educaci\u00f3n p\u00fablica, que opten a una buena alternativa a nivel universitario y ser exitosos en la vida\u201d.<\/p>\n\n\n\n<p>La Prueba de Acceso a la Educaci\u00f3n Superior se rendir\u00e1 los d\u00edas 27, 28 y 29 de noviembre y los resultados ser\u00e1n entregados el martes 2 de enero. Posteriormente, se realizar\u00e1 el proceso de admisi\u00f3n 2024, entre el 2 y el 5 de enero.<\/p>\n","protected":false},"excerpt":{"rendered":"<p>La iniciativa impulsada por el municipio local, a trav\u00e9s del departamento de Educaci\u00f3n, consta de 39 jornadas de clases de Lenguaje y Comunicaci\u00f3n y Matem\u00e1ticas, que se realizar\u00e1n los d\u00edas martes y jueves, y se prolongar\u00e1n hasta el 16 de noviembre. \u00a0 Es una de las iniciativas m\u00e1s valoradas por la comunidad escolar. El Preuniversitario &#8230;<\/p>\n","protected":false},"author":2,"featured_media":9543,"comment_status":"open","ping_status":"open","sticky":false,"template":"","format":"standard","meta":{"footnotes":""},"categories":[5],"tags":[],"class_list":["post-9542","post","type-post","status-publish","format-standard","has-post-thumbnail","hentry","category-actualidad-limarina"],"_links":{"self":[{"href":"https:\/\/www.radiolimari.cl\/index.php?rest_route=\/wp\/v2\/posts\/9542","targetHints":{"allow":["GET"]}}],"collection":[{"href":"https:\/\/www.radiolimari.cl\/index.php?rest_route=\/wp\/v2\/posts"}],"about":[{"href":"https:\/\/www.radiolimari.cl\/index.php?rest_route=\/wp\/v2\/types\/post"}],"author":[{"embeddable":true,"href":"https:\/\/www.radiolimari.cl\/index.php?rest_route=\/wp\/v2\/users\/2"}],"replies":[{"embeddable":true,"href":"https:\/\/www.radiolimari.cl\/index.php?rest_route=%2Fwp%2Fv2%2Fcomments&post=9542"}],"version-history":[{"count":1,"href":"https:\/\/www.radiolimari.cl\/index.php?rest_route=\/wp\/v2\/posts\/9542\/revisions"}],"predecessor-version":[{"id":9544,"href":"https:\/\/www.radiolimari.cl\/index.php?rest_route=\/wp\/v2\/posts\/9542\/revisions\/9544"}],"wp:featuredmedia":[{"embeddable":true,"href":"https:\/\/www.radiolimari.cl\/index.php?rest_route=\/wp\/v2\/media\/9543"}],"wp:attachment":[{"href":"https:\/\/www.radiolimari.cl\/index.php?rest_route=%2Fwp%2Fv2%2Fmedia&parent=9542"}],"wp:term":[{"taxonomy":"category","embeddable":true,"href":"https:\/\/www.radiolimari.cl\/index.php?rest_route=%2Fwp%2Fv2%2Fcategories&post=9542"},{"taxonomy":"post_tag","embeddable":true,"href":"https:\/\/www.radiolimari.cl\/index.php?rest_route=%2Fwp%2Fv2%2Ftags&post=9542"}],"curies":[{"name":"wp","href":"https:\/\/api.w.org\/{rel}","templated":true}]}}