{"id":9539,"date":"2023-06-22T16:10:49","date_gmt":"2023-06-22T16:10:49","guid":{"rendered":"https:\/\/www.radiolimari.cl\/?p=9539"},"modified":"2023-06-22T16:10:49","modified_gmt":"2023-06-22T16:10:49","slug":"en-la-serena-fabrica-de-ropa-logra-sello-sustentable-con-sistema-fotovoltaico-para-ahorrar-energia","status":"publish","type":"post","link":"https:\/\/www.radiolimari.cl\/?p=9539","title":{"rendered":"En La Serena f\u00e1brica de ropa logra sello sustentable con sistema fotovoltaico para ahorrar energ\u00eda\u00a0"},"content":{"rendered":"\n<figure class=\"wp-block-image size-large\"><a href=\"https:\/\/www.radiolimari.cl\/wp-content\/uploads\/2023\/06\/IMG_7487-scaled.jpg\"><img fetchpriority=\"high\" decoding=\"async\" width=\"1024\" height=\"683\" src=\"https:\/\/www.radiolimari.cl\/wp-content\/uploads\/2023\/06\/IMG_7487-1024x683.jpg\" alt=\"\" class=\"wp-image-9540\" srcset=\"https:\/\/www.radiolimari.cl\/wp-content\/uploads\/2023\/06\/IMG_7487-1024x683.jpg 1024w, https:\/\/www.radiolimari.cl\/wp-content\/uploads\/2023\/06\/IMG_7487-300x200.jpg 300w, https:\/\/www.radiolimari.cl\/wp-content\/uploads\/2023\/06\/IMG_7487-768x512.jpg 768w, https:\/\/www.radiolimari.cl\/wp-content\/uploads\/2023\/06\/IMG_7487-1536x1024.jpg 1536w, https:\/\/www.radiolimari.cl\/wp-content\/uploads\/2023\/06\/IMG_7487-2048x1365.jpg 2048w\" sizes=\"(max-width: 1024px) 100vw, 1024px\" \/><\/a><\/figure>\n\n\n\n<p><strong><em>La empresa regional se adjudic\u00f3 recursos del programa Ponle Energ\u00eda a tu Pyme, instalando paneles solares para mejorar las condiciones de los trabajadores.\u00a0<\/em><\/strong><\/p>\n\n\n\n<p>La empresa de confecci\u00f3n de ropa y uniformes Rostter de La Serena se adjudic\u00f3 recursos del programa Ponle Energ\u00eda a Tu Pyme, del Ministerio de Energ\u00eda y la Agencia de Sostenibilidad Energ\u00e9tica, para instalar un sistema renovable que les permite ahorrar electricidad, reducir su huella de carbono y mejorar su competitividad.&nbsp;<\/p>\n\n\n\n<p>La seremi de Energ\u00eda, Mar\u00eda Castillo Rojas, efectu\u00f3 una visita para constatar la instalaci\u00f3n de un sistema fotovoltaico de 5,5 kW, el que permitir\u00e1 cubrir los consumos de las 18 m\u00e1quinas de sus talleres y aprovechar los beneficios de la ley 21.118 de generaci\u00f3n distribuida de autoconsumo de electricidad y la entrega de excedentes a la red.&nbsp;<\/p>\n\n\n\n<p>Al respecto, la autoridad regional manifest\u00f3 que \u201cestamos impulsando que las peque\u00f1as empresas puedan ser beneficiarias del programa Ponle Energ\u00eda a Tu Pyme, donde se financian proyectos renovables y de eficiencia energ\u00e9tica. Este emprendimiento de confecci\u00f3n de ropa, donde est\u00e1n incorporadas las energ\u00edas renovables para mejorar las condiciones laborales y ambientales de los trabajadores, es muy significativo y lo destacamos. Desde el Gobierno del Presidente Gabriel Boric queremos que las Pymes sean protagonistas de estos fondos concursables, a trav\u00e9s del uso de energ\u00edas limpias, lo que les da tambi\u00e9n un sello sustentable y que es uno de los \u00e9nfasis de la gesti\u00f3n del Ministro Diego Pardow\u201d.&nbsp;<\/p>\n\n\n\n<p>Rostter es una empresa dedicada a la fabricaci\u00f3n y distribuci\u00f3n de uniformes desde 2014, ropa corporativa y de trabajo para hospitales e instituciones educacionales del \u00e1rea de la salud. Sus clientes principales son el Estado, municipalidades y empresas privadas en las Regiones de Atacama y Coquimbo. El programa Ponle Energ\u00eda a tu Pyme destin\u00f3 7 millones de pesos para el sistema solar, mientras que la empresa aport\u00f3 otros $5 millones.&nbsp;<\/p>\n\n\n\n<p>Gustavo Vega, due\u00f1o de Rostter Confecciones, indic\u00f3 que \u201csomos una empresa que tiene poco consumo de energ\u00eda, porque tenemos m\u00e1quinas muy eficientes, pero tenemos problemas en invierno y verano, con la calefacci\u00f3n y el bienestar de los trabajadores, entonces nuestro proyecto est\u00e1 enfocado a mejorar las condiciones de ellos, instalando calefacci\u00f3n, aire acondicionado para que trabajen mejor\u201d. Adem\u00e1s, agreg\u00f3 que \u201ccomo trabajamos en Mercado P\u00fablico esperamos que sea una ventaja y nos puedan considerar de mejor manera, porque hemos ganado varios proyectos de Sercotec, y nos da la posibilidad de optar a una certificaci\u00f3n en energ\u00eda renovables\u201d. &nbsp;<\/p>\n\n\n\n<p>La empresa fue una de las beneficiarias por el concurso Ponle Energ\u00eda a Tu Pyme, en su versi\u00f3n 2022, y el sistema fotovoltaico fue instalado por Enersu SPA, dedicada a soluciones fotovoltaicas a nivel domiciliario y de mayor escala. &nbsp;<\/p>\n","protected":false},"excerpt":{"rendered":"<p>La empresa regional se adjudic\u00f3 recursos del programa Ponle Energ\u00eda a tu Pyme, instalando paneles solares para mejorar las condiciones de los trabajadores.\u00a0 La empresa de confecci\u00f3n de ropa y uniformes Rostter de La Serena se adjudic\u00f3 recursos del programa Ponle Energ\u00eda a Tu Pyme, del Ministerio de Energ\u00eda y la Agencia de Sostenibilidad Energ\u00e9tica, &#8230;<\/p>\n","protected":false},"author":2,"featured_media":9540,"comment_status":"open","ping_status":"open","sticky":false,"template":"","format":"standard","meta":{"footnotes":""},"categories":[6],"tags":[],"class_list":["post-9539","post","type-post","status-publish","format-standard","has-post-thumbnail","hentry","category-regionales"],"_links":{"self":[{"href":"https:\/\/www.radiolimari.cl\/index.php?rest_route=\/wp\/v2\/posts\/9539","targetHints":{"allow":["GET"]}}],"collection":[{"href":"https:\/\/www.radiolimari.cl\/index.php?rest_route=\/wp\/v2\/posts"}],"about":[{"href":"https:\/\/www.radiolimari.cl\/index.php?rest_route=\/wp\/v2\/types\/post"}],"author":[{"embeddable":true,"href":"https:\/\/www.radiolimari.cl\/index.php?rest_route=\/wp\/v2\/users\/2"}],"replies":[{"embeddable":true,"href":"https:\/\/www.radiolimari.cl\/index.php?rest_route=%2Fwp%2Fv2%2Fcomments&post=9539"}],"version-history":[{"count":1,"href":"https:\/\/www.radiolimari.cl\/index.php?rest_route=\/wp\/v2\/posts\/9539\/revisions"}],"predecessor-version":[{"id":9541,"href":"https:\/\/www.radiolimari.cl\/index.php?rest_route=\/wp\/v2\/posts\/9539\/revisions\/9541"}],"wp:featuredmedia":[{"embeddable":true,"href":"https:\/\/www.radiolimari.cl\/index.php?rest_route=\/wp\/v2\/media\/9540"}],"wp:attachment":[{"href":"https:\/\/www.radiolimari.cl\/index.php?rest_route=%2Fwp%2Fv2%2Fmedia&parent=9539"}],"wp:term":[{"taxonomy":"category","embeddable":true,"href":"https:\/\/www.radiolimari.cl\/index.php?rest_route=%2Fwp%2Fv2%2Fcategories&post=9539"},{"taxonomy":"post_tag","embeddable":true,"href":"https:\/\/www.radiolimari.cl\/index.php?rest_route=%2Fwp%2Fv2%2Ftags&post=9539"}],"curies":[{"name":"wp","href":"https:\/\/api.w.org\/{rel}","templated":true}]}}