{"id":9528,"date":"2023-06-22T13:03:33","date_gmt":"2023-06-22T13:03:33","guid":{"rendered":"https:\/\/www.radiolimari.cl\/?p=9528"},"modified":"2023-06-22T13:05:17","modified_gmt":"2023-06-22T13:05:17","slug":"entrevista-a-seremi-de-educacion-de-la-region-de-coquimbo-cecilia-ramirez-chavez","status":"publish","type":"post","link":"https:\/\/www.radiolimari.cl\/?p=9528","title":{"rendered":"ENTREVISTA a Seremi de Educaci\u00f3n de la regi\u00f3n de Coquimbo, Cecilia Ram\u00edrez Ch\u00e1vez"},"content":{"rendered":"\n<figure class=\"wp-block-image size-full\"><a href=\"https:\/\/www.radiolimari.cl\/wp-content\/uploads\/2023\/06\/20.6-seremi-educacion.jpg\"><img fetchpriority=\"high\" decoding=\"async\" width=\"696\" height=\"522\" src=\"https:\/\/www.radiolimari.cl\/wp-content\/uploads\/2023\/06\/20.6-seremi-educacion.jpg\" alt=\"\" class=\"wp-image-9529\" srcset=\"https:\/\/www.radiolimari.cl\/wp-content\/uploads\/2023\/06\/20.6-seremi-educacion.jpg 696w, https:\/\/www.radiolimari.cl\/wp-content\/uploads\/2023\/06\/20.6-seremi-educacion-300x225.jpg 300w\" sizes=\"(max-width: 696px) 100vw, 696px\" \/><\/a><\/figure>\n\n\n\n<p>Revive la entrevista  realizada este mi\u00e9rcoles 21 de  junio  en \u00abLa Ma\u00f1ana de Limar\u00ed\u00bb de www.radiolimari.cl  la autoridad educacional de la regi\u00f3n de Coquimbo.<\/p>\n\n\n\n<figure class=\"wp-block-audio\"><audio controls src=\"https:\/\/www.radiolimari.cl\/wp-content\/uploads\/2023\/06\/21.6-Entrevista-Seremi-de-Educacion-Cecilia-Ramirez-Chavez-en-Radio-Limari.mp3\"><\/audio><\/figure>\n","protected":false},"excerpt":{"rendered":"<p>Revive la entrevista realizada este mi\u00e9rcoles 21 de junio en \u00abLa Ma\u00f1ana de Limar\u00ed\u00bb de www.radiolimari.cl la autoridad educacional de la regi\u00f3n de Coquimbo.<\/p>\n","protected":false},"author":2,"featured_media":9529,"comment_status":"open","ping_status":"open","sticky":false,"template":"","format":"standard","meta":{"footnotes":""},"categories":[6],"tags":[],"class_list":["post-9528","post","type-post","status-publish","format-standard","has-post-thumbnail","hentry","category-regionales"],"_links":{"self":[{"href":"https:\/\/www.radiolimari.cl\/index.php?rest_route=\/wp\/v2\/posts\/9528","targetHints":{"allow":["GET"]}}],"collection":[{"href":"https:\/\/www.radiolimari.cl\/index.php?rest_route=\/wp\/v2\/posts"}],"about":[{"href":"https:\/\/www.radiolimari.cl\/index.php?rest_route=\/wp\/v2\/types\/post"}],"author":[{"embeddable":true,"href":"https:\/\/www.radiolimari.cl\/index.php?rest_route=\/wp\/v2\/users\/2"}],"replies":[{"embeddable":true,"href":"https:\/\/www.radiolimari.cl\/index.php?rest_route=%2Fwp%2Fv2%2Fcomments&post=9528"}],"version-history":[{"count":2,"href":"https:\/\/www.radiolimari.cl\/index.php?rest_route=\/wp\/v2\/posts\/9528\/revisions"}],"predecessor-version":[{"id":9532,"href":"https:\/\/www.radiolimari.cl\/index.php?rest_route=\/wp\/v2\/posts\/9528\/revisions\/9532"}],"wp:featuredmedia":[{"embeddable":true,"href":"https:\/\/www.radiolimari.cl\/index.php?rest_route=\/wp\/v2\/media\/9529"}],"wp:attachment":[{"href":"https:\/\/www.radiolimari.cl\/index.php?rest_route=%2Fwp%2Fv2%2Fmedia&parent=9528"}],"wp:term":[{"taxonomy":"category","embeddable":true,"href":"https:\/\/www.radiolimari.cl\/index.php?rest_route=%2Fwp%2Fv2%2Fcategories&post=9528"},{"taxonomy":"post_tag","embeddable":true,"href":"https:\/\/www.radiolimari.cl\/index.php?rest_route=%2Fwp%2Fv2%2Ftags&post=9528"}],"curies":[{"name":"wp","href":"https:\/\/api.w.org\/{rel}","templated":true}]}}