{"id":9524,"date":"2023-06-20T14:54:55","date_gmt":"2023-06-20T14:54:55","guid":{"rendered":"https:\/\/www.radiolimari.cl\/?p=9524"},"modified":"2023-06-20T14:54:56","modified_gmt":"2023-06-20T14:54:56","slug":"con-cultura-y-deporte-realizan-llamado-para-erradicar-el-trabajo-infantil","status":"publish","type":"post","link":"https:\/\/www.radiolimari.cl\/?p=9524","title":{"rendered":"Con Cultura y Deporte realizan llamado para erradicar el Trabajo Infantil"},"content":{"rendered":"\n<figure class=\"wp-block-image size-large\"><a href=\"https:\/\/www.radiolimari.cl\/wp-content\/uploads\/2023\/06\/354594588_2005390349803522_1305159723440079862_n.jpg\"><img fetchpriority=\"high\" decoding=\"async\" width=\"1024\" height=\"576\" src=\"https:\/\/www.radiolimari.cl\/wp-content\/uploads\/2023\/06\/354594588_2005390349803522_1305159723440079862_n-1024x576.jpg\" alt=\"\" class=\"wp-image-9525\" srcset=\"https:\/\/www.radiolimari.cl\/wp-content\/uploads\/2023\/06\/354594588_2005390349803522_1305159723440079862_n-1024x576.jpg 1024w, https:\/\/www.radiolimari.cl\/wp-content\/uploads\/2023\/06\/354594588_2005390349803522_1305159723440079862_n-300x169.jpg 300w, https:\/\/www.radiolimari.cl\/wp-content\/uploads\/2023\/06\/354594588_2005390349803522_1305159723440079862_n-768x432.jpg 768w, https:\/\/www.radiolimari.cl\/wp-content\/uploads\/2023\/06\/354594588_2005390349803522_1305159723440079862_n-1536x864.jpg 1536w, https:\/\/www.radiolimari.cl\/wp-content\/uploads\/2023\/06\/354594588_2005390349803522_1305159723440079862_n.jpg 2048w\" sizes=\"(max-width: 1024px) 100vw, 1024px\" \/><\/a><\/figure>\n\n\n\n<p><strong><em>En Ovalle ni\u00f1os, ni\u00f1as y adultos se sumaron al compromiso de tener un Chile sin Trabajo Infantil, iniciativa impulsada por el Ministerio del Trabajo relativo al mes en que se conmemora el 12 de junio, D\u00eda Mundial contra el Trabajo Infantil.<\/em><\/strong><\/p>\n\n\n\n<p>En el Colegio Bicentenario de Artes Eliseo Videla Jorquera de la comuna de Ovalle se realiz\u00f3 el acto central de conmemoraci\u00f3n del d\u00eda mundial Contra el Trabajo Infantil, instancia instaurada por la Organizaci\u00f3n Internacional del Trabajo (OIT) para concientizar sobre la situaci\u00f3n de millones de ni\u00f1os, ni\u00f1as y adolescentes (NNA) que se encuentran en trabajo infantil a nivel mundial.<\/p>\n\n\n\n<p>La jornada se enmarc\u00f3 en un acto cultural y una activaci\u00f3n deportiva para los alumnos y alumnas del establecimiento, destacando la cultura y el deporte como medios que permiten desarrollar habilidades y la creatividad de ni\u00f1os, ni\u00f1as y adolescentes, adem\u00e1s de reunirlos en un entorno seguro que los mantenga alejados del trabajo infantil, haciendo eco del lema de la OIT de este a\u00f1o 2023 que es \u201cJusticia social para todos \u00a1Poner fin al trabajo infantil!\u201d.<\/p>\n\n\n\n<p>Al respecto el director del establecimiento, Edio Garc\u00eda, coment\u00f3 que \u201cagradecemos a la Seremi del Trabajo y a la municipalidad a trav\u00e9s del Departamento de Educaci\u00f3n, que hayan elegido nuestro establecimiento para conmemorar este d\u00eda contra el trabajo infantil y poder destacar que nuestro proyecto educativo de formaci\u00f3n art\u00edstica tiene un componente muy importante de desarrollo de las habilidades de los ni\u00f1os y adem\u00e1s de ser una v\u00eda por la cual permanecen en el establecimiento\u201d.<\/p>\n\n\n\n<p>De acuerdo con estad\u00edsticas del Ministerio del Trabajo en Chile unos 219.624 ni\u00f1os, ni\u00f1as y adolescentes (NNA) est\u00e1n en situaci\u00f3n de trabajo infantil poniendo en peligro el ejercicio de sus derechos fundamentales como la Educaci\u00f3n, el juego y el esparcimiento.<\/p>\n\n\n\n<p>Chile es uno de los pa\u00edses con menor tasa en esta problem\u00e1tica (6,6%), la Organizaci\u00f3n Internacional del Trabajo (OIT) declar\u00f3 que durante el 2021 el progreso global en la erradicaci\u00f3n del trabajo infantil se detuvo por primera vez desde que se comenz\u00f3 a medir considerando un aumento de esta problem\u00e1tica.<\/p>\n\n\n\n<p>En este sentido la Seremi del Trabajo, Claudia Santander, coment\u00f3 que \u201cen nuestro pa\u00eds hemos asumido el compromiso de erradicar el trabajo infantil, porque entendemos que los NNA son quienes m\u00e1s requieren la protecci\u00f3n y el cuidado para crecer en lugares seguros para poder evitar que puedan ser sujetos de vulneraci\u00f3n de derechos\u201d.<\/p>\n\n\n\n<p>\u201cCuando un ni\u00f1o, ni\u00f1a o adolescente ingresa prematuramente al mundo laboral, est\u00e1 expuesto a riesgos y peligros. Nuestro Gobierno ha hecho un llamado a que durante todo el mes de junio podamos hacer jornadas de difusi\u00f3n y sensibilizaci\u00f3n para que entendamos que la Cultura, el Deporte y la Educaci\u00f3n son derechos que tienen los ni\u00f1os y tenemos que colaborar para que ellos puedan estar en esos espacios de crecimiento seguro\u201d, complement\u00f3 la Seremi del Trabajo.<\/p>\n\n\n\n<p>En la ocasi\u00f3n el Delegado Presidencial Provincial de Limar\u00ed, Galo Luna, enfatiz\u00f3 en el compromiso del Gobierno para la erradicaci\u00f3n del trabajo infantil y dijo que \u201cestamos promoviendo una infancia feliz donde se respeten los derechos a jugar y a educarse, el derecho al tener una infancia protegida. Por eso es muy importante generar esta conciencia que no queremos infancias que est\u00e9n siendo explotadas donde haya un trabajo que genere lucro y que impida que los ni\u00f1os puedan desarrollarse y poder educarse en comunicad y de manera feliz\u201d.<\/p>\n\n\n\n<p>Si bien nuestro pa\u00eds y la regi\u00f3n de Coquimbo no est\u00e1n ajenos a esta vulneraci\u00f3n de derechos, es por ello que durante todo el mes de junio a trav\u00e9s del Ministerio del Trabajo se realizar\u00e1n distintas actividades, hitos comunicacionales e intervenciones que den a conocer el fen\u00f3meno del trabajo infantil, y especialmente, enfatizar en la importancia de su erradicaci\u00f3n, haciendo eco del lema de la OIT para este 2023 que es \u201cJusticia social para todos \u00a1Poner fin al trabajo infantil!\u201d<\/p>\n\n\n\n<p>En la regi\u00f3n de Coquimbo la Seremi del Trabajo preside el Comit\u00e9 Regional para la Erradicaci\u00f3n del Trabajo Infantil cuyo objetivo es dar cumplimiento a las propuestas y metas establecidas en la Estrategia Nacional para la Erradicaci\u00f3n del Trabajo Infantil para los a\u00f1os 2015-2025, &nbsp;en dicha instancia participan diferentes Servicios P\u00fablicos como Junji, Mejor Ni\u00f1ez, Seremi de Mujer y Equidad De G\u00e9nero, Integra, Oficinas de Protecci\u00f3n de Derechos, Carabineros, PDI, Fundaci\u00f3n As\u00ed Somos, Organizaci\u00f3n internacional para la Migraci\u00f3n, entre otros.<\/p>\n\n\n\n<p>En Chile el Trabajo Infantil est\u00e1 prohibido, mientras que la Ley 21.271 establece la protecci\u00f3n de los derechos de ni\u00f1os, ni\u00f1as y adolescentes en el mundo del trabajo. La normativa reafirma la prohibici\u00f3n de la contrataci\u00f3n de ni\u00f1os y ni\u00f1as, y define los requisitos para la contrataci\u00f3n de adolescentes con edad de trabajar, establece los trabajos prohibidos y peligrosos para un adolescente, y adem\u00e1s se\u00f1ala las excepciones en que los NNA menores de 15 a\u00f1os pueden suscribir contratos para participar en actividades ligadas al espect\u00e1culo.<\/p>\n\n\n\n<p>La actividad fue enmarcada en una acci\u00f3n de Gobierno en Terreno con la participaci\u00f3n de la Delegaci\u00f3n Presidencial Provincial y coordinada en conjunto con la municipalidad de Ovalle, a trav\u00e9s del Departamento de Educaci\u00f3n Municipalidad y el Comit\u00e9 regional para la Erradicaci\u00f3n del Trabajo Infantil liderado por la Seremi del Trabajo de la regi\u00f3n de Coquimbo.<\/p>\n","protected":false},"excerpt":{"rendered":"<p>En Ovalle ni\u00f1os, ni\u00f1as y adultos se sumaron al compromiso de tener un Chile sin Trabajo Infantil, iniciativa impulsada por el Ministerio del Trabajo relativo al mes en que se conmemora el 12 de junio, D\u00eda Mundial contra el Trabajo Infantil. En el Colegio Bicentenario de Artes Eliseo Videla Jorquera de la comuna de Ovalle &#8230;<\/p>\n","protected":false},"author":2,"featured_media":9525,"comment_status":"open","ping_status":"open","sticky":false,"template":"","format":"standard","meta":{"footnotes":""},"categories":[3],"tags":[],"class_list":["post-9524","post","type-post","status-publish","format-standard","has-post-thumbnail","hentry","category-actualidad"],"_links":{"self":[{"href":"https:\/\/www.radiolimari.cl\/index.php?rest_route=\/wp\/v2\/posts\/9524","targetHints":{"allow":["GET"]}}],"collection":[{"href":"https:\/\/www.radiolimari.cl\/index.php?rest_route=\/wp\/v2\/posts"}],"about":[{"href":"https:\/\/www.radiolimari.cl\/index.php?rest_route=\/wp\/v2\/types\/post"}],"author":[{"embeddable":true,"href":"https:\/\/www.radiolimari.cl\/index.php?rest_route=\/wp\/v2\/users\/2"}],"replies":[{"embeddable":true,"href":"https:\/\/www.radiolimari.cl\/index.php?rest_route=%2Fwp%2Fv2%2Fcomments&post=9524"}],"version-history":[{"count":1,"href":"https:\/\/www.radiolimari.cl\/index.php?rest_route=\/wp\/v2\/posts\/9524\/revisions"}],"predecessor-version":[{"id":9526,"href":"https:\/\/www.radiolimari.cl\/index.php?rest_route=\/wp\/v2\/posts\/9524\/revisions\/9526"}],"wp:featuredmedia":[{"embeddable":true,"href":"https:\/\/www.radiolimari.cl\/index.php?rest_route=\/wp\/v2\/media\/9525"}],"wp:attachment":[{"href":"https:\/\/www.radiolimari.cl\/index.php?rest_route=%2Fwp%2Fv2%2Fmedia&parent=9524"}],"wp:term":[{"taxonomy":"category","embeddable":true,"href":"https:\/\/www.radiolimari.cl\/index.php?rest_route=%2Fwp%2Fv2%2Fcategories&post=9524"},{"taxonomy":"post_tag","embeddable":true,"href":"https:\/\/www.radiolimari.cl\/index.php?rest_route=%2Fwp%2Fv2%2Ftags&post=9524"}],"curies":[{"name":"wp","href":"https:\/\/api.w.org\/{rel}","templated":true}]}}