{"id":9505,"date":"2023-06-15T13:49:43","date_gmt":"2023-06-15T13:49:43","guid":{"rendered":"https:\/\/www.radiolimari.cl\/?p=9505"},"modified":"2023-06-15T13:49:44","modified_gmt":"2023-06-15T13:49:44","slug":"en-la-ciudad-de-illapel-conforman-mesa-de-seguridad-en-servicios-de-salud-de-la-provincia-de-choapa","status":"publish","type":"post","link":"https:\/\/www.radiolimari.cl\/?p=9505","title":{"rendered":"En la ciudad de Illapel conforman Mesa de Seguridad en Servicios de Salud de la Provincia de Choapa"},"content":{"rendered":"\n<figure class=\"wp-block-image size-large is-resized\"><a href=\"https:\/\/www.radiolimari.cl\/wp-content\/uploads\/2023\/06\/mesa-seguridad-en-la-salud-3.jpg\"><img fetchpriority=\"high\" decoding=\"async\" src=\"https:\/\/www.radiolimari.cl\/wp-content\/uploads\/2023\/06\/mesa-seguridad-en-la-salud-3-1024x768.jpg\" alt=\"\" class=\"wp-image-9506\" width=\"396\" height=\"297\" srcset=\"https:\/\/www.radiolimari.cl\/wp-content\/uploads\/2023\/06\/mesa-seguridad-en-la-salud-3-1024x768.jpg 1024w, https:\/\/www.radiolimari.cl\/wp-content\/uploads\/2023\/06\/mesa-seguridad-en-la-salud-3-300x225.jpg 300w, https:\/\/www.radiolimari.cl\/wp-content\/uploads\/2023\/06\/mesa-seguridad-en-la-salud-3-768x576.jpg 768w, https:\/\/www.radiolimari.cl\/wp-content\/uploads\/2023\/06\/mesa-seguridad-en-la-salud-3-1536x1152.jpg 1536w, https:\/\/www.radiolimari.cl\/wp-content\/uploads\/2023\/06\/mesa-seguridad-en-la-salud-3.jpg 1600w\" sizes=\"(max-width: 396px) 100vw, 396px\" \/><\/a><\/figure>\n\n\n\n<p><strong><em>La iniciativa desarrollar\u00e1 un trabajo conjunto entre los cuatro municipios de la zona, hospitales, Cesfam, gremios asociados y Polic\u00edas de la zona, con la finalidad de prevenir todo tipo de violencia hacia funcionarios y trabajadores de la salud.<\/em><\/strong><\/p>\n\n\n\n<p>En la Casa de la Cultura de Illapel se llev\u00f3 a cabo la primera sesi\u00f3n de la Mesa de Seguridad en Servicios de la Salud del Choapa, cuya finalidad ser\u00e1 establecer protocolos de acci\u00f3n que permitan prevenir el maltrato hacia funcionarios, lo que implica coordinaci\u00f3n con las polic\u00edas, centros asistenciales y autoridades pol\u00edticas de la provincia.<\/p>\n\n\n\n<p>La instancia liderada por la Delegada Presidencial de Choapa, Nataly Carvajal, cont\u00f3 con la presencia del alcalde de Illapel, Denis Cortes, el edil de Canela, Bernardo Leyton, Carabineros, Polic\u00eda de Investigaciones, gremios de la salud, adem\u00e1s de directores y representantes de Hospitales y Centros de Salud Familiar de la zona m\u00e1s al sur de la regi\u00f3n de Coquimbo.<\/p>\n\n\n\n<p>Con respecto a esto, Nataly Carvajal destac\u00f3 que <strong><em>\u201clo que buscamos es hacer protocolos que nos permitan reaccionar frente a situaciones de violencia o de agresi\u00f3n hacia nuestros funcionarios de las redes asistenciales de salud. En ese sentido, buscamos bajar los protocolos nacionales a la realidad de nuestro territorio<\/em>\u201d. <\/strong>Adem\u00e1s, la representante presidencial, coment\u00f3 que<strong> <\/strong>la mesa<em> \u201c<strong>va<\/strong> <strong>a contar con sesiones m\u00ednimas, de por lo menos una vez al mes\u201d.<\/strong><\/em><\/p>\n\n\n\n<p>En esta materia, la m\u00e1xima autoridad comunal de Canela indic\u00f3 que<em> <\/em><strong><em>\u201cno queremos que quede una sensaci\u00f3n de impunidad por las trabajadoras y trabajadores de la salud, por lo tanto, todos estamos llamados a cumplir con la funci\u00f3n que nos corresponde en esta materia\u201d. <\/em><\/strong>Por otra parte, hizo \u00e9nfasis en que<strong><em> \u201clo que podemos rescatar es que, a aparte de que se establezcan los protocolo, debemos canalizar la denuncia al Ministerio P\u00fablico\u201d.<\/em><\/strong><\/p>\n\n\n\n<p>El edil de Illapel, Denis Cortes, asegur\u00f3 que <strong><em>\u201cEn la comuna de Illapel hemos vivido momentos complejos, espec\u00edficamente el Cesfam de la Villa San Rafael. Hace tiempo atr\u00e1s, tuvimos la agresi\u00f3n a un m\u00e9dico y a funcionarios, no solo verbal, sino f\u00edsica, eso ha llevado a tomar decisiones desde mejorar la seguridad con instalaci\u00f3n de c\u00e1maras y protocolos\u201d. <\/em><\/strong>Sin embargo, manifest\u00f3 que <strong><em>\u201centendemos que esto es una realidad a nivel nacional y tenemos que ponernos de acuerdo todos como provincia\u201d.<\/em><\/strong><strong><em><\/em><\/strong><\/p>\n\n\n\n<p>Isolda D\u00edaz, dirigente de FENATS Hospital Los Vilos, se\u00f1al\u00f3 que<strong><em> \u201csabemos del descontento de la comunidad en la falta de los recursos que se requieren, pero en este sentido, nosotros pedimos el respeto de los usuarios hacia los trabajadores\u201d. <\/em><\/strong><em>Adem\u00e1s, fue enf\u00e1tica en que<\/em><strong><em> \u201cesperamos la inyecci\u00f3n de recursos para fortalecer a todos los establecimientos de salud en el resguardo del trabajador de la salud\u201d.<\/em><\/strong><strong><em><\/em><\/strong><\/p>\n\n\n\n<p>Es importante destacar que el objetivo principal es fomentar el buen trato entre usuarios y funcionarios, instaurar una cultura de respeto mutuo y lograr acuerdos para dise\u00f1ar un nuevo protocolo de agresiones y acompa\u00f1amiento a los funcionarios de la salud. Este ser\u00e1 tema central de la pr\u00f3xima sesi\u00f3n de esta mesa de seguridad para la salud de la provincia, la que se realizar\u00e1 en la comuna de Canela con fecha a determinar en los pr\u00f3ximos d\u00edas.<\/p>\n","protected":false},"excerpt":{"rendered":"<p>La iniciativa desarrollar\u00e1 un trabajo conjunto entre los cuatro municipios de la zona, hospitales, Cesfam, gremios asociados y Polic\u00edas de la zona, con la finalidad de prevenir todo tipo de violencia hacia funcionarios y trabajadores de la salud. En la Casa de la Cultura de Illapel se llev\u00f3 a cabo la primera sesi\u00f3n de la &#8230;<\/p>\n","protected":false},"author":2,"featured_media":9506,"comment_status":"open","ping_status":"open","sticky":false,"template":"","format":"standard","meta":{"footnotes":""},"categories":[6],"tags":[],"class_list":["post-9505","post","type-post","status-publish","format-standard","has-post-thumbnail","hentry","category-regionales"],"_links":{"self":[{"href":"https:\/\/www.radiolimari.cl\/index.php?rest_route=\/wp\/v2\/posts\/9505","targetHints":{"allow":["GET"]}}],"collection":[{"href":"https:\/\/www.radiolimari.cl\/index.php?rest_route=\/wp\/v2\/posts"}],"about":[{"href":"https:\/\/www.radiolimari.cl\/index.php?rest_route=\/wp\/v2\/types\/post"}],"author":[{"embeddable":true,"href":"https:\/\/www.radiolimari.cl\/index.php?rest_route=\/wp\/v2\/users\/2"}],"replies":[{"embeddable":true,"href":"https:\/\/www.radiolimari.cl\/index.php?rest_route=%2Fwp%2Fv2%2Fcomments&post=9505"}],"version-history":[{"count":1,"href":"https:\/\/www.radiolimari.cl\/index.php?rest_route=\/wp\/v2\/posts\/9505\/revisions"}],"predecessor-version":[{"id":9507,"href":"https:\/\/www.radiolimari.cl\/index.php?rest_route=\/wp\/v2\/posts\/9505\/revisions\/9507"}],"wp:featuredmedia":[{"embeddable":true,"href":"https:\/\/www.radiolimari.cl\/index.php?rest_route=\/wp\/v2\/media\/9506"}],"wp:attachment":[{"href":"https:\/\/www.radiolimari.cl\/index.php?rest_route=%2Fwp%2Fv2%2Fmedia&parent=9505"}],"wp:term":[{"taxonomy":"category","embeddable":true,"href":"https:\/\/www.radiolimari.cl\/index.php?rest_route=%2Fwp%2Fv2%2Fcategories&post=9505"},{"taxonomy":"post_tag","embeddable":true,"href":"https:\/\/www.radiolimari.cl\/index.php?rest_route=%2Fwp%2Fv2%2Ftags&post=9505"}],"curies":[{"name":"wp","href":"https:\/\/api.w.org\/{rel}","templated":true}]}}