{"id":9382,"date":"2023-06-06T16:40:18","date_gmt":"2023-06-06T16:40:18","guid":{"rendered":"https:\/\/www.radiolimari.cl\/?p=9382"},"modified":"2023-06-06T16:40:18","modified_gmt":"2023-06-06T16:40:18","slug":"levantan-proyecto-para-dotar-de-techado-al-sector-de-la-ropa-americana-en-la-feria-modelo","status":"publish","type":"post","link":"https:\/\/www.radiolimari.cl\/?p=9382","title":{"rendered":"Levantan proyecto para dotar de techado al sector de la ropa americana en la Feria Modelo"},"content":{"rendered":"\n<figure class=\"wp-block-image size-large\"><a href=\"https:\/\/www.radiolimari.cl\/wp-content\/uploads\/2023\/06\/Proyecto-de-techado-ropa-americana-Feria-Modelo-de-Ovalle-3.jpeg\"><img fetchpriority=\"high\" decoding=\"async\" width=\"1024\" height=\"683\" src=\"https:\/\/www.radiolimari.cl\/wp-content\/uploads\/2023\/06\/Proyecto-de-techado-ropa-americana-Feria-Modelo-de-Ovalle-3-1024x683.jpeg\" alt=\"\" class=\"wp-image-9383\" srcset=\"https:\/\/www.radiolimari.cl\/wp-content\/uploads\/2023\/06\/Proyecto-de-techado-ropa-americana-Feria-Modelo-de-Ovalle-3-1024x683.jpeg 1024w, https:\/\/www.radiolimari.cl\/wp-content\/uploads\/2023\/06\/Proyecto-de-techado-ropa-americana-Feria-Modelo-de-Ovalle-3-300x200.jpeg 300w, https:\/\/www.radiolimari.cl\/wp-content\/uploads\/2023\/06\/Proyecto-de-techado-ropa-americana-Feria-Modelo-de-Ovalle-3-768x512.jpeg 768w, https:\/\/www.radiolimari.cl\/wp-content\/uploads\/2023\/06\/Proyecto-de-techado-ropa-americana-Feria-Modelo-de-Ovalle-3-1536x1024.jpeg 1536w, https:\/\/www.radiolimari.cl\/wp-content\/uploads\/2023\/06\/Proyecto-de-techado-ropa-americana-Feria-Modelo-de-Ovalle-3.jpeg 1599w\" sizes=\"(max-width: 1024px) 100vw, 1024px\" \/><\/a><\/figure>\n\n\n\n<p><strong><em>La obra se realizar\u00eda con fondos municipales y prev\u00e9 una mejora en el suelo del sector. El objetivo es dar dignidad a locatarios y clientes.<\/em><\/strong><\/p>\n\n\n\n<p>La Feria Modelo es el centro neur\u00e1lgico de intercambio de productos agroalimentarios de la provincia del Limar\u00ed, pero adem\u00e1s, en torno a ella se realizan una serie de actividades que potencian el intercambio comercial.<br>Es el caso de los puestos de ropa americana, una alternativa econ\u00f3mica con prendas de segunda selecci\u00f3n y que son una alternativa a quienes buscan calidad y buen precio.<\/p>\n\n\n\n<p>El pasado viernes, en una reuni\u00f3n con los locatarios, el alcalde Jonathan Acu\u00f1a dio a conocer un proyecto que busca dotar de un techado a este sector y mejorar las condiciones del suelo, debido a que se encuentran expuestos a las inclemencias del tiempo, ya sea el excesivo calor en la temporada estival como el fr\u00edo y la lluvia en invierno.<\/p>\n\n\n\n<p>El jefe comunal se\u00f1al\u00f3 estar \u201cmuy contento de habernos reunido con los locatarios, entreg\u00e1ndoles una importante noticia y que dice relaci\u00f3n con mejorar las condiciones en la que ellos se desempe\u00f1an\u201d y agreg\u00f3 que \u201cpor muchos a\u00f1os se ha esperado contar con mejor infraestructura y hoy entregamos la noticia que vamos a invertir ac\u00e1, con un techado y a mejorar las condiciones del suelo\u201d, afirm\u00f3<\/p>\n\n\n\n<p>Remarc\u00f3 que \u201ces un proyecto al que le dimos prioridad en estos cuatro meses que estamos trabajando, para permitirles a ellos, en periodos de emergencia que se puedan avecinar, principalmente tener mejores condiciones de trabajo\u201d.<\/p>\n\n\n\n<p>En tanto, el Secretario de Planificaci\u00f3n, Jerem\u00edas Tapia, manifest\u00f3 que \u201cel mandato del alcalde es hacernos cargo del espacio p\u00fablico hist\u00f3ricamente abandonado y uno de esos, es el sector de ropa americana. Se hab\u00edan hecho muchos esfuerzos anteriormente, pero hoy estamos concretando un proyecto, que involucra un techado y mejoramiento importante del suelo de este lugar, que va a beneficiar a todos los locatarios y tambi\u00e9n a los usuarios y clientes. Se trata de poder dar seguridad y protecci\u00f3n, pues actualmente est\u00e1n expuestos a la lluvia, al sol, a la tierra. Esta infraestructura viene a dar dignidad a estas personas y tambi\u00e9n a los usuarios\u201d, remarc\u00f3.<\/p>\n\n\n\n<p>Locatarios<\/p>\n\n\n\n<p>Los locatarios reaccionaron al anuncio entregado por la m\u00e1xima autoridad comunal respecto de la mejora en el sector. Juana Vel\u00e1squez, quien tiene su puesto de ropa, se\u00f1al\u00f3 que \u201ces una excelente noticia, muy feliz. Me parece muy bien porque en invierno es muy duro ac\u00e1. Muchos tienen necesidad de luz, yo tengo, pero hay muchos que no tienen electricidad. Esa ser\u00eda la otra gran necesidad, porque en invierno es muy oscuro, se llueve y se moja mucho\u201d.<\/p>\n\n\n\n<p>En tanto, el presidente de los sectores unidos, Ra\u00fal Romero Trujillo, manifest\u00f3 que \u201cpara nosotros es una noticia fabulosa, ya que se viene esperando por tantos a\u00f1os\u201d y agreg\u00f3 que \u201cempezamos a luchar en enero, en reuniones con el alcalde, con el administrador municipal, con el jefe Secplan Jerem\u00edas Tapia, por algo concreto. La gente ac\u00e1, el locatario de ropa americana, qued\u00f3 m\u00e1s que feliz porque ya van a contar con un techado y con una pavimentaci\u00f3n como corresponde para que puedan trabajar en \u00f3ptimas condiciones\u201d, finaliz\u00f3.<\/p>\n\n\n\n<p>El proyecto ser\u00e1 financiado con recursos municipales y se prev\u00e9 su construcci\u00f3n para este 2023.<\/p>\n","protected":false},"excerpt":{"rendered":"<p>La obra se realizar\u00eda con fondos municipales y prev\u00e9 una mejora en el suelo del sector. El objetivo es dar dignidad a locatarios y clientes. La Feria Modelo es el centro neur\u00e1lgico de intercambio de productos agroalimentarios de la provincia del Limar\u00ed, pero adem\u00e1s, en torno a ella se realizan una serie de actividades que &#8230;<\/p>\n","protected":false},"author":2,"featured_media":9383,"comment_status":"open","ping_status":"open","sticky":false,"template":"","format":"standard","meta":{"footnotes":""},"categories":[5],"tags":[],"class_list":["post-9382","post","type-post","status-publish","format-standard","has-post-thumbnail","hentry","category-actualidad-limarina"],"_links":{"self":[{"href":"https:\/\/www.radiolimari.cl\/index.php?rest_route=\/wp\/v2\/posts\/9382","targetHints":{"allow":["GET"]}}],"collection":[{"href":"https:\/\/www.radiolimari.cl\/index.php?rest_route=\/wp\/v2\/posts"}],"about":[{"href":"https:\/\/www.radiolimari.cl\/index.php?rest_route=\/wp\/v2\/types\/post"}],"author":[{"embeddable":true,"href":"https:\/\/www.radiolimari.cl\/index.php?rest_route=\/wp\/v2\/users\/2"}],"replies":[{"embeddable":true,"href":"https:\/\/www.radiolimari.cl\/index.php?rest_route=%2Fwp%2Fv2%2Fcomments&post=9382"}],"version-history":[{"count":1,"href":"https:\/\/www.radiolimari.cl\/index.php?rest_route=\/wp\/v2\/posts\/9382\/revisions"}],"predecessor-version":[{"id":9384,"href":"https:\/\/www.radiolimari.cl\/index.php?rest_route=\/wp\/v2\/posts\/9382\/revisions\/9384"}],"wp:featuredmedia":[{"embeddable":true,"href":"https:\/\/www.radiolimari.cl\/index.php?rest_route=\/wp\/v2\/media\/9383"}],"wp:attachment":[{"href":"https:\/\/www.radiolimari.cl\/index.php?rest_route=%2Fwp%2Fv2%2Fmedia&parent=9382"}],"wp:term":[{"taxonomy":"category","embeddable":true,"href":"https:\/\/www.radiolimari.cl\/index.php?rest_route=%2Fwp%2Fv2%2Fcategories&post=9382"},{"taxonomy":"post_tag","embeddable":true,"href":"https:\/\/www.radiolimari.cl\/index.php?rest_route=%2Fwp%2Fv2%2Ftags&post=9382"}],"curies":[{"name":"wp","href":"https:\/\/api.w.org\/{rel}","templated":true}]}}