{"id":9379,"date":"2023-06-06T16:24:04","date_gmt":"2023-06-06T16:24:04","guid":{"rendered":"https:\/\/www.radiolimari.cl\/?p=9379"},"modified":"2023-06-06T16:24:04","modified_gmt":"2023-06-06T16:24:04","slug":"direccion-del-trabajo-da-cuenta-de-fiscalizaciones-al-sector-agricola","status":"publish","type":"post","link":"https:\/\/www.radiolimari.cl\/?p=9379","title":{"rendered":"Direcci\u00f3n del Trabajo da cuenta de fiscalizaciones al sector agr\u00edcola"},"content":{"rendered":"\n<figure class=\"wp-block-image size-large is-resized\"><a href=\"https:\/\/www.radiolimari.cl\/wp-content\/uploads\/2023\/06\/DT-06-06.jpeg\"><img fetchpriority=\"high\" decoding=\"async\" src=\"https:\/\/www.radiolimari.cl\/wp-content\/uploads\/2023\/06\/DT-06-06-1024x588.jpeg\" alt=\"\" class=\"wp-image-9380\" width=\"396\" height=\"227\" srcset=\"https:\/\/www.radiolimari.cl\/wp-content\/uploads\/2023\/06\/DT-06-06-1024x588.jpeg 1024w, https:\/\/www.radiolimari.cl\/wp-content\/uploads\/2023\/06\/DT-06-06-300x172.jpeg 300w, https:\/\/www.radiolimari.cl\/wp-content\/uploads\/2023\/06\/DT-06-06-768x441.jpeg 768w, https:\/\/www.radiolimari.cl\/wp-content\/uploads\/2023\/06\/DT-06-06.jpeg 1052w\" sizes=\"(max-width: 396px) 100vw, 396px\" \/><\/a><\/figure>\n\n\n\n<p><strong><em>Programa inspectivo abarc\u00f3 a predios, packing y transporte de trabajadores y trabajadoras temporeras.<\/em><\/strong><\/p>\n\n\n\n<p>La Direcci\u00f3n del Trabajo (DT) dio cuenta de las acciones de fiscalizaci\u00f3n en el sector agr\u00edcola, en el marco del programa inspectivo a esta actividad desplegado por el servicio en la regi\u00f3n de Coquimbo.<\/p>\n\n\n\n<p>El organismo fiscalizador expuso que, de 56 acciones de fiscalizaci\u00f3n s\u00f3lo 6 resultaron con multas por infracci\u00f3n a las normas del C\u00f3digo del Trabajo, lo que se traduce en una tasa de un 10.7% de infracciones, del total de las diligencias realizadas.<\/p>\n\n\n\n<p>Al respecto la Seremi del Trabajo, Claudia Santander, coment\u00f3 que \u201cel programa de fiscalizaci\u00f3n por parte de la DT tiene por objetivo proteger los derechos laborales de los trabajadores y trabajadoras que se desempe\u00f1an en labores agr\u00edcolas, principalmente aquellos temas que tienen que ver con el resguardo de la salud y seguridad, como as\u00ed tambi\u00e9n en materia previsional. Hemos solicitado a la DT poner \u00e9nfasis en esta actividad ya que son m\u00e1s de 33 mil los trabajadores y trabajadoras que se desempe\u00f1an en este sector. En este sentido es importante que los empleadores siempre respeten la normativa laboral y que los trabajadores conozcan sus derechos y mecanismos de denuncia ante el incumplimiento de las normas del trabajo\u201d.<\/p>\n\n\n\n<p>Mientras que Mauricio Mundaca, director (s) del Trabajo, explic\u00f3 que \u201clas fiscalizaciones del programa regional en el sector agr\u00edcola nos dieron como resultado un n\u00famero infracciones dentro de lo esperado. Ahora hemos reforzado la fiscalizaci\u00f3n con un programa enfocado al cultivo de oto\u00f1o y esperamos con eso entregar una mayor cobertura en el \u00e1mbito agr\u00edcola que tienen vulnerabilidades bastante significativas como es el trabajo informal y la presencia de trabajadores agr\u00edcola con situaci\u00f3n migratoria irregular\u201d.<\/p>\n\n\n\n<p>Dentro de las infracciones detectadas por la DT se evidenci\u00f3 el incumplimiento a normas tales como: No llevar correctamente registro de asistencia y determinaci\u00f3n de las horas de trabajo, conducir tractores, sembradoras y otras maquinarias similares sin poseer el trabajador licencia de conductor y no otorgar descanso dominical y\/o festivo, entre otras infracciones.<\/p>\n\n\n\n<p><strong>Materias fiscalizables<\/strong><\/p>\n\n\n\n<p>En lo espec\u00edfico del trabajo agr\u00edcola la Direcci\u00f3n del Trabajo vela por el cumplimiento de la normativa laboral y se revisan condiciones b\u00e1sicas de higiene y seguridad.<\/p>\n\n\n\n<p>En cuanto al transporte, primordialmente se verifica que la antig\u00fcedad de los minibuses no supere los 18 a\u00f1os y la de los buses los 22 a\u00f1os, que no viajen trabajadores de pie y que se porte un letrero identificador de esta funci\u00f3n espec\u00edfica.<\/p>\n\n\n\n<p>En seguridad y salud se controla principalmente que haya agua potable, ba\u00f1os y comedores; se\u00f1al\u00e9ticas y almacenamiento de sustancias peligrosas; trabajo en c\u00e1mara de fr\u00edo, exposici\u00f3n a plaguicidas y a radiaci\u00f3n UV y manejo de maquinarias y veh\u00edculos en faenas y entrega sin costo de elementos de protecci\u00f3n personal.<\/p>\n\n\n\n<p>Adem\u00e1s, se verifican normas de protecci\u00f3n a la maternidad, prohibici\u00f3n de trabajo infantil y protecci\u00f3n del adolescente trabajador.<\/p>\n\n\n\n<p>Las fiscalizaciones enmarcadas en un plan regional se sumaron a las diligencias inspectivas ordenadas por la DT en todo el pa\u00eds, donde globalmente, se efectuaron 617 fiscalizaciones, 122 de las cuales culminaron con multas por un total de $643.254.030.<\/p>\n","protected":false},"excerpt":{"rendered":"<p>Programa inspectivo abarc\u00f3 a predios, packing y transporte de trabajadores y trabajadoras temporeras. La Direcci\u00f3n del Trabajo (DT) dio cuenta de las acciones de fiscalizaci\u00f3n en el sector agr\u00edcola, en el marco del programa inspectivo a esta actividad desplegado por el servicio en la regi\u00f3n de Coquimbo. El organismo fiscalizador expuso que, de 56 acciones &#8230;<\/p>\n","protected":false},"author":2,"featured_media":9380,"comment_status":"open","ping_status":"open","sticky":false,"template":"","format":"standard","meta":{"footnotes":""},"categories":[6],"tags":[],"class_list":["post-9379","post","type-post","status-publish","format-standard","has-post-thumbnail","hentry","category-regionales"],"_links":{"self":[{"href":"https:\/\/www.radiolimari.cl\/index.php?rest_route=\/wp\/v2\/posts\/9379","targetHints":{"allow":["GET"]}}],"collection":[{"href":"https:\/\/www.radiolimari.cl\/index.php?rest_route=\/wp\/v2\/posts"}],"about":[{"href":"https:\/\/www.radiolimari.cl\/index.php?rest_route=\/wp\/v2\/types\/post"}],"author":[{"embeddable":true,"href":"https:\/\/www.radiolimari.cl\/index.php?rest_route=\/wp\/v2\/users\/2"}],"replies":[{"embeddable":true,"href":"https:\/\/www.radiolimari.cl\/index.php?rest_route=%2Fwp%2Fv2%2Fcomments&post=9379"}],"version-history":[{"count":1,"href":"https:\/\/www.radiolimari.cl\/index.php?rest_route=\/wp\/v2\/posts\/9379\/revisions"}],"predecessor-version":[{"id":9381,"href":"https:\/\/www.radiolimari.cl\/index.php?rest_route=\/wp\/v2\/posts\/9379\/revisions\/9381"}],"wp:featuredmedia":[{"embeddable":true,"href":"https:\/\/www.radiolimari.cl\/index.php?rest_route=\/wp\/v2\/media\/9380"}],"wp:attachment":[{"href":"https:\/\/www.radiolimari.cl\/index.php?rest_route=%2Fwp%2Fv2%2Fmedia&parent=9379"}],"wp:term":[{"taxonomy":"category","embeddable":true,"href":"https:\/\/www.radiolimari.cl\/index.php?rest_route=%2Fwp%2Fv2%2Fcategories&post=9379"},{"taxonomy":"post_tag","embeddable":true,"href":"https:\/\/www.radiolimari.cl\/index.php?rest_route=%2Fwp%2Fv2%2Ftags&post=9379"}],"curies":[{"name":"wp","href":"https:\/\/api.w.org\/{rel}","templated":true}]}}