{"id":9376,"date":"2023-06-06T16:08:18","date_gmt":"2023-06-06T16:08:18","guid":{"rendered":"https:\/\/www.radiolimari.cl\/?p=9376"},"modified":"2023-06-06T16:08:19","modified_gmt":"2023-06-06T16:08:19","slug":"en-villa-dona-virginia-de-la-serena-confirman-hallazgo-de-murcielago-con-rabia","status":"publish","type":"post","link":"https:\/\/www.radiolimari.cl\/?p=9376","title":{"rendered":"En Villa Do\u00f1a Virginia de La Serena confirman  hallazgo de murci\u00e9lago con Rabia"},"content":{"rendered":"\n<figure class=\"wp-block-image size-full is-resized\"><a href=\"https:\/\/www.radiolimari.cl\/wp-content\/uploads\/2023\/06\/vacunacion-Rabia.LaSerena.junio_.jpg\"><img fetchpriority=\"high\" decoding=\"async\" src=\"https:\/\/www.radiolimari.cl\/wp-content\/uploads\/2023\/06\/vacunacion-Rabia.LaSerena.junio_.jpg\" alt=\"\" class=\"wp-image-9377\" width=\"396\" height=\"240\" srcset=\"https:\/\/www.radiolimari.cl\/wp-content\/uploads\/2023\/06\/vacunacion-Rabia.LaSerena.junio_.jpg 701w, https:\/\/www.radiolimari.cl\/wp-content\/uploads\/2023\/06\/vacunacion-Rabia.LaSerena.junio_-300x182.jpg 300w\" sizes=\"(max-width: 396px) 100vw, 396px\" \/><\/a><\/figure>\n\n\n\n<p><em>Ya se inici\u00f3 en el sector la vacunaci\u00f3n antirr\u00e1bica de mascotas.<\/em><\/p>\n\n\n\n<p>El Instituto de Salud P\u00fablica confirm\u00f3 la detecci\u00f3n de murci\u00e9lago con Rabia en la comuna de La Serena, por lo cual, desde la Seremi de Salud activaron los protocolos sanitarios correspondientes.<\/p>\n\n\n\n<p>As\u00ed lo confirm\u00f3 el Seremi de Salud (s) Tom\u00e1s Balaguer \u201cEl ejemplar se logr\u00f3 detectar gracias a que la propietaria de la vivienda de un sector de residencial (Villa Do\u00f1a Virginia), se comunic\u00f3 v\u00eda telef\u00f3nica con la OIRS de la Seremi de Salud, informando el hallazgo de un murci\u00e9lago en su antejard\u00edn. Por lo cual, funcionarios de zoonosis fueron a retirar el ejemplar para posteriormente enviarlo al instituto de Salud P\u00fablica para su estudio\u201d.\u00a0 Se\u00f1al\u00f3 la Autoridad Sanitaria.<\/p>\n\n\n\n<p>De acuerdo con los antecedentes recopilados durante la investigaci\u00f3n, no hubo contacto directo de personas ni de mascotas con el murci\u00e9lago encontrado.<\/p>\n\n\n\n<p>La autoridad Sanitaria ya inici\u00f3 las acciones de investigaci\u00f3n y control \u201cFuncionarios de la oficina comunal de La Serena comenzaron la investigaci\u00f3n epidemiol\u00f3gica y las actividades de control de foco, realizando la vacunaci\u00f3n de 39 perros y gatos en 48 domicilios visitados\u201d se\u00f1al\u00f3 Balaguer. El operativo de vacunaci\u00f3n del perifoco continuar\u00e1 durante los pr\u00f3ximos d\u00edas de la semana.<\/p>\n\n\n\n<p>En lo que va transcurrido del a\u00f1o 2023 ya se han detectado 2 casos de Rabia en murci\u00e9lagos en la comuna de La Serena, y se ha enviado un total de 20 muestras para su an\u00e1lisis al Instituto de Salud P\u00fablica.<\/p>\n\n\n\n<p><strong><u>Recomendaciones para la poblaci\u00f3n:<\/u><\/strong><\/p>\n\n\n\n<ul class=\"wp-block-list\">\n<li>Evitar recoger los murci\u00e9lagos, pero de ser necesario hacerlo con una pala y una escoba, protegi\u00e9ndose las manos y evitando todo contacto directo con el animal. Luego, \u00e9ste debe ser guardado en un recipiente lo m\u00e1s herm\u00e9tico posible.<\/li>\n\n\n\n<li>Mantener vacunados a perros y gatos contra la rabia.<\/li>\n<\/ul>\n\n\n\n<p><strong>La Rabia:<\/strong><\/p>\n\n\n\n<p>Es una zoonosis viral, caracterizada por una encefalomielitis aguda, de una letalidad de un 100%, aun cuando se describen casos excepcionales de recuperaci\u00f3n. La transmisi\u00f3n es por la saliva del animal a trav\u00e9s de una mordedura o contacto con las mucosas o heridas ya que se aloja en el sistema nervioso. Los animales que pueden transmitir esta enfermedad pueden ser murci\u00e9lagos, perros, zorros, es decir, animales de sangre caliente.&nbsp;<\/p>\n\n\n\n<p><strong>El murci\u00e9lago:<\/strong><\/p>\n\n\n\n<p>Este mam\u00edfero de h\u00e1bito nocturno es una especie protegida por su calidad de controlador de plagas al alimentarse de mosquitos, polillas y otras especies. En nuestro pa\u00eds, existen 11 especies.<\/p>\n","protected":false},"excerpt":{"rendered":"<p>Ya se inici\u00f3 en el sector la vacunaci\u00f3n antirr\u00e1bica de mascotas. El Instituto de Salud P\u00fablica confirm\u00f3 la detecci\u00f3n de murci\u00e9lago con Rabia en la comuna de La Serena, por lo cual, desde la Seremi de Salud activaron los protocolos sanitarios correspondientes. As\u00ed lo confirm\u00f3 el Seremi de Salud (s) Tom\u00e1s Balaguer \u201cEl ejemplar se &#8230;<\/p>\n","protected":false},"author":2,"featured_media":9377,"comment_status":"open","ping_status":"open","sticky":false,"template":"","format":"standard","meta":{"footnotes":""},"categories":[3],"tags":[],"class_list":["post-9376","post","type-post","status-publish","format-standard","has-post-thumbnail","hentry","category-actualidad"],"_links":{"self":[{"href":"https:\/\/www.radiolimari.cl\/index.php?rest_route=\/wp\/v2\/posts\/9376","targetHints":{"allow":["GET"]}}],"collection":[{"href":"https:\/\/www.radiolimari.cl\/index.php?rest_route=\/wp\/v2\/posts"}],"about":[{"href":"https:\/\/www.radiolimari.cl\/index.php?rest_route=\/wp\/v2\/types\/post"}],"author":[{"embeddable":true,"href":"https:\/\/www.radiolimari.cl\/index.php?rest_route=\/wp\/v2\/users\/2"}],"replies":[{"embeddable":true,"href":"https:\/\/www.radiolimari.cl\/index.php?rest_route=%2Fwp%2Fv2%2Fcomments&post=9376"}],"version-history":[{"count":1,"href":"https:\/\/www.radiolimari.cl\/index.php?rest_route=\/wp\/v2\/posts\/9376\/revisions"}],"predecessor-version":[{"id":9378,"href":"https:\/\/www.radiolimari.cl\/index.php?rest_route=\/wp\/v2\/posts\/9376\/revisions\/9378"}],"wp:featuredmedia":[{"embeddable":true,"href":"https:\/\/www.radiolimari.cl\/index.php?rest_route=\/wp\/v2\/media\/9377"}],"wp:attachment":[{"href":"https:\/\/www.radiolimari.cl\/index.php?rest_route=%2Fwp%2Fv2%2Fmedia&parent=9376"}],"wp:term":[{"taxonomy":"category","embeddable":true,"href":"https:\/\/www.radiolimari.cl\/index.php?rest_route=%2Fwp%2Fv2%2Fcategories&post=9376"},{"taxonomy":"post_tag","embeddable":true,"href":"https:\/\/www.radiolimari.cl\/index.php?rest_route=%2Fwp%2Fv2%2Ftags&post=9376"}],"curies":[{"name":"wp","href":"https:\/\/api.w.org\/{rel}","templated":true}]}}