{"id":9343,"date":"2023-06-06T14:10:37","date_gmt":"2023-06-06T14:10:37","guid":{"rendered":"https:\/\/www.radiolimari.cl\/?p=9343"},"modified":"2023-06-06T14:10:38","modified_gmt":"2023-06-06T14:10:38","slug":"en-la-region-de-coquimbo-mas-de-2-mil-controles-oftalmologicos-realizara-junaeb-a-estudiantes","status":"publish","type":"post","link":"https:\/\/www.radiolimari.cl\/?p=9343","title":{"rendered":"En la Regi\u00f3n de Coquimbo m\u00e1s de 2 mil controles oftalmol\u00f3gicos realizar\u00e1 Junaeb a estudiantes"},"content":{"rendered":"\n<figure class=\"wp-block-image size-large\"><a href=\"https:\/\/www.radiolimari.cl\/wp-content\/uploads\/2023\/06\/20230605_100710-scaled.jpg\"><img fetchpriority=\"high\" decoding=\"async\" width=\"1024\" height=\"625\" src=\"https:\/\/www.radiolimari.cl\/wp-content\/uploads\/2023\/06\/20230605_100710-1024x625.jpg\" alt=\"\" class=\"wp-image-9344\" srcset=\"https:\/\/www.radiolimari.cl\/wp-content\/uploads\/2023\/06\/20230605_100710-1024x625.jpg 1024w, https:\/\/www.radiolimari.cl\/wp-content\/uploads\/2023\/06\/20230605_100710-300x183.jpg 300w, https:\/\/www.radiolimari.cl\/wp-content\/uploads\/2023\/06\/20230605_100710-768x469.jpg 768w, https:\/\/www.radiolimari.cl\/wp-content\/uploads\/2023\/06\/20230605_100710-1536x938.jpg 1536w, https:\/\/www.radiolimari.cl\/wp-content\/uploads\/2023\/06\/20230605_100710-2048x1250.jpg 2048w\" sizes=\"(max-width: 1024px) 100vw, 1024px\" \/><\/a><\/figure>\n\n\n\n<p><em>Las atenciones del programa de Servicios M\u00e9dicos se extender\u00e1n hasta el 30 de noviembre.<\/em><\/p>\n\n\n\n<p>Con la atenci\u00f3n a 636 estudiantes de la comuna de La Serena se dio el vamos a los controles m\u00e9dicos del \u00e1rea oftalmol\u00f3gica del Programa de Servicios M\u00e9dicos de Junaeb, el cual tiene como objetivo&nbsp; pesquisar, prevenir y resolver problemas de salud (visual, auditivo y postural) en estudiantes de establecimientos p\u00fablicos y particulares subvencionados, con acciones de detecci\u00f3n, diagn\u00f3stico, atenci\u00f3n m\u00e9dica especializada, tratamiento y vigilancia durante toda la trayectoria escolar, para igualar las condiciones de desempe\u00f1o e integraci\u00f3n.<\/p>\n\n\n\n<p>\u201cIniciamos una parte importante del proceso de atenciones m\u00e9dicas. En el \u00e1rea oftalmol\u00f3gica tenemos considerado 2.400 controles para el a\u00f1o 2023 en toda la Regi\u00f3n de Coquimbo\u201d, destac\u00f3 la directora regional (s) de la instituci\u00f3n, Bernarda Lamas Tapia.<\/p>\n\n\n\n<p>En la misma tem\u00e1tica, Lamas agreg\u00f3 que \u201cestamos muy contentos de poder continuar contribuyendo en el bienestar de los estudiantes, mejorando su calidad de vida y aportando a su desempe\u00f1o escolar\u201d.<\/p>\n\n\n\n<p>Durante esta etapa los alumnos reciben la atenci\u00f3n de un especialista, quien al realizar la evaluaci\u00f3n determina las medidas a tomar, principalmente, se\u00f1alando las ayudas t\u00e9cnicas que necesitan, las cuales se entregar\u00e1 posteriormente a los estudiantes o son derivados a otro tipo de atenci\u00f3n, en este caso al programa de baja visi\u00f3n, si es necesario. &nbsp;&nbsp;<\/p>\n\n\n\n<p>Esta misma etapa de control oftalmol\u00f3gico comenzar\u00e1 durante los pr\u00f3ximos d\u00edas en las restantes comunas de la Regi\u00f3n de Coquimbo y se extender\u00e1 hasta el 30 de noviembre.<\/p>\n","protected":false},"excerpt":{"rendered":"<p>Las atenciones del programa de Servicios M\u00e9dicos se extender\u00e1n hasta el 30 de noviembre. Con la atenci\u00f3n a 636 estudiantes de la comuna de La Serena se dio el vamos a los controles m\u00e9dicos del \u00e1rea oftalmol\u00f3gica del Programa de Servicios M\u00e9dicos de Junaeb, el cual tiene como objetivo&nbsp; pesquisar, prevenir y resolver problemas de &#8230;<\/p>\n","protected":false},"author":2,"featured_media":9344,"comment_status":"open","ping_status":"open","sticky":false,"template":"","format":"standard","meta":{"footnotes":""},"categories":[6],"tags":[],"class_list":["post-9343","post","type-post","status-publish","format-standard","has-post-thumbnail","hentry","category-regionales"],"_links":{"self":[{"href":"https:\/\/www.radiolimari.cl\/index.php?rest_route=\/wp\/v2\/posts\/9343","targetHints":{"allow":["GET"]}}],"collection":[{"href":"https:\/\/www.radiolimari.cl\/index.php?rest_route=\/wp\/v2\/posts"}],"about":[{"href":"https:\/\/www.radiolimari.cl\/index.php?rest_route=\/wp\/v2\/types\/post"}],"author":[{"embeddable":true,"href":"https:\/\/www.radiolimari.cl\/index.php?rest_route=\/wp\/v2\/users\/2"}],"replies":[{"embeddable":true,"href":"https:\/\/www.radiolimari.cl\/index.php?rest_route=%2Fwp%2Fv2%2Fcomments&post=9343"}],"version-history":[{"count":1,"href":"https:\/\/www.radiolimari.cl\/index.php?rest_route=\/wp\/v2\/posts\/9343\/revisions"}],"predecessor-version":[{"id":9345,"href":"https:\/\/www.radiolimari.cl\/index.php?rest_route=\/wp\/v2\/posts\/9343\/revisions\/9345"}],"wp:featuredmedia":[{"embeddable":true,"href":"https:\/\/www.radiolimari.cl\/index.php?rest_route=\/wp\/v2\/media\/9344"}],"wp:attachment":[{"href":"https:\/\/www.radiolimari.cl\/index.php?rest_route=%2Fwp%2Fv2%2Fmedia&parent=9343"}],"wp:term":[{"taxonomy":"category","embeddable":true,"href":"https:\/\/www.radiolimari.cl\/index.php?rest_route=%2Fwp%2Fv2%2Fcategories&post=9343"},{"taxonomy":"post_tag","embeddable":true,"href":"https:\/\/www.radiolimari.cl\/index.php?rest_route=%2Fwp%2Fv2%2Ftags&post=9343"}],"curies":[{"name":"wp","href":"https:\/\/api.w.org\/{rel}","templated":true}]}}