{"id":9329,"date":"2023-06-06T01:21:06","date_gmt":"2023-06-06T01:21:06","guid":{"rendered":"https:\/\/www.radiolimari.cl\/?p=9329"},"modified":"2023-06-06T01:21:07","modified_gmt":"2023-06-06T01:21:07","slug":"accion-de-carabineros-permite-detener-a-cinco-sujetos-por-robo-con-intimidacion-en-servicentro-en-ovalle","status":"publish","type":"post","link":"https:\/\/www.radiolimari.cl\/?p=9329","title":{"rendered":"Acci\u00f3n de Carabineros permite detener a cinco sujetos por robo con intimidaci\u00f3n en servicentro en Ovalle"},"content":{"rendered":"\n<figure class=\"wp-block-image size-large\"><a href=\"https:\/\/www.radiolimari.cl\/wp-content\/uploads\/2023\/06\/ROBO-INTIMIDACION-OVALLE-1-1.jpg\"><img fetchpriority=\"high\" decoding=\"async\" width=\"1024\" height=\"768\" src=\"https:\/\/www.radiolimari.cl\/wp-content\/uploads\/2023\/06\/ROBO-INTIMIDACION-OVALLE-1-1-1024x768.jpg\" alt=\"\" class=\"wp-image-9330\" srcset=\"https:\/\/www.radiolimari.cl\/wp-content\/uploads\/2023\/06\/ROBO-INTIMIDACION-OVALLE-1-1-1024x768.jpg 1024w, https:\/\/www.radiolimari.cl\/wp-content\/uploads\/2023\/06\/ROBO-INTIMIDACION-OVALLE-1-1-300x225.jpg 300w, https:\/\/www.radiolimari.cl\/wp-content\/uploads\/2023\/06\/ROBO-INTIMIDACION-OVALLE-1-1-768x576.jpg 768w, https:\/\/www.radiolimari.cl\/wp-content\/uploads\/2023\/06\/ROBO-INTIMIDACION-OVALLE-1-1.jpg 1440w\" sizes=\"(max-width: 1024px) 100vw, 1024px\" \/><\/a><\/figure>\n\n\n\n<p><strong><em>Delegado Presidencial Provincial de Limar\u00ed destac\u00f3 la labor de carabineros as\u00ed como la oportuna denuncia que permiti\u00f3 dar con los asaltantes.<\/em><\/strong><\/p>\n\n\n\n<p>En un procedimiento policial realizado en el sector alto y c\u00e9ntrico de la comuna de Ovalle, personal de carabineros logr\u00f3 la detenci\u00f3n de 5 sujetos indicados como involucrados en un delito de robo con intimidaci\u00f3n a un servicentro de combustibles ubicado en la salida sur de la ciudad Ovalle.<\/p>\n\n\n\n<p>\u201cSe logra la detenci\u00f3n de cinco sujetos de nacionalidad chilena. Quienes momentos antes asaltaron una bencinera que se encuentra a la salida sur (\u2026) Los sujetos huyeron a la parte alta de la ciudad donde carabineros puedo seguirlos y efectuar un cerco policial y con la ayuda del dron de la Delegaci\u00f3n Presidencial, m\u00e1s las c\u00e1maras de televigilancia de la municipalidad, se logr\u00f3 identificar a los sujetos que iban huyendo y fueron detenidos en la parte alta de Ovalle. En tanto, quien era el conductor fue detenido en el sector c\u00e9ntrico de la ciudad de Ovalle por parte del personal de Carabineros\u201d, explic\u00f3 respecto del procedimiento el Prefecto de Carabineros Limar\u00ed-Choapa, Gianni Barnato.<\/p>\n\n\n\n<p>De este modo, se logr\u00f3 detener a todos los presuntos implicados en el robo, as\u00ed como recuperar el total del dinero sustra\u00eddo durante el asalto, municiones y armas de fuego. Cabe destacar que ninguna persona result\u00f3 lesionada durante este procedimiento y los sujetos pasaron a control de detenci\u00f3n.<\/p>\n\n\n\n<p>El Delegado Presidencial Provincial de Limar\u00ed, destac\u00f3 esta importante labor policial indicando que \u201ces necesario resaltar y felicitar el trabajo impecable que realizaron los funcionarios de Carabineros de la Tercera Comisar\u00eda de la Prefectura Limar\u00ed, que permitieron en tiempo r\u00e9cord detener a los sujetos que hab\u00edan cometido este delito, en un trabajo que demuestra que con acciones coordinadas, con mayor tecnolog\u00eda tambi\u00e9n, se logran acciones como estas. Tambi\u00e9n felicitar el accionar por parte de las v\u00edctimas qui\u00e9n es pudieron dar la alerta temprana que permiti\u00f3 que se realizar\u00e1 el despliegue de Carabineros\u201d.<\/p>\n\n\n\n<p><\/p>\n","protected":false},"excerpt":{"rendered":"<p>Delegado Presidencial Provincial de Limar\u00ed destac\u00f3 la labor de carabineros as\u00ed como la oportuna denuncia que permiti\u00f3 dar con los asaltantes. En un procedimiento policial realizado en el sector alto y c\u00e9ntrico de la comuna de Ovalle, personal de carabineros logr\u00f3 la detenci\u00f3n de 5 sujetos indicados como involucrados en un delito de robo con &#8230;<\/p>\n","protected":false},"author":2,"featured_media":9330,"comment_status":"open","ping_status":"open","sticky":false,"template":"","format":"standard","meta":{"footnotes":""},"categories":[5],"tags":[],"class_list":["post-9329","post","type-post","status-publish","format-standard","has-post-thumbnail","hentry","category-actualidad-limarina"],"_links":{"self":[{"href":"https:\/\/www.radiolimari.cl\/index.php?rest_route=\/wp\/v2\/posts\/9329","targetHints":{"allow":["GET"]}}],"collection":[{"href":"https:\/\/www.radiolimari.cl\/index.php?rest_route=\/wp\/v2\/posts"}],"about":[{"href":"https:\/\/www.radiolimari.cl\/index.php?rest_route=\/wp\/v2\/types\/post"}],"author":[{"embeddable":true,"href":"https:\/\/www.radiolimari.cl\/index.php?rest_route=\/wp\/v2\/users\/2"}],"replies":[{"embeddable":true,"href":"https:\/\/www.radiolimari.cl\/index.php?rest_route=%2Fwp%2Fv2%2Fcomments&post=9329"}],"version-history":[{"count":1,"href":"https:\/\/www.radiolimari.cl\/index.php?rest_route=\/wp\/v2\/posts\/9329\/revisions"}],"predecessor-version":[{"id":9331,"href":"https:\/\/www.radiolimari.cl\/index.php?rest_route=\/wp\/v2\/posts\/9329\/revisions\/9331"}],"wp:featuredmedia":[{"embeddable":true,"href":"https:\/\/www.radiolimari.cl\/index.php?rest_route=\/wp\/v2\/media\/9330"}],"wp:attachment":[{"href":"https:\/\/www.radiolimari.cl\/index.php?rest_route=%2Fwp%2Fv2%2Fmedia&parent=9329"}],"wp:term":[{"taxonomy":"category","embeddable":true,"href":"https:\/\/www.radiolimari.cl\/index.php?rest_route=%2Fwp%2Fv2%2Fcategories&post=9329"},{"taxonomy":"post_tag","embeddable":true,"href":"https:\/\/www.radiolimari.cl\/index.php?rest_route=%2Fwp%2Fv2%2Ftags&post=9329"}],"curies":[{"name":"wp","href":"https:\/\/api.w.org\/{rel}","templated":true}]}}