{"id":9324,"date":"2023-06-05T17:27:04","date_gmt":"2023-06-05T17:27:04","guid":{"rendered":"https:\/\/www.radiolimari.cl\/?p=9324"},"modified":"2023-06-05T17:27:04","modified_gmt":"2023-06-05T17:27:04","slug":"invitan-a-participar-en-la-nueva-convocatoria-2023-del-concurso-historias-de-nuestra-tierra","status":"publish","type":"post","link":"https:\/\/www.radiolimari.cl\/?p=9324","title":{"rendered":"Invitan a participar en la nueva convocatoria 2023 del concurso Historias de Nuestra Tierra"},"content":{"rendered":"\n<figure class=\"wp-block-image size-large is-resized\"><a href=\"https:\/\/www.radiolimari.cl\/wp-content\/uploads\/2023\/06\/Afiche-concurso-HNT-2023.jpg\"><img fetchpriority=\"high\" decoding=\"async\" src=\"https:\/\/www.radiolimari.cl\/wp-content\/uploads\/2023\/06\/Afiche-concurso-HNT-2023-686x1024.jpg\" alt=\"\" class=\"wp-image-9325\" width=\"396\" height=\"591\" srcset=\"https:\/\/www.radiolimari.cl\/wp-content\/uploads\/2023\/06\/Afiche-concurso-HNT-2023-686x1024.jpg 686w, https:\/\/www.radiolimari.cl\/wp-content\/uploads\/2023\/06\/Afiche-concurso-HNT-2023-201x300.jpg 201w, https:\/\/www.radiolimari.cl\/wp-content\/uploads\/2023\/06\/Afiche-concurso-HNT-2023-768x1146.jpg 768w, https:\/\/www.radiolimari.cl\/wp-content\/uploads\/2023\/06\/Afiche-concurso-HNT-2023-1029x1536.jpg 1029w, https:\/\/www.radiolimari.cl\/wp-content\/uploads\/2023\/06\/Afiche-concurso-HNT-2023.jpg 1142w\" sizes=\"(max-width: 396px) 100vw, 396px\" \/><\/a><\/figure>\n\n\n\n<p>Las obras pueden ser enviadas hasta el 31 de agosto de 2023 a trav\u00e9s del sitio web\u00a0<a rel=\"noreferrer noopener\" href=\"http:\/\/www.historiasdenuestratierra.cl\/\" target=\"_blank\">www.historiasdenuestratierra.cl<\/a><\/p>\n\n\n\n<p>La semana reci\u00e9n pasada el ministro de Agricultura Esteban Valenzuela encabez\u00f3 el lanzamiento de la nueva versi\u00f3n del tradicional concurso \u201cHistorias de Nuestra Tierra\u201d, que este 2023 cumple 31 a\u00f1os relevando y difundiendo las historias, mitos y tradiciones de los territorios rurales del pa\u00eds. Ni\u00f1as, ni\u00f1os, j\u00f3venes y adultos de todo el pa\u00eds pueden concursar por premios nacionales y regionales, enviando sus cuentos, poemas y dibujos en&nbsp;<a href=\"http:\/\/www.historiasdenuestratierra.cl\/\" target=\"_blank\" rel=\"noreferrer noopener\">www.historiasdenuestratierra.cl<\/a>.<\/p>\n\n\n\n<p>\u201cFUCOA viene promoviendo hace ya 31 a\u00f1os cuentos, relatos, tambi\u00e9n dibujos. Todo esto es muy significativo, porque los mejores valores de Chile, las tradiciones, la fraternidad, el amor a la tierra, el cuidado del medio ambiente, la importancia de la familia, del barrio y de la localidad vienen de nuestra ruralidad, de esa alma de campo de las chilenas y los chilenos. Participen en esta versi\u00f3n, vamos a llenar nuestra tierra de vitalidad con este concurso\u201d. Con estas palabras, el ministro de Agricultura, Esteban Valenzuela, inici\u00f3 la convocatoria 2023 del concurso Historias de Nuestra Tierra, certamen \u00fanico en su tipo y de car\u00e1cter nacional organizado por la Fundaci\u00f3n de Comunicaciones, Capacitaci\u00f3n y Cultura del Agro (FUCOA), que por m\u00e1s de 30 a\u00f1os busca relevar y difundir los relatos, mitos y leyendas propias del campo chileno.<\/p>\n\n\n\n<p>En tanto el seremi de Agricultura de la regi\u00f3n, Christian \u00c1lvarez, llam\u00f3 a la comunidad a no perderse la oportunidad de formar parte de Historias de Nuestra Tierra, \u201cEstamos muy contentos de poder dar inicio a esta nueva convocatoria, que por un a\u00f1o m\u00e1s permite a ni\u00f1as, ni\u00f1os, j\u00f3venes y adultos de toda nuestra regi\u00f3n rescatar y plasmar las tradiciones del campo y del mundo rural. La invitaci\u00f3n es a que revisen las bases del concurso y que se animen a ser parte de esta nueva edici\u00f3n de este gran concurso Historias de Nuestra Tierra\u201d.<\/p>\n\n\n\n<p>Por su parte, el director ejecutivo de FUCOA, Claudio Urtubia, coment\u00f3 que \u201cel concurso Historia de Nuestra Tierra es un hito cultural para el Ministerio de Agricultura, queremos que todas y todos participen activamente a lo largo del l pa\u00eds, porque la historia de cada una de las personas que conforman nuestra sociedad es parte importante del Chile en el que vivimos, es una herencia de nuestros antepasados, de nuestros or\u00edgenes. El campo y la ruralidad son parte de nuestras ra\u00edces y de la riqueza de nuestra cultura\u201d.<\/p>\n\n\n\n<p>Este concurso cuenta con un jurado conformado por reconocidas figuras de la escena cultural chilena, destacando en sus versiones anteriores a Sonia Montecino, Premio Nacional de Humanidades y Ciencias Sociales (2013); H\u00e9ctor Velis-Meza, periodista y profesor de oratoria; Osvaldo C\u00e1diz, investigador del folclor y director acad\u00e9mico de la Academia Nacional de Cultura Tradicional Margot Loyola; y Elicura Chihuailaf, poeta y escritor mapuche, Premio Nacional de Literatura (2020), entre otros.<\/p>\n\n\n\n<p>Cabe resaltar que la Biblioteca Nacional cada a\u00f1o recibe y conserva la totalidad de las obras recibidas en el Fondo FUCOA dentro del Archivo de Literatura Oral y Tradiciones Populares, donde son consultadas por investigadores profesionales y p\u00fablico general.<\/p>\n\n\n\n<p><strong>Convocatoria 2023<\/strong><strong><\/strong><\/p>\n\n\n\n<p>En esta 31a versi\u00f3n del concurso, entre los premios para ni\u00f1os, ni\u00f1as y j\u00f3venes habr\u00e1 notebooks, tablets, bicicletas y sets de escritura, mientras que las y los adultos ganadores recibir\u00e1n hasta medio mill\u00f3n de pesos. A su vez, todos los ganadores y ganadoras tendr\u00e1n la posibilidad de ver publicada su obra en el libro recopilatorio \u201cAntolog\u00eda\u201d, que FUCOA edita y publica a\u00f1o a a\u00f1o.<\/p>\n\n\n\n<p>Asimismo, a trav\u00e9s del premio especial \u201cPueblos Originarios\u201d se entregar\u00e1 una distinci\u00f3n al cuento que mejor represente a los pueblos originarios de Chile, mientras que \u201cMujer Rural\u201d reconocer\u00e1 al cuento que releve la participaci\u00f3n femenina y, como novedad, el premio especial \u201cCocina Tradicional\u201d destacar\u00e1 al cuento que se inspire en alimentos o recetas t\u00edpicas chilenas.<\/p>\n\n\n\n<p>Adem\u00e1s, este a\u00f1o se entregar\u00e1n premios especiales a aquellos docentes que promuevan la participaci\u00f3n de estudiantes en cualquier categor\u00eda, as\u00ed como a los establecimientos educacionales con mayor participaci\u00f3n de sus estudiantes.<\/p>\n\n\n\n<p>Las obras pueden ser enviadas hasta el 31 de agosto de 2023 a trav\u00e9s del sitio web&nbsp;<a href=\"http:\/\/www.historiasdenuestratierra.cl\/\" target=\"_blank\" rel=\"noreferrer noopener\">www.historiasdenuestratierra.cl<\/a>, donde est\u00e1n disponibles las bases del concurso, resultados anteriores, Galer\u00eda de Ganadores, material educativo y m\u00e1s informaci\u00f3n sobre el certamen.<\/p>\n","protected":false},"excerpt":{"rendered":"<p>Las obras pueden ser enviadas hasta el 31 de agosto de 2023 a trav\u00e9s del sitio web\u00a0www.historiasdenuestratierra.cl La semana reci\u00e9n pasada el ministro de Agricultura Esteban Valenzuela encabez\u00f3 el lanzamiento de la nueva versi\u00f3n del tradicional concurso \u201cHistorias de Nuestra Tierra\u201d, que este 2023 cumple 31 a\u00f1os relevando y difundiendo las historias, mitos y tradiciones &#8230;<\/p>\n","protected":false},"author":2,"featured_media":9325,"comment_status":"open","ping_status":"open","sticky":false,"template":"","format":"standard","meta":{"footnotes":""},"categories":[3],"tags":[],"class_list":["post-9324","post","type-post","status-publish","format-standard","has-post-thumbnail","hentry","category-actualidad"],"_links":{"self":[{"href":"https:\/\/www.radiolimari.cl\/index.php?rest_route=\/wp\/v2\/posts\/9324","targetHints":{"allow":["GET"]}}],"collection":[{"href":"https:\/\/www.radiolimari.cl\/index.php?rest_route=\/wp\/v2\/posts"}],"about":[{"href":"https:\/\/www.radiolimari.cl\/index.php?rest_route=\/wp\/v2\/types\/post"}],"author":[{"embeddable":true,"href":"https:\/\/www.radiolimari.cl\/index.php?rest_route=\/wp\/v2\/users\/2"}],"replies":[{"embeddable":true,"href":"https:\/\/www.radiolimari.cl\/index.php?rest_route=%2Fwp%2Fv2%2Fcomments&post=9324"}],"version-history":[{"count":1,"href":"https:\/\/www.radiolimari.cl\/index.php?rest_route=\/wp\/v2\/posts\/9324\/revisions"}],"predecessor-version":[{"id":9326,"href":"https:\/\/www.radiolimari.cl\/index.php?rest_route=\/wp\/v2\/posts\/9324\/revisions\/9326"}],"wp:featuredmedia":[{"embeddable":true,"href":"https:\/\/www.radiolimari.cl\/index.php?rest_route=\/wp\/v2\/media\/9325"}],"wp:attachment":[{"href":"https:\/\/www.radiolimari.cl\/index.php?rest_route=%2Fwp%2Fv2%2Fmedia&parent=9324"}],"wp:term":[{"taxonomy":"category","embeddable":true,"href":"https:\/\/www.radiolimari.cl\/index.php?rest_route=%2Fwp%2Fv2%2Fcategories&post=9324"},{"taxonomy":"post_tag","embeddable":true,"href":"https:\/\/www.radiolimari.cl\/index.php?rest_route=%2Fwp%2Fv2%2Ftags&post=9324"}],"curies":[{"name":"wp","href":"https:\/\/api.w.org\/{rel}","templated":true}]}}