{"id":9321,"date":"2023-06-05T15:27:23","date_gmt":"2023-06-05T15:27:23","guid":{"rendered":"https:\/\/www.radiolimari.cl\/?p=9321"},"modified":"2023-06-05T15:27:24","modified_gmt":"2023-06-05T15:27:24","slug":"punto-de-vista-avanzar-hacia-un-estado-de-bienestar","status":"publish","type":"post","link":"https:\/\/www.radiolimari.cl\/?p=9321","title":{"rendered":"PUNTO DE VISTA: Avanzar hacia un Estado de bienestar"},"content":{"rendered":"\n<figure class=\"wp-block-image size-large\"><a href=\"https:\/\/www.radiolimari.cl\/wp-content\/uploads\/2023\/06\/WhatsApp-Image-2023-06-05-at-11.04.22.jpeg\"><img fetchpriority=\"high\" decoding=\"async\" width=\"1024\" height=\"768\" src=\"https:\/\/www.radiolimari.cl\/wp-content\/uploads\/2023\/06\/WhatsApp-Image-2023-06-05-at-11.04.22-1024x768.jpeg\" alt=\"\" class=\"wp-image-9322\" srcset=\"https:\/\/www.radiolimari.cl\/wp-content\/uploads\/2023\/06\/WhatsApp-Image-2023-06-05-at-11.04.22-1024x768.jpeg 1024w, https:\/\/www.radiolimari.cl\/wp-content\/uploads\/2023\/06\/WhatsApp-Image-2023-06-05-at-11.04.22-300x225.jpeg 300w, https:\/\/www.radiolimari.cl\/wp-content\/uploads\/2023\/06\/WhatsApp-Image-2023-06-05-at-11.04.22-768x576.jpeg 768w, https:\/\/www.radiolimari.cl\/wp-content\/uploads\/2023\/06\/WhatsApp-Image-2023-06-05-at-11.04.22-1536x1152.jpeg 1536w, https:\/\/www.radiolimari.cl\/wp-content\/uploads\/2023\/06\/WhatsApp-Image-2023-06-05-at-11.04.22.jpeg 1600w\" sizes=\"(max-width: 1024px) 100vw, 1024px\" \/><\/a><\/figure>\n\n\n\n<p>Opini\u00f3n de la Seremi de Gobierno, Paulina Mora, respecto a los avances y anuncios realizados por el Presidente, Gabriel Boric, en la Cuenta P\u00fablica.<\/p>\n\n\n\n<p>El Estado de bienestar es uno de los tantos conceptos que se ha discutido extensamente en nuestro pa\u00eds, especialmente debido al debate constitucional en el que nos encontramos desde hace unos a\u00f1os atr\u00e1s: el Estado Social y Democr\u00e1tico de Derecho.<\/p>\n\n\n\n<p>En la cuenta p\u00fablica presidencial, queda demostrado con hechos, que es posible avanzar hacia un Estado social o de bienestar y que, no se trata de una cuesti\u00f3n meramente ret\u00f3rica o ideol\u00f3gica, sino que est\u00e1 claramente definido por las iniciativas sociales impulsadas por el Estado en su conjunto, expresado en pol\u00edticas p\u00fablicas orientadas a mejorar la calidad de vida de las personas.<\/p>\n\n\n\n<p>Como dijo el presidente, evaluando los avances \u201cdesprovistos de las pasiones contingentes\u201d encontraremos que la hoja de ruta que hemos trazado, ha avanzado y continuar\u00e1 avanzando en la senda de alcanzar mayores niveles de seguridad, de justicia social y territorial que dan cuenta que el camino hacia un Estado de bienestar es posible y que se traduce en soluciones concretas: como la ley de 40 horas, la pol\u00edtica del copago cero, el aumento del salario m\u00ednimo, el plan ciudades justas, el de emergencia habitacional y para nosotros -de vital importancia como regi\u00f3n minera- la aprobaci\u00f3n del royalty minero.<\/p>\n\n\n\n<p>En materia de seguridad, somos un ejemplo a nivel nacional, donde se destac\u00f3 por parte de la m\u00e1xima autoridad el trabajo de nuestro delegado presidencial Rub\u00e9n Quezada, especialmente en cuanto a la ejecuci\u00f3n del Plan de Recuperaci\u00f3n de Espacios P\u00fablicos en la conurbaci\u00f3n La Serena-Coquimbo.<\/p>\n\n\n\n<p>Debemos sentirnos orgullosos y orgullosas de que nuestra regi\u00f3n tenga \u00e9xito en esta materia, a trav\u00e9s de una labor coordinada con autoridades locales, polic\u00edas y autoridades regionales, porque sin duda, parte de este resultado ha sido porque todos y todas, dentro del marco de sus atribuciones contribuyeron en la consecuci\u00f3n de un fin mayor.<\/p>\n\n\n\n<p>Es por esto que, en el mensaje presidencial, el jefe de Estado desprovisto de todo inter\u00e9s personal y con mucha responsabilidad, reconoci\u00f3 que los resultados de su gesti\u00f3n no empiezan ni terminan en \u00e9l, sino que se trata \u201cdel trabajo de los diversos poderes del Estado, del conjunto de las fuerzas pol\u00edticas, de la sociedad civil, de los trabajadores, emprendedores y empresarios, y en especial de la extraordinaria resiliencia que han mostrado las y los chilenos y sus familias\u201d, fue un mensaje claro, contundente y cercano.<\/p>\n\n\n\n<p>El desaf\u00edo es establecer desde una pol\u00edtica de Estado, no solo la continuidad de esta y otras iniciativas que apuntan hacia el buen vivir, sino que adem\u00e1s demuestran la importancia del rol p\u00fablico en llevar adelante acciones que siempre tendr\u00e1n como objetivo la protecci\u00f3n y promoci\u00f3n de los derechos de las y los ciudadanos.<\/p>\n\n\n\n<p><strong>Paulina Mora Lara, Seremi de Gobierno de la Regi\u00f3n de Coquimbo<\/strong><\/p>\n","protected":false},"excerpt":{"rendered":"<p>Opini\u00f3n de la Seremi de Gobierno, Paulina Mora, respecto a los avances y anuncios realizados por el Presidente, Gabriel Boric, en la Cuenta P\u00fablica. El Estado de bienestar es uno de los tantos conceptos que se ha discutido extensamente en nuestro pa\u00eds, especialmente debido al debate constitucional en el que nos encontramos desde hace unos &#8230;<\/p>\n","protected":false},"author":2,"featured_media":9322,"comment_status":"open","ping_status":"open","sticky":false,"template":"","format":"standard","meta":{"footnotes":""},"categories":[6],"tags":[],"class_list":["post-9321","post","type-post","status-publish","format-standard","has-post-thumbnail","hentry","category-regionales"],"_links":{"self":[{"href":"https:\/\/www.radiolimari.cl\/index.php?rest_route=\/wp\/v2\/posts\/9321","targetHints":{"allow":["GET"]}}],"collection":[{"href":"https:\/\/www.radiolimari.cl\/index.php?rest_route=\/wp\/v2\/posts"}],"about":[{"href":"https:\/\/www.radiolimari.cl\/index.php?rest_route=\/wp\/v2\/types\/post"}],"author":[{"embeddable":true,"href":"https:\/\/www.radiolimari.cl\/index.php?rest_route=\/wp\/v2\/users\/2"}],"replies":[{"embeddable":true,"href":"https:\/\/www.radiolimari.cl\/index.php?rest_route=%2Fwp%2Fv2%2Fcomments&post=9321"}],"version-history":[{"count":1,"href":"https:\/\/www.radiolimari.cl\/index.php?rest_route=\/wp\/v2\/posts\/9321\/revisions"}],"predecessor-version":[{"id":9323,"href":"https:\/\/www.radiolimari.cl\/index.php?rest_route=\/wp\/v2\/posts\/9321\/revisions\/9323"}],"wp:featuredmedia":[{"embeddable":true,"href":"https:\/\/www.radiolimari.cl\/index.php?rest_route=\/wp\/v2\/media\/9322"}],"wp:attachment":[{"href":"https:\/\/www.radiolimari.cl\/index.php?rest_route=%2Fwp%2Fv2%2Fmedia&parent=9321"}],"wp:term":[{"taxonomy":"category","embeddable":true,"href":"https:\/\/www.radiolimari.cl\/index.php?rest_route=%2Fwp%2Fv2%2Fcategories&post=9321"},{"taxonomy":"post_tag","embeddable":true,"href":"https:\/\/www.radiolimari.cl\/index.php?rest_route=%2Fwp%2Fv2%2Ftags&post=9321"}],"curies":[{"name":"wp","href":"https:\/\/api.w.org\/{rel}","templated":true}]}}