{"id":9315,"date":"2023-06-05T00:36:49","date_gmt":"2023-06-05T00:36:49","guid":{"rendered":"https:\/\/www.radiolimari.cl\/?p=9315"},"modified":"2023-06-05T00:36:49","modified_gmt":"2023-06-05T00:36:49","slug":"lanzan-programa-ecobarrios-como-alternativa-de-desarrollo-para-una-planificacion-urbana-sustentable","status":"publish","type":"post","link":"https:\/\/www.radiolimari.cl\/?p=9315","title":{"rendered":"Lanzan programa EcoBarrios como alternativa de desarrollo para una planificaci\u00f3n urbana sustentable"},"content":{"rendered":"\n<figure class=\"wp-block-image size-full\"><a href=\"https:\/\/www.radiolimari.cl\/wp-content\/uploads\/2023\/06\/3O5A2973-2.jpg\"><img fetchpriority=\"high\" decoding=\"async\" width=\"800\" height=\"533\" src=\"https:\/\/www.radiolimari.cl\/wp-content\/uploads\/2023\/06\/3O5A2973-2.jpg\" alt=\"\" class=\"wp-image-9316\" srcset=\"https:\/\/www.radiolimari.cl\/wp-content\/uploads\/2023\/06\/3O5A2973-2.jpg 800w, https:\/\/www.radiolimari.cl\/wp-content\/uploads\/2023\/06\/3O5A2973-2-300x200.jpg 300w, https:\/\/www.radiolimari.cl\/wp-content\/uploads\/2023\/06\/3O5A2973-2-768x512.jpg 768w\" sizes=\"(max-width: 800px) 100vw, 800px\" \/><\/a><\/figure>\n\n\n\n<p><strong>Plan piloto en la Regi\u00f3n de Coquimbo se est\u00e1 realizando en el sector de Las Compa\u00f1\u00edas de La Serena y se expandir\u00e1 tambi\u00e9n en las comunas de Ovalle e Illapel, proyecto financiado por el Gobierno Regional. <\/strong><\/p>\n\n\n\n<p>Promover alternativas sustentables para proteger nuestro planeta es uno de los principales objetivos del Gobierno Regional. Dentro de los proyectos destacados nacen los denominados EcoBarrios, espacios comunitarios que buscan mitigar el impacto del cambio clim\u00e1tico en \u00e1reas afectadas por un crecimiento urbano descontrolado. Con estas iniciativas, se busca equilibrar el progreso con el cuidado del medio ambiente y mejorar la calidad de vida de las comunidades.<\/p>\n\n\n\n<p>As\u00ed lo destac\u00f3 la gobernadora Krist Naranjo, \u201choy d\u00eda estamos lanzando oficialmente los talleres que componen este programa EcoBarrios regional que estamos propulsando y que es uno de los trabajos que fuimos a realzar a M\u00e9xico, pudimos traer esta innovaci\u00f3n a nuestro territorio a trav\u00e9s de fundaciones mexicanas y de empresas como SARAR, lo que es totalmente relevante y aporta directamente a todos los barrios hoy d\u00eda marginados de nuestra regi\u00f3n\u201d.<\/p>\n\n\n\n<p>Efectivamente, la Fundaci\u00f3n Buenas Ra\u00edces presenta al equipo SARAR, quienes se encargar\u00e1n de impartir talleres, seminarios y capacitaciones con el objetivo de fortalecer las comunidades. Utilizando enfoques participativos, se busca identificar problem\u00e1ticas, recuperar espacios y fomentar cambios en los comportamientos de higiene. El prop\u00f3sito principal es lograr un saneamiento sostenible y una gesti\u00f3n integrada del agua en \u00e1reas urbanas, mediante la implementaci\u00f3n de ecotecnolog\u00edas, dise\u00f1o y planificaci\u00f3n adaptados a las necesidades espec\u00edficas de cada poblaci\u00f3n.<\/p>\n\n\n\n<p>Un proyecto que se est\u00e1 ejecutando como plan piloto en la Villa El Jard\u00edn de Las Compa\u00f1\u00edas de la comuna de La Serena y surge como una gran oportunidad de realizar un novedoso programa el sector, asegur\u00f3 Cecilia Rojas, presidenta de la organizaci\u00f3n vecinal, \u201cestamos muy felices y eternos agradecidos de por fin de dejar ser invisibles al ser el sector perif\u00e9rico de Las Compa\u00f1\u00edas sector norte, y un gusto de seguir trabajando con toda la esperanza de poder lograr un barrio ecol\u00f3gico y ser pioneros en esto\u201d.<\/p>\n\n\n\n<p>Pr\u00f3ximamente, se llevar\u00e1n a cabo la implementaci\u00f3n de dos nuevos EcoBarrios en la regi\u00f3n. Uno de ellos se ubicar\u00e1 en el sector Las Tapias de Ovalle, mientras que el otro estar\u00e1 en la comuna de Illapel. Estos proyectos tienen como objetivo involucrar a estudiantes de diferentes niveles educativos y a organizaciones sociales en la transformaci\u00f3n ecosist\u00e9mica de barrios identificados como vulnerables. De esta manera, se busca fomentar la participaci\u00f3n de la comunidad en la construcci\u00f3n de entornos m\u00e1s sostenibles.<\/p>\n\n\n\n<p>Seg\u00fan resalt\u00f3 Ver\u00f3nica Sacta, coordinadora del plan piloto Ecobarrios Regi\u00f3n de Coquimbo, este programa \u201cimpulsa uno de los pilares que se est\u00e1n realizando en esta regi\u00f3n sobre temas de sostenibilidad, regeneraci\u00f3n y resiliencia, claves para mitigar este cambio clim\u00e1tico que es una crisis a nivel global y con esto se est\u00e1 abriendo un camino y vanguardia en este tema\u201d.<\/p>\n\n\n\n<p>Los resultados obtenidos por este proyecto en otras comunas como Maip\u00fa, Regi\u00f3n Metropolitana, han fortalecido la idea de implementar pol\u00edticas p\u00fablicas que expandan esta iniciativa a m\u00e1s sectores de la poblaci\u00f3n. De esta manera, se busca fomentar la conciencia social y ambiental de los habitantes, permiti\u00e9ndoles tomar un papel activo en la protecci\u00f3n y cuidado de sus propios territorios.<\/p>\n","protected":false},"excerpt":{"rendered":"<p>Plan piloto en la Regi\u00f3n de Coquimbo se est\u00e1 realizando en el sector de Las Compa\u00f1\u00edas de La Serena y se expandir\u00e1 tambi\u00e9n en las comunas de Ovalle e Illapel, proyecto financiado por el Gobierno Regional. Promover alternativas sustentables para proteger nuestro planeta es uno de los principales objetivos del Gobierno Regional. Dentro de los &#8230;<\/p>\n","protected":false},"author":2,"featured_media":9316,"comment_status":"open","ping_status":"open","sticky":false,"template":"","format":"standard","meta":{"footnotes":""},"categories":[6],"tags":[],"class_list":["post-9315","post","type-post","status-publish","format-standard","has-post-thumbnail","hentry","category-regionales"],"_links":{"self":[{"href":"https:\/\/www.radiolimari.cl\/index.php?rest_route=\/wp\/v2\/posts\/9315","targetHints":{"allow":["GET"]}}],"collection":[{"href":"https:\/\/www.radiolimari.cl\/index.php?rest_route=\/wp\/v2\/posts"}],"about":[{"href":"https:\/\/www.radiolimari.cl\/index.php?rest_route=\/wp\/v2\/types\/post"}],"author":[{"embeddable":true,"href":"https:\/\/www.radiolimari.cl\/index.php?rest_route=\/wp\/v2\/users\/2"}],"replies":[{"embeddable":true,"href":"https:\/\/www.radiolimari.cl\/index.php?rest_route=%2Fwp%2Fv2%2Fcomments&post=9315"}],"version-history":[{"count":1,"href":"https:\/\/www.radiolimari.cl\/index.php?rest_route=\/wp\/v2\/posts\/9315\/revisions"}],"predecessor-version":[{"id":9317,"href":"https:\/\/www.radiolimari.cl\/index.php?rest_route=\/wp\/v2\/posts\/9315\/revisions\/9317"}],"wp:featuredmedia":[{"embeddable":true,"href":"https:\/\/www.radiolimari.cl\/index.php?rest_route=\/wp\/v2\/media\/9316"}],"wp:attachment":[{"href":"https:\/\/www.radiolimari.cl\/index.php?rest_route=%2Fwp%2Fv2%2Fmedia&parent=9315"}],"wp:term":[{"taxonomy":"category","embeddable":true,"href":"https:\/\/www.radiolimari.cl\/index.php?rest_route=%2Fwp%2Fv2%2Fcategories&post=9315"},{"taxonomy":"post_tag","embeddable":true,"href":"https:\/\/www.radiolimari.cl\/index.php?rest_route=%2Fwp%2Fv2%2Ftags&post=9315"}],"curies":[{"name":"wp","href":"https:\/\/api.w.org\/{rel}","templated":true}]}}