{"id":9312,"date":"2023-06-05T00:20:09","date_gmt":"2023-06-05T00:20:09","guid":{"rendered":"https:\/\/www.radiolimari.cl\/?p=9312"},"modified":"2023-06-05T00:20:09","modified_gmt":"2023-06-05T00:20:09","slug":"en-la-comuna-de-monte-patria-en-sector-la-cisterna-de-tulahuen-se-inaugura-nuevo-punto-limpio-para-frenar-la-contaminacion-ambiental","status":"publish","type":"post","link":"https:\/\/www.radiolimari.cl\/?p=9312","title":{"rendered":"En la Comuna de Monte Patria en sector La Cisterna de Tulahu\u00e9n  se inaugura nuevo Punto Limpio para frenar la contaminaci\u00f3n ambiental"},"content":{"rendered":"\n<figure class=\"wp-block-image size-large\"><a href=\"https:\/\/www.radiolimari.cl\/wp-content\/uploads\/2023\/06\/WhatsApp-Image-2023-06-02-at-11.48.24-AM-3.jpeg\"><img fetchpriority=\"high\" decoding=\"async\" width=\"1024\" height=\"682\" src=\"https:\/\/www.radiolimari.cl\/wp-content\/uploads\/2023\/06\/WhatsApp-Image-2023-06-02-at-11.48.24-AM-3-1024x682.jpeg\" alt=\"\" class=\"wp-image-9313\" srcset=\"https:\/\/www.radiolimari.cl\/wp-content\/uploads\/2023\/06\/WhatsApp-Image-2023-06-02-at-11.48.24-AM-3-1024x682.jpeg 1024w, https:\/\/www.radiolimari.cl\/wp-content\/uploads\/2023\/06\/WhatsApp-Image-2023-06-02-at-11.48.24-AM-3-300x200.jpeg 300w, https:\/\/www.radiolimari.cl\/wp-content\/uploads\/2023\/06\/WhatsApp-Image-2023-06-02-at-11.48.24-AM-3-768x512.jpeg 768w, https:\/\/www.radiolimari.cl\/wp-content\/uploads\/2023\/06\/WhatsApp-Image-2023-06-02-at-11.48.24-AM-3-1536x1023.jpeg 1536w, https:\/\/www.radiolimari.cl\/wp-content\/uploads\/2023\/06\/WhatsApp-Image-2023-06-02-at-11.48.24-AM-3.jpeg 1600w\" sizes=\"(max-width: 1024px) 100vw, 1024px\" \/><\/a><\/figure>\n\n\n\n<p><strong><em>El proyecto, financiado por el Gobierno Regional, busca una alternativa para frenar el exceso de basura en la zona.<\/em><\/strong><\/p>\n\n\n\n<p>Un nuevo punto limpio se inaugur\u00f3 el pasado viernes en la localidad de La Cisterna de Tulahu\u00e9n, comuna de Monte Patria. La iniciativa, financiada por el Gobierno Regional, es una de las apuestas que busca contrarrestar el aumento de basura en la zona y darle as\u00ed un mejor uso.&nbsp; Un punto limpio son instalaciones ubicadas en lugares de acceso p\u00fablico, que est\u00e1n destinadas a recibir selectivamente residuos entregados por las personas para su posible pretratamiento y env\u00edos a centros de acopio, valorizaci\u00f3n o eliminaci\u00f3n.<\/p>\n\n\n\n<p>En la ceremonia de inauguraci\u00f3n estuvo presente la alcaldesa (s) Olga Barraza Cort\u00e9s, el Consejero Regional y miembro de la Comisi\u00f3n de Medio Ambiente, Energ\u00eda y Miner\u00eda, Pedro Valencia, la JJ.VV. de La Cisterna y miembros de la sociedad civil que llevaron los primeros residuos para ser depositados en los contenedores. Al respecto, Mar\u00eda de los \u00c1ngeles Cort\u00e9s,&nbsp; presidenta de la JJ.VV. del sector de La Cisterna-Tulahu\u00e9n, destac\u00f3 la labor que realiz\u00f3 la comunidad en pleno para ver formas de reciclaje alternativo en la zona. <strong>\u201cEn este d\u00eda tan lindo y hermoso, estoy muy contenta porque me apoyaron todos los vecinos y sali\u00f3 como se esperaba. Esto lo hacemos entre todos y de las autoridades que nos apoyaron\u201d&nbsp;<\/strong><\/p>\n\n\n\n<p>El financiamiento de este proyecto, que est\u00e1 avaluado en $9.248.872 y en la que la JJ.VV. de la localidad aport\u00f3 con el 10% del monto otorgado, es una de las primeras localidades en apostar por este tipo de alternativa para proteger la biodiversidad del sector, as\u00ed como impulsar un nuevo tipo de cultura medioambiental que pueda procesar o reciclar los residuos de los hogares. Un dato no menor es que a nivel regional, s\u00f3lo existe un relleno sanitario y casi la totalidad de las comunas presentan vertederos colapsados. Por lo mismo, la idea de crear nuevos puntos limpios en la zona, frena en cierta medida tales efectos que se vive a nivel regional.<\/p>\n\n\n\n<p><strong>\u201cEstamos muy contentos de estar en la localidad de La Cisterna; debemos felicitar a los vecinos de este sector por haber tenido la iniciativa de postular a este proyecto de instalaci\u00f3n de un punto limpio. Las comunidades est\u00e1n tomando conciencia del cuidado del medioambiente y la manera de tener mayor efecto con respecto a este tema es a trav\u00e9s del reciclaje\u201d<\/strong>, se\u00f1al\u00f3 Pedro Valencia, Consejero Regional y presidente de la Comisi\u00f3n de Medioambiente, Energ\u00eda y Miner\u00eda de Coquimbo.<\/p>\n\n\n\n<p>Desde el municipio, la alcaldesa (S) Olga Barraza Cort\u00e9s, destac\u00f3 la forma en que las comunidades se organizan para realizar mejoras en sus territorios&nbsp; e inst\u00f3 a las organizaciones sociales&nbsp;&nbsp;&nbsp; para que sigan trabajando con las instituciones del municipio para sacar adelante u orientar proyectos que mejoren la calidad de vida y\/o su entorno. \u201c<strong>Nuevamente estamos en La Cisterna con temas medioambientales, as\u00ed que felices por ellos, por la iniciativa de los vecinos y hoy inaugurando un tremendo punto limpio con fondos del Gobierno Regional. Estamos agradecidos por la invitaci\u00f3n y tambi\u00e9n de los vecinos, porque finalmente son ellos desde los territorios que deben impulsar las iniciativas y nosotros como municipio a trav\u00e9s del Departamento de Medio Ambiente\u201d.<\/strong><\/p>\n\n\n\n<p>La ceremonia finaliz\u00f3 con un grupo de vecinos que fueron a depositar basura en los distintos contenedores que se dispusieron y que est\u00e1 operativo para comenzar con la misi\u00f3n de reducir la cantidad de basura en el sector, cuidando as\u00ed el medioambiente.<\/p>\n","protected":false},"excerpt":{"rendered":"<p>El proyecto, financiado por el Gobierno Regional, busca una alternativa para frenar el exceso de basura en la zona. Un nuevo punto limpio se inaugur\u00f3 el pasado viernes en la localidad de La Cisterna de Tulahu\u00e9n, comuna de Monte Patria. La iniciativa, financiada por el Gobierno Regional, es una de las apuestas que busca contrarrestar &#8230;<\/p>\n","protected":false},"author":2,"featured_media":9313,"comment_status":"open","ping_status":"open","sticky":false,"template":"","format":"standard","meta":{"footnotes":""},"categories":[5],"tags":[],"class_list":["post-9312","post","type-post","status-publish","format-standard","has-post-thumbnail","hentry","category-actualidad-limarina"],"_links":{"self":[{"href":"https:\/\/www.radiolimari.cl\/index.php?rest_route=\/wp\/v2\/posts\/9312","targetHints":{"allow":["GET"]}}],"collection":[{"href":"https:\/\/www.radiolimari.cl\/index.php?rest_route=\/wp\/v2\/posts"}],"about":[{"href":"https:\/\/www.radiolimari.cl\/index.php?rest_route=\/wp\/v2\/types\/post"}],"author":[{"embeddable":true,"href":"https:\/\/www.radiolimari.cl\/index.php?rest_route=\/wp\/v2\/users\/2"}],"replies":[{"embeddable":true,"href":"https:\/\/www.radiolimari.cl\/index.php?rest_route=%2Fwp%2Fv2%2Fcomments&post=9312"}],"version-history":[{"count":1,"href":"https:\/\/www.radiolimari.cl\/index.php?rest_route=\/wp\/v2\/posts\/9312\/revisions"}],"predecessor-version":[{"id":9314,"href":"https:\/\/www.radiolimari.cl\/index.php?rest_route=\/wp\/v2\/posts\/9312\/revisions\/9314"}],"wp:featuredmedia":[{"embeddable":true,"href":"https:\/\/www.radiolimari.cl\/index.php?rest_route=\/wp\/v2\/media\/9313"}],"wp:attachment":[{"href":"https:\/\/www.radiolimari.cl\/index.php?rest_route=%2Fwp%2Fv2%2Fmedia&parent=9312"}],"wp:term":[{"taxonomy":"category","embeddable":true,"href":"https:\/\/www.radiolimari.cl\/index.php?rest_route=%2Fwp%2Fv2%2Fcategories&post=9312"},{"taxonomy":"post_tag","embeddable":true,"href":"https:\/\/www.radiolimari.cl\/index.php?rest_route=%2Fwp%2Fv2%2Ftags&post=9312"}],"curies":[{"name":"wp","href":"https:\/\/api.w.org\/{rel}","templated":true}]}}