{"id":9300,"date":"2023-06-03T23:44:30","date_gmt":"2023-06-03T23:44:30","guid":{"rendered":"https:\/\/www.radiolimari.cl\/?p=9300"},"modified":"2023-06-03T23:44:31","modified_gmt":"2023-06-03T23:44:31","slug":"municipio-de-los-vilos-realiza-lanzamiento-de-importante-programa-de-empleabilidad","status":"publish","type":"post","link":"https:\/\/www.radiolimari.cl\/?p=9300","title":{"rendered":"Municipio de Los Vilos realiza lanzamiento de importante Programa de Empleabilidad"},"content":{"rendered":"\n<figure class=\"wp-block-image size-large\"><a href=\"https:\/\/www.radiolimari.cl\/wp-content\/uploads\/2023\/06\/IMG_0304-scaled.jpg\"><img fetchpriority=\"high\" decoding=\"async\" width=\"1024\" height=\"576\" src=\"https:\/\/www.radiolimari.cl\/wp-content\/uploads\/2023\/06\/IMG_0304-1024x576.jpg\" alt=\"\" class=\"wp-image-9301\" srcset=\"https:\/\/www.radiolimari.cl\/wp-content\/uploads\/2023\/06\/IMG_0304-1024x576.jpg 1024w, https:\/\/www.radiolimari.cl\/wp-content\/uploads\/2023\/06\/IMG_0304-300x169.jpg 300w, https:\/\/www.radiolimari.cl\/wp-content\/uploads\/2023\/06\/IMG_0304-768x432.jpg 768w, https:\/\/www.radiolimari.cl\/wp-content\/uploads\/2023\/06\/IMG_0304-1536x864.jpg 1536w, https:\/\/www.radiolimari.cl\/wp-content\/uploads\/2023\/06\/IMG_0304-2048x1152.jpg 2048w\" sizes=\"(max-width: 1024px) 100vw, 1024px\" \/><\/a><\/figure>\n\n\n\n<p><strong><em>La iniciativa financiada por el Gobierno Regional, entrega oportunidad a 103 personas tanto del sector rural como urbano de la comuna.<\/em><\/strong><\/p>\n\n\n\n<p>En la plaza Los Lobos se desarroll\u00f3 la ceremonia de lanzamiento del Programa de Empleabilidad, la que encabez\u00f3 el alcalde Christian Gross, quien estuvo acompa\u00f1ado por los consejeros Regionales Juan Barraza y David Mu\u00f1oz, adem\u00e1s de dirigentas sociales, trabajadores y equipos municipales.<\/p>\n\n\n\n<p>En este contexto, el alcalde Gross manifest\u00f3 que \u201ceste programa que apalanca recursos para abordar el tema laboral, tambi\u00e9n tiene un segundo objetivo y que est\u00e1 relacionado al desarrollado por el municipio, como es mejorar los espacios p\u00fablicos, las plazas, apoyos de establecimientos de salud y educacionales en los sectores rurales, y que efectivamente nos permitir\u00e1 de buena ayudar en este prop\u00f3sito de que nuestra comuna sea m\u00e1s limpia y podamos cumplir tambi\u00e9n con los objetivos de ser una comuna vinculada al desarrollo tur\u00edstico\u201d.<\/p>\n\n\n\n<p>Esta iniciativa es financiada por el Gobierno Regional, entregando una oportunidad laboral a 103 personas tanto del sector rural como urbano de la comuna, por esto, la importancia de la participaci\u00f3n de los representantes del Consejo Regional.<\/p>\n\n\n\n<p>Al respecto, el consejero David Mu\u00f1oz coment\u00f3 que \u201cprimero que nada agradecer la invitaci\u00f3n por parte del Alcalde, Christian Gross, tambi\u00e9n estar presente con los dirigentes, con los usuarios, con los funcionarios municipales que son parte esencial para llevar a cabo este programa. Se\u00f1alar que nosotros como Consejo Regional hemos estado insistentemente trabajando con la comunidad para lo antes posible poder llevar a cabo este importante programa\u201d.<\/p>\n\n\n\n<p>Por su parte, el consejero Juan Barraza sostuvo que \u201ceste es un programa in\u00e9dito en el pa\u00eds, se cre\u00f3 en la regi\u00f3n de Coquimbo el programa de empleabilidad que lo est\u00e1 financiando 100% el Gobierno Regional, son aproximadamente 6 mil millones de pesos que se reparte en la regi\u00f3n, y feliz de estar en Los Vilos en donde m\u00e1s de 100 empleos de media y jornada completa que se van repartiendo en todos los sectores de la comuna. Sabemos que no es una soluci\u00f3n total, pero damos algo digno a nuestra gente\u201d<\/p>\n\n\n\n<p>Relevante en la ceremonia, fue la asistencia de los trabajadores y trabajadoras que son parte del programa, como es el caso de Jacqueline Carraset, quien recalc\u00f3 la importancia de habilitar esta iniciativa. \u201cEs demasiado importante porque si miramos hacia nuestro alrededor se ve limpio, ordenado, anteriormente se ve\u00eda sucio, desordenado, mucha vagancia de perros, y con este programa se ha podido eliminar el 100%, ahora se recuperaron las bermas, se recuperaron las veredas, se recuperaron las plazas, con trabajo y esfuerzo\u201d, declar\u00f3.&nbsp;<\/p>\n\n\n\n<p>Finalmente, para conocer la intervenci\u00f3n en el territorio, se extendi\u00f3 la invitaci\u00f3n a dirigentes sociales de la comuna. En este sentido Luz Ver\u00f3nica Herrera, presidenta de la Junta de Vecinos Villa Las Am\u00e9ricas expres\u00f3 que \u201cver cada d\u00eda nuestra ciudad m\u00e1s limpia, m\u00e1s hermosa y ordenada, para nosotros tener esta visi\u00f3n de turismo de una ciudad atractiva creo que este programa apunta directamente para all\u00e1, y para nosotros como ciudadanos vile\u00f1os nada m\u00e1s que sentirnos orgullosos de cada uno de los trabajos que se realizan en nuestra comuna para apuntar a los \u00e9xitos que necesitamos tener en nuestra comuna\u201d.<\/p>\n","protected":false},"excerpt":{"rendered":"<p>La iniciativa financiada por el Gobierno Regional, entrega oportunidad a 103 personas tanto del sector rural como urbano de la comuna. En la plaza Los Lobos se desarroll\u00f3 la ceremonia de lanzamiento del Programa de Empleabilidad, la que encabez\u00f3 el alcalde Christian Gross, quien estuvo acompa\u00f1ado por los consejeros Regionales Juan Barraza y David Mu\u00f1oz, &#8230;<\/p>\n","protected":false},"author":2,"featured_media":9301,"comment_status":"open","ping_status":"open","sticky":false,"template":"","format":"standard","meta":{"footnotes":""},"categories":[6],"tags":[],"class_list":["post-9300","post","type-post","status-publish","format-standard","has-post-thumbnail","hentry","category-regionales"],"_links":{"self":[{"href":"https:\/\/www.radiolimari.cl\/index.php?rest_route=\/wp\/v2\/posts\/9300","targetHints":{"allow":["GET"]}}],"collection":[{"href":"https:\/\/www.radiolimari.cl\/index.php?rest_route=\/wp\/v2\/posts"}],"about":[{"href":"https:\/\/www.radiolimari.cl\/index.php?rest_route=\/wp\/v2\/types\/post"}],"author":[{"embeddable":true,"href":"https:\/\/www.radiolimari.cl\/index.php?rest_route=\/wp\/v2\/users\/2"}],"replies":[{"embeddable":true,"href":"https:\/\/www.radiolimari.cl\/index.php?rest_route=%2Fwp%2Fv2%2Fcomments&post=9300"}],"version-history":[{"count":1,"href":"https:\/\/www.radiolimari.cl\/index.php?rest_route=\/wp\/v2\/posts\/9300\/revisions"}],"predecessor-version":[{"id":9302,"href":"https:\/\/www.radiolimari.cl\/index.php?rest_route=\/wp\/v2\/posts\/9300\/revisions\/9302"}],"wp:featuredmedia":[{"embeddable":true,"href":"https:\/\/www.radiolimari.cl\/index.php?rest_route=\/wp\/v2\/media\/9301"}],"wp:attachment":[{"href":"https:\/\/www.radiolimari.cl\/index.php?rest_route=%2Fwp%2Fv2%2Fmedia&parent=9300"}],"wp:term":[{"taxonomy":"category","embeddable":true,"href":"https:\/\/www.radiolimari.cl\/index.php?rest_route=%2Fwp%2Fv2%2Fcategories&post=9300"},{"taxonomy":"post_tag","embeddable":true,"href":"https:\/\/www.radiolimari.cl\/index.php?rest_route=%2Fwp%2Fv2%2Ftags&post=9300"}],"curies":[{"name":"wp","href":"https:\/\/api.w.org\/{rel}","templated":true}]}}