{"id":9289,"date":"2023-06-01T13:13:19","date_gmt":"2023-06-01T13:13:19","guid":{"rendered":"https:\/\/www.radiolimari.cl\/?p=9289"},"modified":"2023-06-22T15:02:04","modified_gmt":"2023-06-22T15:02:04","slug":"gobernadora-krist-naranjo-presenta-principales-hitos-inversion-y-avances-en-cuenta-publica-gestion-2022","status":"publish","type":"post","link":"https:\/\/www.radiolimari.cl\/?p=9289","title":{"rendered":"Gobernadora Krist Naranjo presenta principales hitos, inversi\u00f3n y avances en cuenta p\u00fablica gesti\u00f3n 2022"},"content":{"rendered":"\n<figure class=\"wp-block-image size-large\"><a href=\"https:\/\/www.radiolimari.cl\/wp-content\/uploads\/2023\/06\/2.7-23-inserto-CP-Gobernadora-regional-scaled.jpg\"><img fetchpriority=\"high\" decoding=\"async\" width=\"731\" height=\"1024\" src=\"https:\/\/www.radiolimari.cl\/wp-content\/uploads\/2023\/06\/2.7-23-inserto-CP-Gobernadora-regional-731x1024.jpg\" alt=\"\" class=\"wp-image-9414\" srcset=\"https:\/\/www.radiolimari.cl\/wp-content\/uploads\/2023\/06\/2.7-23-inserto-CP-Gobernadora-regional-731x1024.jpg 731w, https:\/\/www.radiolimari.cl\/wp-content\/uploads\/2023\/06\/2.7-23-inserto-CP-Gobernadora-regional-214x300.jpg 214w, https:\/\/www.radiolimari.cl\/wp-content\/uploads\/2023\/06\/2.7-23-inserto-CP-Gobernadora-regional-768x1075.jpg 768w, https:\/\/www.radiolimari.cl\/wp-content\/uploads\/2023\/06\/2.7-23-inserto-CP-Gobernadora-regional-1097x1536.jpg 1097w, https:\/\/www.radiolimari.cl\/wp-content\/uploads\/2023\/06\/2.7-23-inserto-CP-Gobernadora-regional-1463x2048.jpg 1463w, https:\/\/www.radiolimari.cl\/wp-content\/uploads\/2023\/06\/2.7-23-inserto-CP-Gobernadora-regional-scaled.jpg 1828w\" sizes=\"(max-width: 731px) 100vw, 731px\" \/><\/a><\/figure>\n\n\n\n<p><strong>La m\u00e1xima autoridad regional destac\u00f3 especialmente los recursos que ha destinado el Gobierno Regional en materia de seguridad, fomento y focalizaci\u00f3n en proyectos de sustentabilidad, apoyo a las organizaciones sociales y ruralidad. <\/strong><\/p>\n\n\n\n<p>Este mi\u00e9rcoles al mediod\u00eda la gobernadora, Krist Naranjo, present\u00f3 la cuenta p\u00fablica del Gobierno Regional durante su gesti\u00f3n del a\u00f1o 2022, informativo que fue presentado a los consejeros regionales seg\u00fan lo establece el art\u00edculo 26 de la Ley 19.175 Org\u00e1nica Constitucional.<\/p>\n\n\n\n<p>Cifras, hitos y material audiovisual, fueron dados a conocer por la m\u00e1xima autoridad regional al cuerpo colegiado y comunidad conectada, quienes pudieron observar la implementaci\u00f3n de los ejes de gesti\u00f3n con enfoque en la equidad territorial, sustentabilidad, descentralizaci\u00f3n, seguridad, salud, educaci\u00f3n, infraestructura, fomento y apoyo a la ruralidad y organizaciones sociales.<\/p>\n\n\n\n<figure class=\"wp-block-image size-large\"><a href=\"https:\/\/www.radiolimari.cl\/wp-content\/uploads\/2023\/06\/3O5A2415-scaled.jpg\"><img decoding=\"async\" width=\"1024\" height=\"683\" src=\"https:\/\/www.radiolimari.cl\/wp-content\/uploads\/2023\/06\/3O5A2415-1024x683.jpg\" alt=\"\" class=\"wp-image-9290\" srcset=\"https:\/\/www.radiolimari.cl\/wp-content\/uploads\/2023\/06\/3O5A2415-1024x683.jpg 1024w, https:\/\/www.radiolimari.cl\/wp-content\/uploads\/2023\/06\/3O5A2415-300x200.jpg 300w, https:\/\/www.radiolimari.cl\/wp-content\/uploads\/2023\/06\/3O5A2415-768x512.jpg 768w, https:\/\/www.radiolimari.cl\/wp-content\/uploads\/2023\/06\/3O5A2415-1536x1024.jpg 1536w, https:\/\/www.radiolimari.cl\/wp-content\/uploads\/2023\/06\/3O5A2415-2048x1365.jpg 2048w\" sizes=\"(max-width: 1024px) 100vw, 1024px\" \/><\/a><\/figure>\n\n\n\n<p>En esta cuenta p\u00fablica al Consejo Regional (CORE), \u201cquisimos dar realce a proyectos importantes que hemos ejecutado el a\u00f1o 2022 con proyecci\u00f3n tambi\u00e9n 2023, con grandes montos de inversi\u00f3n y donde estamos llegando tambi\u00e9n a las 15 comunas con recursos directos a los municipios. Hacer \u00e9nfasis que el trabajo que hemos realizado y el compromiso de nuestro nuevo Gobierno Regional con la gente de la regi\u00f3n es y seguir\u00e1 siendo parte importante del desarrollo integral y sustentable que lideramos\u201d, asegur\u00f3 la gobernadora Krist Naranjo.<\/p>\n\n\n\n<p>Seg\u00fan lo expuesto, en t\u00e9rminos financieros el Gobierno Regional ejecut\u00f3 m\u00e1s del 95% del presupuesto total en 2022, alcanzando los $60.656.502 millones. Esta inversi\u00f3n se destin\u00f3 a proyectos de construcci\u00f3n, adquisici\u00f3n de veh\u00edculos, financiamiento de programas junto a instituciones y fondos concursables, entre otros. Se incluyeron y trasparentaron todos los detalles del balance general, estado de situaci\u00f3n presupuestaria, flujos de efectivo y cambios en el patrimonio.<\/p>\n\n\n\n<p>En cuanto a la inversi\u00f3n en proyectos de infraestructura, se destinaron $28.741.470 millones en la regi\u00f3n de Coquimbo durante el a\u00f1o pasado. Estas obras se llevaron a cabo en las 15 comunas de la regi\u00f3n, con el objetivo de promover el progreso, desarrollo econ\u00f3mico y empleabilidad local.<\/p>\n\n\n\n<p><strong>Inversi\u00f3n regional<\/strong><\/p>\n\n\n\n<p>En la provincia de Choapa se llevaron a cabo varios proyectos destacados con una ejecuci\u00f3n presupuestaria total de m\u00e1s de $3 mil millones. Estas iniciativas incluyeron la Construcci\u00f3n de Soluciones Sanitarias de Huentelauqu\u00e9n Sur y la Reposici\u00f3n de la Escuela B\u00e1sica en Canela. Adem\u00e1s, se realizaron la Reposici\u00f3n de la Avenida Ignacio Silva y la Reposici\u00f3n del Jard\u00edn Infantil Mi Peque\u00f1o Tesoro en Illapel. Otros proyectos importantes fueron la Adquisici\u00f3n del Cami\u00f3n Limpia Fosas en Salamanca y la Reposici\u00f3n del Edificio Consistorial de Los Vilos.<\/p>\n\n\n\n<p>En Limar\u00ed la inversi\u00f3n super\u00f3 los $10.468 millones, con proyectos como Escuela San Antonio de la Villa en Barraza, la construcci\u00f3n del tercer Centro de Salud Familiar (CESFAM) urbano y el mejoramiento del Edificio del Consistorio, obras pertenecientes a Ovalle. Adem\u00e1s, la reposici\u00f3n del Estadio Municipal de Combarbal\u00e1 y la construcci\u00f3n del Centro Comunitario Cogoti 18; el mejoramiento del espacio p\u00fablico en el sector Huampulla, R\u00edo Hurtado y el mejoramiento de la multicancha en Fundina; la construcci\u00f3n de techados en varios establecimientos educacionales en la comuna de Punitaqui y la reposici\u00f3n del Hogar Masculino; la reposici\u00f3n del Centro de Salud de Car\u00e9n en la comuna de Monte Patria y la reposici\u00f3n de la Escuela de Concentraci\u00f3n Fronteriza.<\/p>\n\n\n\n<p>En Elqui, se ejecut\u00f3 una inversi\u00f3n por $16.408 millones, en obras como reposici\u00f3n del cuartel del Cuerpo de Bomberos de La Higuera, la construcci\u00f3n de obras de urbanizaci\u00f3n b\u00e1sica en la misma localidad y la construcci\u00f3n de un centro de estimulaci\u00f3n temprana para ni\u00f1os y ni\u00f1as con s\u00edndrome de Down en La Serena.<\/p>\n\n\n\n<p>Adem\u00e1s, est\u00e1 el mejoramiento de la cancha en el complejo deportivo El Milagro en La Serena, la construcci\u00f3n del edificio consistorial en Coquimbo y la reposici\u00f3n de ambulancias para la atenci\u00f3n primaria de salud en esa comuna. Tambi\u00e9n la construcci\u00f3n de un parque urbano en Villa La Uni\u00f3n, Pisco Elqui, la reposici\u00f3n de la tenencia en Paihuano y la restauraci\u00f3n del conjunto Torre Bauer en Vicu\u00f1a. Por \u00faltimo, se llevar\u00e1 a cabo la construcci\u00f3n de alcantarillado y soluciones sanitarias en El Arenal, Vicu\u00f1a. Estas iniciativas buscan mejorar la calidad de vida de los habitantes y fortalecer la infraestructura en cada una de estas localidades.<\/p>\n\n\n\n<p><strong>Seguridad<\/strong><\/p>\n\n\n\n<p>La seguridad p\u00fablica es una preocupaci\u00f3n importante en la regi\u00f3n, y el Gobierno Regional destin\u00f3 una inversi\u00f3n de $6.168.390 millones en 2022 para fortalecer y mejorar la seguridad ciudadana. Se ejecutaron proyectos como la reposici\u00f3n de cuarteles de Carabineros, adquisici\u00f3n de c\u00e1maras de fiscalizaci\u00f3n y la implementaci\u00f3n del plan calle segura. Adem\u00e1s, se prioriz\u00f3 la adquisici\u00f3n de veh\u00edculos policiales, apoyo hist\u00f3rico a bomberos y se promovieron fondos concursables para la seguridad ciudadana, con un \u00e9xito de participaci\u00f3n.<\/p>\n\n\n\n<p><strong>Sustentabilidad y FIC<\/strong><\/p>\n\n\n\n<p>Se invirtieron alrededor de $7 mil millones en iniciativas relacionadas con la sustentabilidad, incluyendo estudios e investigaciones, proyectos de apoyo social, educaci\u00f3n y transferencia. Estas acciones buscan promover la protecci\u00f3n del medio ambiente, el uso de energ\u00edas renovables y la econom\u00eda circular, as\u00ed como educar a la comunidad en pr\u00e1cticas sostenibles.<\/p>\n\n\n\n<p>A trav\u00e9s de los fondos de Innovaci\u00f3n para la Competitividad (FIC), se aprobaron un total de 38 iniciativas, alcanzando una inversi\u00f3n de $5.969.356.000. Uno de los principales enfoques de estos proyectos fue el recurso h\u00eddrico, con un total de 12 iniciativas relacionadas.<\/p>\n\n\n\n<p><strong>Apoyo a la ruralidad<\/strong><\/p>\n\n\n\n<p>En el per\u00edodo se\u00f1alado, se ha invertido m\u00e1s de 20 mil millones de pesos en proyectos para beneficio del mundo rural. Destacan iniciativas como el apoyo a comunidades agr\u00edcolas, la recirculaci\u00f3n de agua potable y la biofiltraci\u00f3n de aguas grises. Adem\u00e1s, ha sido fundamental el apoyo y compromiso mediante el Programa de Zonas Rezagadas.<\/p>\n\n\n\n<p><strong>Anuncios<\/strong><\/p>\n\n\n\n<p>Finalmente, se anunciaron proyectos como la implementaci\u00f3n de una central de c\u00e1maras de televigilancia en el sector de la Avenida del Mar y la Avenida Costanera en la conurbaci\u00f3n, el impulso de pol\u00edticas p\u00fablicas sustentables y la ejecuci\u00f3n de un nuevo Programa de Empleabilidad para todo el a\u00f1o 2024 con una inversi\u00f3n de $9.000 millones. Adem\u00e1s, la concreci\u00f3n de la conservaci\u00f3n de pavimentos urbanos y manejo de residuos domiciliarios. Tambi\u00e9n se mencionaron convenios de programaci\u00f3n en salud y caminos b\u00e1sicos rurales en su nueva etapa por m\u00e1s de 300 kil\u00f3metros, as\u00ed como el impulso de pol\u00edticas de equidad e integraci\u00f3n social de g\u00e9nero.<\/p>\n\n\n\n<p><\/p>\n","protected":false},"excerpt":{"rendered":"<p>La m\u00e1xima autoridad regional destac\u00f3 especialmente los recursos que ha destinado el Gobierno Regional en materia de seguridad, fomento y focalizaci\u00f3n en proyectos de sustentabilidad, apoyo a las organizaciones sociales y ruralidad. Este mi\u00e9rcoles al mediod\u00eda la gobernadora, Krist Naranjo, present\u00f3 la cuenta p\u00fablica del Gobierno Regional durante su gesti\u00f3n del a\u00f1o 2022, informativo que &#8230;<\/p>\n","protected":false},"author":2,"featured_media":9290,"comment_status":"open","ping_status":"open","sticky":false,"template":"","format":"standard","meta":{"footnotes":""},"categories":[3],"tags":[],"class_list":["post-9289","post","type-post","status-publish","format-standard","has-post-thumbnail","hentry","category-actualidad"],"_links":{"self":[{"href":"https:\/\/www.radiolimari.cl\/index.php?rest_route=\/wp\/v2\/posts\/9289","targetHints":{"allow":["GET"]}}],"collection":[{"href":"https:\/\/www.radiolimari.cl\/index.php?rest_route=\/wp\/v2\/posts"}],"about":[{"href":"https:\/\/www.radiolimari.cl\/index.php?rest_route=\/wp\/v2\/types\/post"}],"author":[{"embeddable":true,"href":"https:\/\/www.radiolimari.cl\/index.php?rest_route=\/wp\/v2\/users\/2"}],"replies":[{"embeddable":true,"href":"https:\/\/www.radiolimari.cl\/index.php?rest_route=%2Fwp%2Fv2%2Fcomments&post=9289"}],"version-history":[{"count":3,"href":"https:\/\/www.radiolimari.cl\/index.php?rest_route=\/wp\/v2\/posts\/9289\/revisions"}],"predecessor-version":[{"id":9418,"href":"https:\/\/www.radiolimari.cl\/index.php?rest_route=\/wp\/v2\/posts\/9289\/revisions\/9418"}],"wp:featuredmedia":[{"embeddable":true,"href":"https:\/\/www.radiolimari.cl\/index.php?rest_route=\/wp\/v2\/media\/9290"}],"wp:attachment":[{"href":"https:\/\/www.radiolimari.cl\/index.php?rest_route=%2Fwp%2Fv2%2Fmedia&parent=9289"}],"wp:term":[{"taxonomy":"category","embeddable":true,"href":"https:\/\/www.radiolimari.cl\/index.php?rest_route=%2Fwp%2Fv2%2Fcategories&post=9289"},{"taxonomy":"post_tag","embeddable":true,"href":"https:\/\/www.radiolimari.cl\/index.php?rest_route=%2Fwp%2Fv2%2Ftags&post=9289"}],"curies":[{"name":"wp","href":"https:\/\/api.w.org\/{rel}","templated":true}]}}