{"id":9286,"date":"2023-06-01T03:04:06","date_gmt":"2023-06-01T03:04:06","guid":{"rendered":"https:\/\/www.radiolimari.cl\/?p=9286"},"modified":"2023-06-01T17:27:31","modified_gmt":"2023-06-01T17:27:31","slug":"9286","status":"publish","type":"post","link":"https:\/\/www.radiolimari.cl\/?p=9286","title":{"rendered":"Entrevista a Seremi de Educaci\u00f3n de la Regi\u00f3n de Coquimbo"},"content":{"rendered":"\n<figure class=\"wp-block-image size-large\"><a href=\"https:\/\/www.radiolimari.cl\/wp-content\/uploads\/2023\/06\/Entrevista-2023-en-radio-Limari-Cecilia-Ramirez-facebbok-.jpg\"><img fetchpriority=\"high\" decoding=\"async\" width=\"1024\" height=\"586\" src=\"https:\/\/www.radiolimari.cl\/wp-content\/uploads\/2023\/06\/Entrevista-2023-en-radio-Limari-Cecilia-Ramirez-facebbok--1024x586.jpg\" alt=\"\" class=\"wp-image-9293\" srcset=\"https:\/\/www.radiolimari.cl\/wp-content\/uploads\/2023\/06\/Entrevista-2023-en-radio-Limari-Cecilia-Ramirez-facebbok--1024x586.jpg 1024w, https:\/\/www.radiolimari.cl\/wp-content\/uploads\/2023\/06\/Entrevista-2023-en-radio-Limari-Cecilia-Ramirez-facebbok--300x172.jpg 300w, https:\/\/www.radiolimari.cl\/wp-content\/uploads\/2023\/06\/Entrevista-2023-en-radio-Limari-Cecilia-Ramirez-facebbok--768x440.jpg 768w, https:\/\/www.radiolimari.cl\/wp-content\/uploads\/2023\/06\/Entrevista-2023-en-radio-Limari-Cecilia-Ramirez-facebbok-.jpg 1272w\" sizes=\"(max-width: 1024px) 100vw, 1024px\" \/><\/a><\/figure>\n\n\n\n<p>Escuche la entrevista realizada este jueves 1 de junio en www.radiolimari.cl a la seremi de Educaci\u00f3n de la regi\u00f3n de Coquimbo Cecilia Ram\u00edrez Ch\u00e1vez<\/p>\n\n\n\n<figure class=\"wp-block-audio\"><audio controls src=\"https:\/\/www.radiolimari.cl\/wp-content\/uploads\/2023\/06\/1.6-Entrevista-Seremi-de-Educacion-Cecilia-Ramirez-Chavez-en-Radio-Limari.mp3\"><\/audio><\/figure>\n","protected":false},"excerpt":{"rendered":"<p>Escuche la entrevista realizada este jueves 1 de junio en www.radiolimari.cl a la seremi de Educaci\u00f3n de la regi\u00f3n de Coquimbo Cecilia Ram\u00edrez Ch\u00e1vez<\/p>\n","protected":false},"author":2,"featured_media":9293,"comment_status":"open","ping_status":"open","sticky":false,"template":"","format":"standard","meta":{"footnotes":""},"categories":[6],"tags":[],"class_list":["post-9286","post","type-post","status-publish","format-standard","has-post-thumbnail","hentry","category-regionales"],"_links":{"self":[{"href":"https:\/\/www.radiolimari.cl\/index.php?rest_route=\/wp\/v2\/posts\/9286","targetHints":{"allow":["GET"]}}],"collection":[{"href":"https:\/\/www.radiolimari.cl\/index.php?rest_route=\/wp\/v2\/posts"}],"about":[{"href":"https:\/\/www.radiolimari.cl\/index.php?rest_route=\/wp\/v2\/types\/post"}],"author":[{"embeddable":true,"href":"https:\/\/www.radiolimari.cl\/index.php?rest_route=\/wp\/v2\/users\/2"}],"replies":[{"embeddable":true,"href":"https:\/\/www.radiolimari.cl\/index.php?rest_route=%2Fwp%2Fv2%2Fcomments&post=9286"}],"version-history":[{"count":2,"href":"https:\/\/www.radiolimari.cl\/index.php?rest_route=\/wp\/v2\/posts\/9286\/revisions"}],"predecessor-version":[{"id":9296,"href":"https:\/\/www.radiolimari.cl\/index.php?rest_route=\/wp\/v2\/posts\/9286\/revisions\/9296"}],"wp:featuredmedia":[{"embeddable":true,"href":"https:\/\/www.radiolimari.cl\/index.php?rest_route=\/wp\/v2\/media\/9293"}],"wp:attachment":[{"href":"https:\/\/www.radiolimari.cl\/index.php?rest_route=%2Fwp%2Fv2%2Fmedia&parent=9286"}],"wp:term":[{"taxonomy":"category","embeddable":true,"href":"https:\/\/www.radiolimari.cl\/index.php?rest_route=%2Fwp%2Fv2%2Fcategories&post=9286"},{"taxonomy":"post_tag","embeddable":true,"href":"https:\/\/www.radiolimari.cl\/index.php?rest_route=%2Fwp%2Fv2%2Ftags&post=9286"}],"curies":[{"name":"wp","href":"https:\/\/api.w.org\/{rel}","templated":true}]}}