{"id":9280,"date":"2023-05-31T20:35:32","date_gmt":"2023-05-31T20:35:32","guid":{"rendered":"https:\/\/www.radiolimari.cl\/?p=9280"},"modified":"2023-05-31T20:35:33","modified_gmt":"2023-05-31T20:35:33","slug":"seremi-mop-presenta-plan-de-invierno-2023-para-trabajar-coordinadamente-durante-las-emergencias","status":"publish","type":"post","link":"https:\/\/www.radiolimari.cl\/?p=9280","title":{"rendered":"SEREMI MOP presenta Plan de Invierno 2023 para trabajar coordinadamente durante las emergencias"},"content":{"rendered":"\n<figure class=\"wp-block-image size-large is-resized\"><a href=\"https:\/\/www.radiolimari.cl\/wp-content\/uploads\/2023\/05\/Foto-2.jpeg\"><img fetchpriority=\"high\" decoding=\"async\" src=\"https:\/\/www.radiolimari.cl\/wp-content\/uploads\/2023\/05\/Foto-2-1024x768.jpeg\" alt=\"\" class=\"wp-image-9281\" width=\"396\" height=\"297\" srcset=\"https:\/\/www.radiolimari.cl\/wp-content\/uploads\/2023\/05\/Foto-2-1024x768.jpeg 1024w, https:\/\/www.radiolimari.cl\/wp-content\/uploads\/2023\/05\/Foto-2-300x225.jpeg 300w, https:\/\/www.radiolimari.cl\/wp-content\/uploads\/2023\/05\/Foto-2-768x576.jpeg 768w, https:\/\/www.radiolimari.cl\/wp-content\/uploads\/2023\/05\/Foto-2.jpeg 1280w\" sizes=\"(max-width: 396px) 100vw, 396px\" \/><\/a><\/figure>\n\n\n\n<p><strong><em>A la actividad, asistieron los Municipios de R\u00edo Hurtado, Coquimbo, Monte Patria, Los Vilos, La Serena y Vicu\u00f1a, adem\u00e1s de diversos servicios como SERNAGEOMIN, Sacyr, entre otros.<\/em><\/strong><\/p>\n\n\n\n<p>Con la presencia de los equipos de emergencia de municipalidades y diversos servicios, es que la Secretar\u00eda Regional Ministerial de Obras P\u00fablicas en colaboraci\u00f3n con el Servicio Nacional de Prevenci\u00f3n y Respuesta ante Desastres (SENAPRED) de la Regi\u00f3n de Coquimbo, presentaron el Plan de Invierno 2023 para dar a conocer la forma de trabajo y coordinarse frente a emergencias en general y, particularmente, las que puedan ocurrir durante la \u00e9poca de invierno.<\/p>\n\n\n\n<p>La actividad, tuvo como objetivo poder informar los procedimientos de las diversas direcciones del MOP frente a una emergencia, las herramientas e informaci\u00f3n de las cuales se dispone en dichas instancias, la forma de enfrentar los eventos meteorol\u00f3gicos y, a su vez, buscar formas de trabajar colaborativamente con las autoridades relacionadas los equipos de emergencia.<\/p>\n\n\n\n<p>En la ocasi\u00f3n, las direcciones de Vialidad, Direcci\u00f3n General de Aguas, Obras Portuarias, &nbsp;Obras Hidr\u00e1ulicas y la Superintendencia de Servicios Sanitarios (SISS), pudieron informar sobre sus procedimientos y puntos cr\u00edticos en la regi\u00f3n. En la actividad, se hizo hincapi\u00e9 en que el MOP no es la primera respuesta ante la emergencia, adem\u00e1s de que se act\u00faa en base a procedimientos y actos administrativos que avalan el trabajo de quienes llevan a cabo las labores, as\u00ed como tambi\u00e9n que no se act\u00faa durante una emergencia, ya que es importante resguardar la integridad de las y los funcionarios.<\/p>\n\n\n\n<p>Freddy Aguirre, Director de Obras Municipales y Director de Emergencia de R\u00edo Hurtado, agradeci\u00f3 la organizaci\u00f3n y se\u00f1al\u00f3 que \u201cfue un encuentro relevante porque est\u00e1n todas las instituciones que convergen para poder dar soluci\u00f3n o trabajar en torno a una emergencia ya que es muy necesario el trabajo mancomunado. Nosotros los municipios somos la primera respuesta pero dependemos de los dem\u00e1s servicios, sobre todo el MOP con sus distintas \u00e1reas\u201d. Asimismo, Juan Pinto, Director de Obras Municipales de Vicu\u00f1a y apoyo al equipo de Emergencias, indic\u00f3 que \u201c(la jornada me pareci\u00f3) muy buena, es s\u00faper interesante que los municipios sepan muy bien cu\u00e1les son las funciones y las formas en que el Ministerio de Obras P\u00fablicas se plantea frente al fen\u00f3meno de las emergencias y eso hace que los municipios, y las comunidades en general, entiendan muy bien c\u00f3mo se act\u00faa por qu\u00e9 se act\u00faa y qu\u00e9 cosas se hacen\u201d.<\/p>\n\n\n\n<p>Respecto a la asistencia, el Director de SENAPRED Coquimbo, Rub\u00e9n Contador, se\u00f1al\u00f3 que \u201cagradezco la convocatoria y la invitaci\u00f3n del SEREMI del MOP, creo que fue todo un \u00e9xito, lamento que no hayan participado el 100% de los municipales, ya que fueron todas convocadas, pero esta actividad dio la oportunidad de conocer en forma m\u00e1s detallada de la gesti\u00f3n que hace el MOP, en particular de todas sus direcciones en materia de respuesta y con eso yo me voy bastante contento, he observado que los participantes quedaron muy satisfechos, se hicieron las consultas para aclarar las cosas que estaban todav\u00eda en duda y vamos a continuar con esta pr\u00e1ctica\u201d.<\/p>\n\n\n\n<p>Finalmente, el SEREMI MOP Javier Sandoval, agradeci\u00f3 a los municipios asistentes ya que \u201cestas instancias son muy importantes para que conozcan el trabajo que desarrollamos frente a una emergencia, de \u00edndole meteorol\u00f3gico o de otra naturaleza, adem\u00e1s para que sepan c\u00f3mo trabajan nuestras diversas direcciones, de vialidad, obras hidr\u00e1ulicas, direcci\u00f3n general de aguas, entre otras, y poder tambi\u00e9n crear una comunicaci\u00f3n fluida y permanente con los equipos de emergencia de las municipalidades y dar respuesta a las y los habitantes de nuestra regi\u00f3n\u201d.<\/p>\n","protected":false},"excerpt":{"rendered":"<p>A la actividad, asistieron los Municipios de R\u00edo Hurtado, Coquimbo, Monte Patria, Los Vilos, La Serena y Vicu\u00f1a, adem\u00e1s de diversos servicios como SERNAGEOMIN, Sacyr, entre otros. Con la presencia de los equipos de emergencia de municipalidades y diversos servicios, es que la Secretar\u00eda Regional Ministerial de Obras P\u00fablicas en colaboraci\u00f3n con el Servicio Nacional &#8230;<\/p>\n","protected":false},"author":2,"featured_media":9281,"comment_status":"open","ping_status":"open","sticky":false,"template":"","format":"standard","meta":{"footnotes":""},"categories":[6],"tags":[],"class_list":["post-9280","post","type-post","status-publish","format-standard","has-post-thumbnail","hentry","category-regionales"],"_links":{"self":[{"href":"https:\/\/www.radiolimari.cl\/index.php?rest_route=\/wp\/v2\/posts\/9280","targetHints":{"allow":["GET"]}}],"collection":[{"href":"https:\/\/www.radiolimari.cl\/index.php?rest_route=\/wp\/v2\/posts"}],"about":[{"href":"https:\/\/www.radiolimari.cl\/index.php?rest_route=\/wp\/v2\/types\/post"}],"author":[{"embeddable":true,"href":"https:\/\/www.radiolimari.cl\/index.php?rest_route=\/wp\/v2\/users\/2"}],"replies":[{"embeddable":true,"href":"https:\/\/www.radiolimari.cl\/index.php?rest_route=%2Fwp%2Fv2%2Fcomments&post=9280"}],"version-history":[{"count":1,"href":"https:\/\/www.radiolimari.cl\/index.php?rest_route=\/wp\/v2\/posts\/9280\/revisions"}],"predecessor-version":[{"id":9282,"href":"https:\/\/www.radiolimari.cl\/index.php?rest_route=\/wp\/v2\/posts\/9280\/revisions\/9282"}],"wp:featuredmedia":[{"embeddable":true,"href":"https:\/\/www.radiolimari.cl\/index.php?rest_route=\/wp\/v2\/media\/9281"}],"wp:attachment":[{"href":"https:\/\/www.radiolimari.cl\/index.php?rest_route=%2Fwp%2Fv2%2Fmedia&parent=9280"}],"wp:term":[{"taxonomy":"category","embeddable":true,"href":"https:\/\/www.radiolimari.cl\/index.php?rest_route=%2Fwp%2Fv2%2Fcategories&post=9280"},{"taxonomy":"post_tag","embeddable":true,"href":"https:\/\/www.radiolimari.cl\/index.php?rest_route=%2Fwp%2Fv2%2Ftags&post=9280"}],"curies":[{"name":"wp","href":"https:\/\/api.w.org\/{rel}","templated":true}]}}