{"id":9272,"date":"2023-05-31T15:28:57","date_gmt":"2023-05-31T15:28:57","guid":{"rendered":"https:\/\/www.radiolimari.cl\/?p=9272"},"modified":"2023-05-31T15:28:57","modified_gmt":"2023-05-31T15:28:57","slug":"numero-de-ocupados-registra-nuevo-aumento-y-mas-de-28-mil-empleos-se-crean-en-la-region-de-coquimbo","status":"publish","type":"post","link":"https:\/\/www.radiolimari.cl\/?p=9272","title":{"rendered":"N\u00famero de ocupados registra nuevo aumento y m\u00e1s de 28 mil empleos se crean en la regi\u00f3n de Coquimbo"},"content":{"rendered":"\n<figure class=\"wp-block-image size-full\"><a href=\"https:\/\/www.radiolimari.cl\/wp-content\/uploads\/2023\/05\/Foto-Referencia-1.jpg\"><img fetchpriority=\"high\" decoding=\"async\" width=\"660\" height=\"418\" src=\"https:\/\/www.radiolimari.cl\/wp-content\/uploads\/2023\/05\/Foto-Referencia-1.jpg\" alt=\"\" class=\"wp-image-9273\" srcset=\"https:\/\/www.radiolimari.cl\/wp-content\/uploads\/2023\/05\/Foto-Referencia-1.jpg 660w, https:\/\/www.radiolimari.cl\/wp-content\/uploads\/2023\/05\/Foto-Referencia-1-300x190.jpg 300w\" sizes=\"(max-width: 660px) 100vw, 660px\" \/><\/a><\/figure>\n\n\n\n<p><strong><em>Agricultura, Construcci\u00f3n e Industria Manufacturera son los sectores econ\u00f3micos que m\u00e1s aportaron a la creaci\u00f3n de empleo<\/em><\/strong>.<\/p>\n\n\n\n<p>De acuerdo con el informe emitido por el Instituto Nacional de Estad\u00edsticas (INE) la Tasa de Desocupaci\u00f3n regional se situ\u00f3 en un 9,2% para el periodo febrero-abril 2023, registrando un descenso anual de 0,1 puntos porcentuales.<\/p>\n\n\n\n<p>La Fuerza de Trabajo present\u00f3 un aumento 8,2% totalizando 408.240 personas. Mientras que el n\u00famero de Ocupados alcanz\u00f3 las 370.640 personas registrando un aumento de un 8,3%, con 28.360 nuevos ocupados en comparaci\u00f3n al a\u00f1o anterior.<\/p>\n\n\n\n<p>Adem\u00e1s, el aumento de la poblaci\u00f3n ocupada fue liderado principalmente por asalariados formales y trabajadores por cuenta propia.<\/p>\n\n\n\n<p>En este sentido el Delegado Presidencial, Rub\u00e9n Quezada, coment\u00f3 que \u201cestas cifras muestran un aumento en la creaci\u00f3n de empleos, correspondientes a 28.000 personas ocupadas m\u00e1s que el a\u00f1o anterior a esta fecha. Adem\u00e1s, una cantidad importante son formales, es decir, con contrato y seguridad social. El presidente Gabriel Boric tiene un claro compromiso por avanzar en pol\u00edticas p\u00fablicas que mejoran la calidad de vida de los chilenos y chilenas a trav\u00e9s del Plan de Recuperaci\u00f3n Inclusiva, entre otras medidas\u00bb.<\/p>\n\n\n\n<p>Mientras que la Seremi del Trabajo, Claudia Santander, explic\u00f3 que \u201chay un aumento significativo en el n\u00famero de ocupados tanto en hombres como mujeres. Tambi\u00e9n vemos sectores econ\u00f3micos que han tenido una recuperaci\u00f3n tambi\u00e9n relevante como Agricultura y Pesca, que incidi\u00f3 en el alza de ocupados, Construcci\u00f3n y la tendencia de la Industria Manufacturera que contin\u00faa siendo una de las \u00e1reas productivas que va incidiendo en que haya mayor ocupaci\u00f3n en la regi\u00f3n\u201d.<\/p>\n\n\n\n<p>\u201cVemos un dinamismo en la actividad productiva regional, y que hoy tengamos un aumento tan relevante en la Fuerza de Trabajo evidentemente que nos presiona para absorber esa demanda laboral y afortunadamente hemos podido ir conteniendo y entregando oportunidades laborales en \u00e1reas que nos interesa fortalecer y potenciar\u201d, agreg\u00f3 la Seremi del Trabajo.<\/p>\n\n\n\n<p>La Seremi de Gobierno, Paulina Mora, coment\u00f3 que \u201cla generaci\u00f3n de puestos de trabajo es una de nuestras prioridades para avanzar en la seguridad econ\u00f3mica para las personas. Por eso, nos parece relevante que sigamos teniendo la capacidad de generar empleos formales y que, en esta oportunidad, el informe del INE nos muestre que rubros tan relevantes para nuestra zona, como la Construcci\u00f3n haya contribuido al aumento de los ocupados. Esto tambi\u00e9n da cuenta de que estamos avanzando en el Plan de Emergencia el que espera entregar m\u00e1s de 12.500 soluciones habitacionales para las familias de la Regi\u00f3n de Coquimbo\u201d.<\/p>\n\n\n\n<p>En el an\u00e1lisis por territorio el INE indic\u00f3 que en febrero-abril 2023, la tasa de desocupaci\u00f3n de la provincia de Elqui fue de 10,0%, registrando disminuci\u00f3n de 0,1 pp. Mientras que a tasa de desocupaci\u00f3n de la provincia de Limar\u00ed fue de 5,8%, anotando un descenso de 0,2 pp.<\/p>\n\n\n\n<p>Respecto a los desaf\u00edos planteados en materia de empleo, la Seremi del Trabajo, Claudia Santander, detall\u00f3 que \u201clos esfuerzos del Gobierno est\u00e1n enfocados en propiciar las condiciones que generen nuevos empleos formales en la regi\u00f3n de Coquimbo y para ello estamos trabajando en la Mesa de Reactivaci\u00f3n Econ\u00f3mica y Trabajo Decente que nos permite enfocar las acciones e implementaci\u00f3n de pol\u00edticas p\u00fablicas con una visi\u00f3n estrat\u00e9gica del desarrollo regional\u201d.<\/p>\n\n\n\n<p>\u201cOtro aspecto a considerar son las brechas en materia de g\u00e9nero, por ejemplo, en la ocupaci\u00f3n en mujeres y la informalidad laboral, para aquello se decidi\u00f3 la extensi\u00f3n del IFE Laboral y Subsidio Protege por todo el primer semestre 2023. En este sentido desde el Ministerio del Trabajo se inform\u00f3 que se est\u00e1 trabajando en la modificaci\u00f3n de los esquemas de subsidios para continuar acompa\u00f1ando a los grupos con mayor dificultad para insertarse al mundo laboral y as\u00ed propiciar su ingreso al trabajo formal\u201d, enfatiz\u00f3 Claudia Santander.<\/p>\n","protected":false},"excerpt":{"rendered":"<p>Agricultura, Construcci\u00f3n e Industria Manufacturera son los sectores econ\u00f3micos que m\u00e1s aportaron a la creaci\u00f3n de empleo. De acuerdo con el informe emitido por el Instituto Nacional de Estad\u00edsticas (INE) la Tasa de Desocupaci\u00f3n regional se situ\u00f3 en un 9,2% para el periodo febrero-abril 2023, registrando un descenso anual de 0,1 puntos porcentuales. La Fuerza &#8230;<\/p>\n","protected":false},"author":2,"featured_media":9273,"comment_status":"open","ping_status":"open","sticky":false,"template":"","format":"standard","meta":{"footnotes":""},"categories":[3],"tags":[],"class_list":["post-9272","post","type-post","status-publish","format-standard","has-post-thumbnail","hentry","category-actualidad"],"_links":{"self":[{"href":"https:\/\/www.radiolimari.cl\/index.php?rest_route=\/wp\/v2\/posts\/9272","targetHints":{"allow":["GET"]}}],"collection":[{"href":"https:\/\/www.radiolimari.cl\/index.php?rest_route=\/wp\/v2\/posts"}],"about":[{"href":"https:\/\/www.radiolimari.cl\/index.php?rest_route=\/wp\/v2\/types\/post"}],"author":[{"embeddable":true,"href":"https:\/\/www.radiolimari.cl\/index.php?rest_route=\/wp\/v2\/users\/2"}],"replies":[{"embeddable":true,"href":"https:\/\/www.radiolimari.cl\/index.php?rest_route=%2Fwp%2Fv2%2Fcomments&post=9272"}],"version-history":[{"count":1,"href":"https:\/\/www.radiolimari.cl\/index.php?rest_route=\/wp\/v2\/posts\/9272\/revisions"}],"predecessor-version":[{"id":9274,"href":"https:\/\/www.radiolimari.cl\/index.php?rest_route=\/wp\/v2\/posts\/9272\/revisions\/9274"}],"wp:featuredmedia":[{"embeddable":true,"href":"https:\/\/www.radiolimari.cl\/index.php?rest_route=\/wp\/v2\/media\/9273"}],"wp:attachment":[{"href":"https:\/\/www.radiolimari.cl\/index.php?rest_route=%2Fwp%2Fv2%2Fmedia&parent=9272"}],"wp:term":[{"taxonomy":"category","embeddable":true,"href":"https:\/\/www.radiolimari.cl\/index.php?rest_route=%2Fwp%2Fv2%2Fcategories&post=9272"},{"taxonomy":"post_tag","embeddable":true,"href":"https:\/\/www.radiolimari.cl\/index.php?rest_route=%2Fwp%2Fv2%2Ftags&post=9272"}],"curies":[{"name":"wp","href":"https:\/\/api.w.org\/{rel}","templated":true}]}}