{"id":9269,"date":"2023-05-31T15:12:34","date_gmt":"2023-05-31T15:12:34","guid":{"rendered":"https:\/\/www.radiolimari.cl\/?p=9269"},"modified":"2023-05-31T15:12:34","modified_gmt":"2023-05-31T15:12:34","slug":"destacan-mejoramiento-de-infraestructura-escolar-programas-en-convivencia-y-salud-mental-y-fortalecimiento-de-aprendizajes-en-la-cuenta-publica-de-la-seremi-de-educacion","status":"publish","type":"post","link":"https:\/\/www.radiolimari.cl\/?p=9269","title":{"rendered":"Destacan mejoramiento de infraestructura escolar, programas en convivencia y salud mental y fortalecimiento de aprendizajes en la cuenta p\u00fablica de la Seremi de Educaci\u00f3n"},"content":{"rendered":"\n<figure class=\"wp-block-image size-large\"><a href=\"https:\/\/www.radiolimari.cl\/wp-content\/uploads\/2023\/05\/3.-Seremi-Educacion-en-Cuenta-Publica-Participativa.jpg\"><img fetchpriority=\"high\" decoding=\"async\" width=\"1024\" height=\"768\" src=\"https:\/\/www.radiolimari.cl\/wp-content\/uploads\/2023\/05\/3.-Seremi-Educacion-en-Cuenta-Publica-Participativa-1024x768.jpg\" alt=\"\" class=\"wp-image-9270\" srcset=\"https:\/\/www.radiolimari.cl\/wp-content\/uploads\/2023\/05\/3.-Seremi-Educacion-en-Cuenta-Publica-Participativa-1024x768.jpg 1024w, https:\/\/www.radiolimari.cl\/wp-content\/uploads\/2023\/05\/3.-Seremi-Educacion-en-Cuenta-Publica-Participativa-300x225.jpg 300w, https:\/\/www.radiolimari.cl\/wp-content\/uploads\/2023\/05\/3.-Seremi-Educacion-en-Cuenta-Publica-Participativa-768x576.jpg 768w, https:\/\/www.radiolimari.cl\/wp-content\/uploads\/2023\/05\/3.-Seremi-Educacion-en-Cuenta-Publica-Participativa.jpg 1290w\" sizes=\"(max-width: 1024px) 100vw, 1024px\" \/><\/a><\/figure>\n\n\n\n<p><strong>En la Universidad de La Serena, la seremi de Educaci\u00f3n, Cecilia Ram\u00edrez Ch\u00e1vez dio a conocer los principales logros del Ministerio de Educaci\u00f3n Regi\u00f3n de Coquimbo durante el primer a\u00f1o de Gobierno, destacando el Plan de Reactivaci\u00f3n Educativa en sus ejes de revinculaci\u00f3n y\u00a0 asistencia, fortalecimiento de aprendizajes y convivencia escolar y salud mental\u201d.<\/strong><\/p>\n\n\n\n<p>La Seremi de Educaci\u00f3n Cecilia Ram\u00edrez Ch\u00e1vez present\u00f3 este martes 30 de mayo, la Cuenta P\u00fablica Participativa 2022-2023 del Ministerio de Educaci\u00f3n de la Regi\u00f3n de Coquimbo con los principales logros y avances implementados por la cartera durante el primer a\u00f1o de Gobierno. En la instancia, estuvo acompa\u00f1ada por la Delegada Presidencial Provincia de Choapa, Nataly Carvajal Carvajal; las y los Seremi de Gobierno, Paulina Mora Lara; Bienes Nacionales, Marcelo Salazar P\u00e9rez; Medio Ambiente, Leonardo Gros P\u00e9rez; Miner\u00eda, Constanza Espinosa Henr\u00edquez y Deportes, Fernando Medina Vergara, directoras y directores regionales de JUNJI, Fundaci\u00f3n Integra, JUNAEB, Superintendencia de Educaci\u00f3n, sostenedores, autoridades ULS y representantes de instituciones de educaci\u00f3n superior, directivos, docentes, asistentes de la educaci\u00f3n, estudiantes, apoderados, gremios, funcionarias y funcionarios Mineduc, entre otros.<\/p>\n\n\n\n<p>La seremi Cecilia Ram\u00edrez Ch\u00e1vez inici\u00f3 su presentaci\u00f3n enfatizando que \u201cnuestras escuelas y liceos deben formar integralmente a todas y todos sus estudiantes, teniendo como desaf\u00edos la justicia educativa y una agenda de g\u00e9nero, el cambio tecnol\u00f3gico, la crisis medioambiental, las habilidades del siglo XXI y reconociendo y aceptando la diversidad para convivir en comunidad. Tenemos efectos que dej\u00f3 la pandemia por el cierre prolongado de los establecimientos educacionales, que afectaron el aprendizaje, la convivencia escolar y las trayectorias educativas de muchas ni\u00f1as, ni\u00f1os, j\u00f3venes y personas adultas de nuestro sistema educativo. En este per\u00edodo reconocer el rol irremplazable que cumplen a diario profesoras y profesores, educadoras y educadores\u201d, sostuvo la autoridad.<\/p>\n\n\n\n<p>La seremi Cecilia Ram\u00edrez Ch\u00e1vez subray\u00f3 que \u201cnuestro gobierno del Presidente de la Rep\u00fablica Gabriel Boric Font, a trav\u00e9s del Ministerio de Educaci\u00f3n est\u00e1 impulsando un nuevo contrato social, basado en los derechos humanos y en los principios de la no discriminaci\u00f3n, de la justicia social del respeto a la vida, la dignidad humana y de la diversidad cultural, desde la \u00e9tica del cuidado, la reciprocidad y la solidaridad. Hemos propuesto y dise\u00f1ado un Plan de Reactivaci\u00f3n Educativa para garantizar las condiciones que permitan recuperar los aprendizajes para todas y todos los estudiantes, permitiendo la creaci\u00f3n de culturas educativas para la innovaci\u00f3n, para la colaboraci\u00f3n, la integralidad y la inclusi\u00f3n. El Plan de Reactivaci\u00f3n Educativa tiene tres ejes que son la convivencia escolar y salud mental, fortalecimiento de los aprendizajes y la revinculaci\u00f3n y la asistencia\u201d. recalc\u00f3.<\/p>\n\n\n\n<p>La seremi de Educaci\u00f3n expuso los avances del Plan de Reactivaci\u00f3n Educativa, entre ellos \u201cel Programa A Convivir se Aprende que tiene como objetivo prevenir y enfrentar situaciones de violencia, los Talleres de Formaci\u00f3n en Convivencia Escolar y Salud Mental en que se capacitaron cerca de 600 docentes y asistentes de la educaci\u00f3n, la ampliaci\u00f3n del Programa Habilidades para la Vida de JUNAEB, el Malet\u00edn Socioemocional que son recursos digitales para familias y educadoras, creados por la Subsecretar\u00eda de Educaci\u00f3n Parvularia, el Fondo de Emergencia para el Mejoramiento de la Infraestructura con 33 proyectos en escuelas y liceos de la regi\u00f3n, con una inversi\u00f3n superior a 2.600 millones de pesos, el Plan Nacional de Tutor\u00eda, un Reporte de asistencia y desvinculaci\u00f3n a los m\u00e1s de 700 establecimientos de la regi\u00f3n que reciben subvenci\u00f3n escolar y la Estrategia Nacional de Fomento a la Lectura Escritura y Comunicaci\u00f3n Integral, en el cual se realizaron 3 Ferias Provinciales, con la participaci\u00f3n de m\u00e1s de 800 estudiantes, docentes, encargados de bibliotecas CRA, escritores y cuenta cuentos\u201d. &nbsp;<\/p>\n\n\n\n<p>La Seremi comparti\u00f3 los logros en Educaci\u00f3n Parvularia, a trav\u00e9s de la Subsecretaria de Educaci\u00f3n Parvularia, la JUNJI y Fundaci\u00f3n Integra, los hitos de JUNAEB y las denuncias recibidas por la Superintendencia de Educaci\u00f3n. En Educaci\u00f3n Escolar: el Programa de Fortalecimiento de la Educaci\u00f3n P\u00fablica, a trav\u00e9s de proyectos de conservaci\u00f3n en infraestructura; Fortalecimiento de la Conectividad e Innovaci\u00f3n Educativa; el Plan Nacional de Fortalecimiento de la Educaci\u00f3n Rural: Gabriela Mistral; el Programa Intercultural Biling\u00fce con la implementaci\u00f3n de la asignatura de Lengua y Cultura de Los Pueblos Originarios Ancestrales, las Jornadas de Educaci\u00f3n No Sexista con insumos para la Pol\u00edtica Nacional de Educaci\u00f3n en Afectividad y Sexualidad Integral, entre otros. Adem\u00e1s, el Mejoramiento de Gesti\u00f3n institucional de los Servicios Locales de Educaci\u00f3n P\u00fablica y la modificaci\u00f3n del calendario de instalaci\u00f3n, la creaci\u00f3n del Nuevo Servicio Local Elqui y el Proyecto de Ley que consolida un \u00fanico sistema de evaluaci\u00f3n y fortalece procesos de inducci\u00f3n y la colaboraci\u00f3n docente. En Educaci\u00f3n Superior resalt\u00f3 el aumento de beneficios estudiantiles con 20.470 estudiantes con Gratuidad en 2022, en comparaci\u00f3n a los 16.900 estudiantes de 2021 y los avances del Programa de Acceso a la Educaci\u00f3n Superior PACE.<\/p>\n\n\n\n<p>La autoridad, destac\u00f3 dos iniciativas regionales pioneras que son el \u201cConcurso de Poes\u00eda, Prosa Po\u00e9tica y Dibujo El Sello Gabriela Mistral\u201d iniciativa de la funcionaria Elena Jim\u00e9nez Salda\u00f1a que organiza la Seremi de Educaci\u00f3n en conjunto con la Seremi de las Culturas, las Artes y el Patrimonio y con apoyo del Gobierno Regional, y es parte de la Estrategia y Plan de Fortalecimiento de la Lectura y Escritura y el proyecto piloto \u201cFortaleciendo y mejorando capacidades de gesti\u00f3n para la implementaci\u00f3n del Plan de Formaci\u00f3n Ciudadana con foco en los Derechos Humanos\u201d iniciativa de los funcionarios Homero Vives Campos y Constantino Guerrero Rodr\u00edguez del Departamento Provincial de Educaci\u00f3n de Elqui.<\/p>\n\n\n\n<p>Antes de finalizar la Seremi rindi\u00f3 un homenaje en memoria del m\u00fasico, educador y maestro Jorge Pe\u00f1a Hen, creador de universos colectivos y de la primera orquesta infantil de Chile en la comuna de La Serena, quien fue asesinado hace 50 a\u00f1os, por la Caravana de la Muerte, durante la dictadura c\u00edvico \u2013 militar. Destac\u00f3 que el maestro Pe\u00f1a Hen inspir\u00f3 la creaci\u00f3n de la Fundaci\u00f3n de Orquestas Juveniles e Infantiles de Chile (FOJI) y que hoy existen m\u00e1s de 500 orquestas infantiles y juveniles en nuestro pa\u00eds, repartidas en m\u00e1s de 200 comunas, cerrando la Cuenta P\u00fablica con la presentaci\u00f3n de 5 estudiantes de la Escuela Experimental de M\u00fasica Jorge Pe\u00f1a Hen, especializados en cuerdas de viol\u00edn, violoncello y viola, dirigidos por Christopher Toledo Pereira, Jefe de la Unidad T\u00e9cnica Pedag\u00f3gica \u00c1rea Musical, interpretando Eleanor Rigby The Beatles (adaptaci\u00f3n) y la Melod\u00eda Inconclusa, obra compuesta en las \u00faltimas horas de vida de Jorge Pe\u00f1a Hen.<\/p>\n\n\n\n<p>La Delegada Presidencial Provincial de Choapa, Nataly Carvajal Carvajal calific\u00f3 la Cuenta P\u00fablica como \u201cexcelente, tomando en cuenta a todos los servicios asociados al Ministerio de Educaci\u00f3n y tambi\u00e9n la necesidad de participar de manera colaborativa, coordinada e intersectorial y tambi\u00e9n con otros ministerios y serem\u00edas para avanzar en este Plan de Reactivaci\u00f3n Educativa. El Seamos Comunidad no es solamente letra muerte, es lo que pretendemos como gobierno. Nuestro Presidente Gabriel Boric nos ha mandatado a trabajar de manera colaborativa y es el sello que se le da a este trabajo, porque necesitamos fortalecer la educaci\u00f3n p\u00fablica, gratuita y de calidad para todas nuestras ni\u00f1as, ni\u00f1os, adolescentes y personas adultas\u201d, indic\u00f3.<\/p>\n\n\n\n<p>Para dar a conocer la gesti\u00f3n 2023, durante el mes de mayo, en forma previa a las Cuentas P\u00fablicas Participativas, en cada una de las 16 regiones del pa\u00eds, el Mineduc habilit\u00f3 una encuesta en l\u00ednea en la p\u00e1gina <a href=\"https:\/\/inclusionyparticipacion.mineduc.cl\/cuentapublica2023\/\">https:\/\/inclusionyparticipacion.mineduc.cl\/cuentapublica2023\/<\/a> para recibir y considerar las consultas, aportes y opiniones de la ciudadan\u00eda.<\/p>\n","protected":false},"excerpt":{"rendered":"<p>En la Universidad de La Serena, la seremi de Educaci\u00f3n, Cecilia Ram\u00edrez Ch\u00e1vez dio a conocer los principales logros del Ministerio de Educaci\u00f3n Regi\u00f3n de Coquimbo durante el primer a\u00f1o de Gobierno, destacando el Plan de Reactivaci\u00f3n Educativa en sus ejes de revinculaci\u00f3n y\u00a0 asistencia, fortalecimiento de aprendizajes y convivencia escolar y salud mental\u201d. La &#8230;<\/p>\n","protected":false},"author":2,"featured_media":9270,"comment_status":"open","ping_status":"open","sticky":false,"template":"","format":"standard","meta":{"footnotes":""},"categories":[6],"tags":[],"class_list":["post-9269","post","type-post","status-publish","format-standard","has-post-thumbnail","hentry","category-regionales"],"_links":{"self":[{"href":"https:\/\/www.radiolimari.cl\/index.php?rest_route=\/wp\/v2\/posts\/9269","targetHints":{"allow":["GET"]}}],"collection":[{"href":"https:\/\/www.radiolimari.cl\/index.php?rest_route=\/wp\/v2\/posts"}],"about":[{"href":"https:\/\/www.radiolimari.cl\/index.php?rest_route=\/wp\/v2\/types\/post"}],"author":[{"embeddable":true,"href":"https:\/\/www.radiolimari.cl\/index.php?rest_route=\/wp\/v2\/users\/2"}],"replies":[{"embeddable":true,"href":"https:\/\/www.radiolimari.cl\/index.php?rest_route=%2Fwp%2Fv2%2Fcomments&post=9269"}],"version-history":[{"count":1,"href":"https:\/\/www.radiolimari.cl\/index.php?rest_route=\/wp\/v2\/posts\/9269\/revisions"}],"predecessor-version":[{"id":9271,"href":"https:\/\/www.radiolimari.cl\/index.php?rest_route=\/wp\/v2\/posts\/9269\/revisions\/9271"}],"wp:featuredmedia":[{"embeddable":true,"href":"https:\/\/www.radiolimari.cl\/index.php?rest_route=\/wp\/v2\/media\/9270"}],"wp:attachment":[{"href":"https:\/\/www.radiolimari.cl\/index.php?rest_route=%2Fwp%2Fv2%2Fmedia&parent=9269"}],"wp:term":[{"taxonomy":"category","embeddable":true,"href":"https:\/\/www.radiolimari.cl\/index.php?rest_route=%2Fwp%2Fv2%2Fcategories&post=9269"},{"taxonomy":"post_tag","embeddable":true,"href":"https:\/\/www.radiolimari.cl\/index.php?rest_route=%2Fwp%2Fv2%2Ftags&post=9269"}],"curies":[{"name":"wp","href":"https:\/\/api.w.org\/{rel}","templated":true}]}}