{"id":9266,"date":"2023-05-31T13:37:56","date_gmt":"2023-05-31T13:37:56","guid":{"rendered":"https:\/\/www.radiolimari.cl\/?p=9266"},"modified":"2023-05-31T13:37:56","modified_gmt":"2023-05-31T13:37:56","slug":"el-2024-se-realizara-el-mejoramiento-de-ruta-chalinga-los-canelos-en-la-comuna-de-ovalle","status":"publish","type":"post","link":"https:\/\/www.radiolimari.cl\/?p=9266","title":{"rendered":"El 2024  se realizar\u00e1 el Mejoramiento de ruta Chalinga-Los Canelos en la comuna de Ovalle"},"content":{"rendered":"\n<figure class=\"wp-block-image size-large is-resized\"><a href=\"https:\/\/www.radiolimari.cl\/wp-content\/uploads\/2023\/05\/IMG-20230530-WA0004.jpg\"><img fetchpriority=\"high\" decoding=\"async\" src=\"https:\/\/www.radiolimari.cl\/wp-content\/uploads\/2023\/05\/IMG-20230530-WA0004-1024x768.jpg\" alt=\"\" class=\"wp-image-9267\" width=\"396\" height=\"297\" srcset=\"https:\/\/www.radiolimari.cl\/wp-content\/uploads\/2023\/05\/IMG-20230530-WA0004-1024x768.jpg 1024w, https:\/\/www.radiolimari.cl\/wp-content\/uploads\/2023\/05\/IMG-20230530-WA0004-300x225.jpg 300w, https:\/\/www.radiolimari.cl\/wp-content\/uploads\/2023\/05\/IMG-20230530-WA0004-768x576.jpg 768w, https:\/\/www.radiolimari.cl\/wp-content\/uploads\/2023\/05\/IMG-20230530-WA0004-1536x1152.jpg 1536w, https:\/\/www.radiolimari.cl\/wp-content\/uploads\/2023\/05\/IMG-20230530-WA0004.jpg 1600w\" sizes=\"(max-width: 396px) 100vw, 396px\" \/><\/a><\/figure>\n\n\n\n<p><strong><em>En asamblea con comunidades y autoridades regionales se anunci\u00f3 la tan esperada licitaci\u00f3n de las obras para este 2023, que contempla 11 kil\u00f3metros (el primer tramo). La inversi\u00f3n ser\u00e1 de 2 mil millones de pesos.<\/em><\/strong><\/p>\n\n\n\n<p>Expectaci\u00f3n y tranquilidad gener\u00f3 en las vecinas y vecinos del sector de Los Canelos (Ovalle) y localidades cercanas el anuncio realizado por las autoridades regionales de Obras P\u00fablicas&nbsp; sobre el ingreso del proyecto de conservaci\u00f3n de la ruta D365 Chalinga- Los Canelos que se espera contar prontamente con la rentabilidad social y posterior licitacion.<\/p>\n\n\n\n<p><br>Al respecto, el seremi de Obras P\u00fablicas, Javier Sandoval, destac\u00f3 el inter\u00e9s de la comunidad por el impacto que significa la conectividad rural. \u201cEl proyecto contempla 2 tramos. El primero de ellos incluye la pavimentaci\u00f3n de 11 kil\u00f3metros&nbsp;<strong>cuya inversi\u00f3n aproximada es de 2.160 millones&nbsp;<\/strong>y se pretende licitar este a\u00f1o 2023 para que, a comienzos del a\u00f1o 2024, puedan comenzar las obras. En paralelo, y mientras avanza el primer tramo, se comenzar\u00e1n los procedimientos para continuar con el segundo tramo\u201d, afirm\u00f3 la autoridad &nbsp;junto con se\u00f1alar que las caracter\u00edsticas de las obras ser\u00e1n de alto est\u00e1ndar.<\/p>\n\n\n\n<p>Otra de las autoridades presentes fue la diputada Nathalie Castillo, quien, en l\u00ednea de lo afirmado por el secretario ministerial, agreg\u00f3 que se avanza en solucionar una problem\u00e1tica hist\u00f3rica de los sectores rurales: el mal estado de los caminos.<\/p>\n\n\n\n<p><br>\u201cAqu\u00ed hay una soluci\u00f3n real y seria a la problem\u00e1tica de la conectividad rural, sabemos que es una urgencia y se debe dar respuestas concretas. Por eso es una buena noticia que este a\u00f1o se anuncie la licitaci\u00f3n del proyecto y &nbsp;que el 2024 las familias vean las obras para la conectividad hacia a sus casas, a sus puestos de trabajo, que adem\u00e1s mejorar\u00e1 la producci\u00f3n local caprina y de c\u00edtricos. Nos hemos puesto en contacto con el ministro Giorgio Jackson para priorizar la iniciativa en su evaluaci\u00f3n\u201d, sostuvo.<\/p>\n\n\n\n<p>Sobre lo mismo, el senador Daniel N\u00fa\u00f1ez -tambi\u00e9n presente en la asamblea- se\u00f1al\u00f3 que \u00abasumimos un compromiso importante con los vecinos y vecinas de Los Canelos y otros pueblos rurales de Ovalle. No descansaremos hasta concretar sus anheladas mejoras\u00bb.<br><br>Janett Andrade, vecina del sector&nbsp; y representante del mundo rural de Ovalle -como presidenta de los crianceros de la comuna-, enfatiz\u00f3 que hace mucho tiempo est\u00e1n luchando para que se pavimente el camino.<\/p>\n\n\n\n<p>\u201cQue el gobierno est\u00e9 en terreno, en un pueblo tan alejado de Ovalle, es una excelente noticia para el mundo rural. Los pobladores quedaron muy contentos por el tramo de 11 kil\u00f3metros que se prometi\u00f3, por lo que esperamos que pronto podamos inaugurar esta pavimentaci\u00f3n y seguir esperando por el segundo tramo de 8 kil\u00f3metros para seguir avanzando hacia Los Canelos\u201d, finaliz\u00f3.<\/p>\n\n\n\n<p>En la asamblea que reuni\u00f3 a diversas comunidades y organizaciones particip\u00f3 adem\u00e1s de la diputada, el senador y el seremi, el delegado provincial de Limar\u00ed Galo Luna, Director Regional de Vialidad, la concejala Fanny Vega, la Core Tatiana Cort\u00e9s y funcionarios municipales quienes coordinaron acciones conjuntas para impulsar esta demanda.<\/p>\n\n\n\n<p><\/p>\n","protected":false},"excerpt":{"rendered":"<p>En asamblea con comunidades y autoridades regionales se anunci\u00f3 la tan esperada licitaci\u00f3n de las obras para este 2023, que contempla 11 kil\u00f3metros (el primer tramo). La inversi\u00f3n ser\u00e1 de 2 mil millones de pesos. Expectaci\u00f3n y tranquilidad gener\u00f3 en las vecinas y vecinos del sector de Los Canelos (Ovalle) y localidades cercanas el anuncio &#8230;<\/p>\n","protected":false},"author":2,"featured_media":9267,"comment_status":"open","ping_status":"open","sticky":false,"template":"","format":"standard","meta":{"footnotes":""},"categories":[5],"tags":[],"class_list":["post-9266","post","type-post","status-publish","format-standard","has-post-thumbnail","hentry","category-actualidad-limarina"],"_links":{"self":[{"href":"https:\/\/www.radiolimari.cl\/index.php?rest_route=\/wp\/v2\/posts\/9266","targetHints":{"allow":["GET"]}}],"collection":[{"href":"https:\/\/www.radiolimari.cl\/index.php?rest_route=\/wp\/v2\/posts"}],"about":[{"href":"https:\/\/www.radiolimari.cl\/index.php?rest_route=\/wp\/v2\/types\/post"}],"author":[{"embeddable":true,"href":"https:\/\/www.radiolimari.cl\/index.php?rest_route=\/wp\/v2\/users\/2"}],"replies":[{"embeddable":true,"href":"https:\/\/www.radiolimari.cl\/index.php?rest_route=%2Fwp%2Fv2%2Fcomments&post=9266"}],"version-history":[{"count":1,"href":"https:\/\/www.radiolimari.cl\/index.php?rest_route=\/wp\/v2\/posts\/9266\/revisions"}],"predecessor-version":[{"id":9268,"href":"https:\/\/www.radiolimari.cl\/index.php?rest_route=\/wp\/v2\/posts\/9266\/revisions\/9268"}],"wp:featuredmedia":[{"embeddable":true,"href":"https:\/\/www.radiolimari.cl\/index.php?rest_route=\/wp\/v2\/media\/9267"}],"wp:attachment":[{"href":"https:\/\/www.radiolimari.cl\/index.php?rest_route=%2Fwp%2Fv2%2Fmedia&parent=9266"}],"wp:term":[{"taxonomy":"category","embeddable":true,"href":"https:\/\/www.radiolimari.cl\/index.php?rest_route=%2Fwp%2Fv2%2Fcategories&post=9266"},{"taxonomy":"post_tag","embeddable":true,"href":"https:\/\/www.radiolimari.cl\/index.php?rest_route=%2Fwp%2Fv2%2Ftags&post=9266"}],"curies":[{"name":"wp","href":"https:\/\/api.w.org\/{rel}","templated":true}]}}