{"id":9263,"date":"2023-05-30T21:07:02","date_gmt":"2023-05-30T21:07:02","guid":{"rendered":"https:\/\/www.radiolimari.cl\/?p=9263"},"modified":"2023-05-30T21:07:02","modified_gmt":"2023-05-30T21:07:02","slug":"con-8-nuevos-recicladores-de-base-municipalidad-de-coquimbo-espera-mejorar-su-economia-circular","status":"publish","type":"post","link":"https:\/\/www.radiolimari.cl\/?p=9263","title":{"rendered":"Con 8 nuevos recicladores de base municipalidad de Coquimbo espera mejorar su econom\u00eda circular"},"content":{"rendered":"\n<figure class=\"wp-block-image size-large\"><a href=\"https:\/\/www.radiolimari.cl\/wp-content\/uploads\/2023\/05\/F2-Recicladores-Base-Coquimbo-2023.jpeg\"><img fetchpriority=\"high\" decoding=\"async\" width=\"1024\" height=\"768\" src=\"https:\/\/www.radiolimari.cl\/wp-content\/uploads\/2023\/05\/F2-Recicladores-Base-Coquimbo-2023-1024x768.jpeg\" alt=\"\" class=\"wp-image-9264\" srcset=\"https:\/\/www.radiolimari.cl\/wp-content\/uploads\/2023\/05\/F2-Recicladores-Base-Coquimbo-2023-1024x768.jpeg 1024w, https:\/\/www.radiolimari.cl\/wp-content\/uploads\/2023\/05\/F2-Recicladores-Base-Coquimbo-2023-300x225.jpeg 300w, https:\/\/www.radiolimari.cl\/wp-content\/uploads\/2023\/05\/F2-Recicladores-Base-Coquimbo-2023-768x576.jpeg 768w, https:\/\/www.radiolimari.cl\/wp-content\/uploads\/2023\/05\/F2-Recicladores-Base-Coquimbo-2023-1536x1152.jpeg 1536w, https:\/\/www.radiolimari.cl\/wp-content\/uploads\/2023\/05\/F2-Recicladores-Base-Coquimbo-2023.jpeg 1600w\" sizes=\"(max-width: 1024px) 100vw, 1024px\" \/><\/a><\/figure>\n\n\n\n<p>Con la Ley 20.920 o Ley REP se busca fomentar la sensibilizaci\u00f3n ciudadana para abordar la problem\u00e1tica asociada al manejo de residuos.<\/p>\n\n\n\n<p>Un significativo aumento de estos trabajadores, de 8 a 16 personas, se registr\u00f3 en la comuna de Coquimbo, gracias a la adjudicaci\u00f3n del Fondo para el Reciclaje Exequiel Estay 2022 del Ministerio del Medio Ambiente por un monto de 11 millones; esta instancia financia la adquisici\u00f3n de equipamiento municipal para el manejo de residuos prioritarios contemplados en la Ley de Responsabilidad Extendida al Productor y Fomento al Reciclaje (Ley REP).<\/p>\n\n\n\n<p>En este sentido, el fondo permiti\u00f3 la certificaci\u00f3n oficial de 8 recicladores de base y la capacitaci\u00f3n de 60 habitantes de la comuna en los siguientes temas: Manejo de residuos y reciclaje situaci\u00f3n nacional y regional por tipo de residuos, impactos de la actividad; Legislaci\u00f3n y normativa ambiental aplicable al sector; Normativa sanitaria aplicable al sector; Posibilidades de mejoras en la actividad de recicladores de base y la Ley de Responsabilidad Extendida al Productor.<\/p>\n\n\n\n<p><strong>En beneficio del bien com\u00fan<\/strong><\/p>\n\n\n\n<p>Este concurso financia proyectos que promueven la inclusi\u00f3n de recicladores de base, junto con sensibilizar a la ciudadan\u00eda en tem\u00e1ticas de reciclaje, manejo y separaci\u00f3n de residuos, reutilizaci\u00f3n y econom\u00eda circular. Al respecto, Alejandra Ramos, recicladora de base explic\u00f3 su forma de trabajar: \u201cEl reciclaje lo realizo de forma independiente para crear nuevos productos junto con mi mam\u00e1 y una agrupaci\u00f3n de mujeres. Hace 7 a\u00f1os que me dedico a esto. Usamos las cajas de tomates y hacemos letreros, ahora estoy haciendo una muralla con eso. Tambi\u00e9n reutilizamos, porque mi mam\u00e1 est\u00e1 haciendo 20 pares de zapatos de lana para regalar a un asilo de ancianos en Temuco.\u201d<\/p>\n\n\n\n<p>Por su parte, Pedro V\u00e9liz director de Medio Ambiente de la Municipalidad de Coquimbo declar\u00f3 \u201ctenemos el orgullo de ganar nuevamente el premio del Fondo para el Reciclaje Exequiel Estay y a la vez, otorgar una certificaci\u00f3n y una identidad a los recicladores de base. Nosotros trataremos de dar todas las condiciones para que ellos puedan trabajar, incorporarlos en las nuevas medidas que vienen con la Ley REP, para mantener una comuna limpia, verde y acorde a los tiempos que van avanzando en el combate al cambio clim\u00e1tico.\u201d<\/p>\n\n\n\n<p>El Seremi del Medio Ambiente Leonardo Gros resalt\u00f3 la figura de Exequiel Estay Tapia y su legado, quien trabaj\u00f3 por m\u00e1s de 24 a\u00f1os como reciclador de base, participando activamente en espacios p\u00fablicos a favor del reciclaje y la inclusi\u00f3n de los recicladores, junto al Movimiento Nacional de Recicladores de Chile.<\/p>\n\n\n\n<p>En este sentido, Gros manifest\u00f3 \u201cestamos en una capacitaci\u00f3n dirigida a los recicladores de base de Coquimbo para ir generando las competencias, habilidades y destrezas en estos trabajadores las cuales les permitir\u00e1n abordar el gran desaf\u00edo de avanzar en econom\u00eda circular. Hemos sido testigos de este proceso de certificaci\u00f3n y capacitaci\u00f3n que est\u00e1 llevando a cabo el municipio de Coquimbo, al cual felicitamos en el marco del D\u00eda Internacional del Reciclaje.\u201d<\/p>\n","protected":false},"excerpt":{"rendered":"<p>Con la Ley 20.920 o Ley REP se busca fomentar la sensibilizaci\u00f3n ciudadana para abordar la problem\u00e1tica asociada al manejo de residuos. Un significativo aumento de estos trabajadores, de 8 a 16 personas, se registr\u00f3 en la comuna de Coquimbo, gracias a la adjudicaci\u00f3n del Fondo para el Reciclaje Exequiel Estay 2022 del Ministerio del &#8230;<\/p>\n","protected":false},"author":2,"featured_media":9264,"comment_status":"open","ping_status":"open","sticky":false,"template":"","format":"standard","meta":{"footnotes":""},"categories":[3],"tags":[],"class_list":["post-9263","post","type-post","status-publish","format-standard","has-post-thumbnail","hentry","category-actualidad"],"_links":{"self":[{"href":"https:\/\/www.radiolimari.cl\/index.php?rest_route=\/wp\/v2\/posts\/9263","targetHints":{"allow":["GET"]}}],"collection":[{"href":"https:\/\/www.radiolimari.cl\/index.php?rest_route=\/wp\/v2\/posts"}],"about":[{"href":"https:\/\/www.radiolimari.cl\/index.php?rest_route=\/wp\/v2\/types\/post"}],"author":[{"embeddable":true,"href":"https:\/\/www.radiolimari.cl\/index.php?rest_route=\/wp\/v2\/users\/2"}],"replies":[{"embeddable":true,"href":"https:\/\/www.radiolimari.cl\/index.php?rest_route=%2Fwp%2Fv2%2Fcomments&post=9263"}],"version-history":[{"count":1,"href":"https:\/\/www.radiolimari.cl\/index.php?rest_route=\/wp\/v2\/posts\/9263\/revisions"}],"predecessor-version":[{"id":9265,"href":"https:\/\/www.radiolimari.cl\/index.php?rest_route=\/wp\/v2\/posts\/9263\/revisions\/9265"}],"wp:featuredmedia":[{"embeddable":true,"href":"https:\/\/www.radiolimari.cl\/index.php?rest_route=\/wp\/v2\/media\/9264"}],"wp:attachment":[{"href":"https:\/\/www.radiolimari.cl\/index.php?rest_route=%2Fwp%2Fv2%2Fmedia&parent=9263"}],"wp:term":[{"taxonomy":"category","embeddable":true,"href":"https:\/\/www.radiolimari.cl\/index.php?rest_route=%2Fwp%2Fv2%2Fcategories&post=9263"},{"taxonomy":"post_tag","embeddable":true,"href":"https:\/\/www.radiolimari.cl\/index.php?rest_route=%2Fwp%2Fv2%2Ftags&post=9263"}],"curies":[{"name":"wp","href":"https:\/\/api.w.org\/{rel}","templated":true}]}}