{"id":9257,"date":"2023-05-30T17:40:00","date_gmt":"2023-05-30T17:40:00","guid":{"rendered":"https:\/\/www.radiolimari.cl\/?p=9257"},"modified":"2023-05-30T17:40:00","modified_gmt":"2023-05-30T17:40:00","slug":"despues-de-dos-anos-municipios-reactivan-conversaciones-para-una-planificacion-conjunta-de-promocion-turistica","status":"publish","type":"post","link":"https:\/\/www.radiolimari.cl\/?p=9257","title":{"rendered":"Despu\u00e9s de dos a\u00f1os, municipios reactivan conversaciones para una planificaci\u00f3n conjunta de promoci\u00f3n tur\u00edstica"},"content":{"rendered":"\n<figure class=\"wp-block-image size-large\"><a href=\"https:\/\/www.radiolimari.cl\/wp-content\/uploads\/2023\/05\/Foto-A.jpeg\"><img fetchpriority=\"high\" decoding=\"async\" width=\"1024\" height=\"768\" src=\"https:\/\/www.radiolimari.cl\/wp-content\/uploads\/2023\/05\/Foto-A-1024x768.jpeg\" alt=\"\" class=\"wp-image-9258\" srcset=\"https:\/\/www.radiolimari.cl\/wp-content\/uploads\/2023\/05\/Foto-A-1024x768.jpeg 1024w, https:\/\/www.radiolimari.cl\/wp-content\/uploads\/2023\/05\/Foto-A-300x225.jpeg 300w, https:\/\/www.radiolimari.cl\/wp-content\/uploads\/2023\/05\/Foto-A-768x576.jpeg 768w, https:\/\/www.radiolimari.cl\/wp-content\/uploads\/2023\/05\/Foto-A-1536x1152.jpeg 1536w, https:\/\/www.radiolimari.cl\/wp-content\/uploads\/2023\/05\/Foto-A.jpeg 1600w\" sizes=\"(max-width: 1024px) 100vw, 1024px\" \/><\/a><\/figure>\n\n\n\n<p><em>A trav\u00e9s del \u201cEncuentro de Coordinadoras (es) de Turismo y Fomento Municipales\u201d, realizado en Andacollo, se concretaron diagn\u00f3sticos del sector en cada uno de los territorios y l\u00edneas de trabajo colaborativo.<\/em><\/p>\n\n\n\n<p>Despu\u00e9s de dos a\u00f1os de restricciones impuestas por la pandemia, las coordinadoras y coordinadores municipales de Turismo y Fomento, de las comunas en la regi\u00f3n de Coquimbo, retomaron las conversaciones para alcanzar una planificaci\u00f3n conjunta, con miras a incentivar la promoci\u00f3n y difusi\u00f3n de los destinos, servicios y experienciastur\u00edsticas.<\/p>\n\n\n\n<p>La cita fue en la ciudad de Andacollo y, en dos d\u00edas, se incluyeron diagn\u00f3sticos de cada uno de los territorios y l\u00edneas de trabajo colaborativo. El \u00faltimo semestre, el sector turismo se ha reactivado en diversos segmentos, permitiendo la llegada de 850 mil visitantes en periodo estival, superando las expectativas, con un 40% de ellos prefiriendo los atractivos de las zonas rurales y \u00e1reas silvestres.<\/p>\n\n\n\n<p>Para el alcalde de Andacollo, Gerald Cerda, una instancia que ayuda a exponer las propuestas, proyectos, sugerencias y elementos compartidos entre una y otra comuna, que se pueden traducir \u201cen una matriz econ\u00f3mica, relacionado al turismo patrimonial, cultural y gastron\u00f3mico, que incitan a las ra\u00edces identitarias que tiene la regi\u00f3n de Coquimbo\u201d.<\/p>\n\n\n\n<p>\u201cEl turismo es relevante para nuestra regi\u00f3n porque genera 22 mil empleos directos en empresas o emprendimientos, que en m\u00e1s de un 85% son MiPymes\u201d, sostuvo la seremi de Econom\u00eda, P\u00eda Castillo, quien agreg\u00f3 que este tipo de encuentros va en l\u00ednea con el programa de Gobierno del presidente Gabriel Boric, al proponer la creaci\u00f3n de una Estrategia Nacional de Turismo Descentralizada (ENTD), a 10 a\u00f1os plazo. \u201cEsta es una hoja de ruta requiere el aporte de todos, para establecer l\u00edneas concretas de trabajo que impulsen el desarrollo de las quince comunas\u201d, precis\u00f3.<\/p>\n\n\n\n<p>M\u00e1s de 36 mil argentinos cruzaron la cordillera de Los Andes para disfrutar de los balnearios y gastronom\u00eda marina de la regi\u00f3n de Coquimbo, gracias a la reapertura del Paso Internacional Agua Negra. Adicionalmente, se reactiv\u00f3 la industria de cruceros, con pasajeros que no solo recorrieron las grandes ciudades de La Serena y Coquimbo, sino tambi\u00e9n sectores de los valles de Elqui y Limar\u00ed, buscando servicios de astroturismo y enoturismo (piscos y vinos), principalmente.<\/p>\n\n\n\n<p>Ang\u00e9lica Funes, directora Sernatur Coquimbo, si bien valor\u00f3 los positivos indicadores del rubro, consider\u00f3 que se debe pensar en estrategias adicionales para los meses m\u00e1s complejos de la actividad, tales como, abril, mayo y junio. \u201cPoder avanzar en distintas l\u00edneas de trabajo conjunto para transformarnos en una regi\u00f3n completamente tur\u00edstica, con una planificaci\u00f3n e integraci\u00f3n t\u00e9cnica y, por supuesto, con visualizaci\u00f3n en el mercado nacional e internacional\u201d.<\/p>\n\n\n\n<p>David Videla, jefe del departamento de Turismo de la Municipalidad de La Serena, mencion\u00f3 que es sumamente importante que existan sinergias entre las comunas de la regi\u00f3n. \u201cPara ello, es importante participar en estas mesas de trabajo, la asociatividad es fundamental. La Serena es la capital regional, siempre ha estado dispuesta en crear un trabajo en relaci\u00f3n a la industria del turismo de manera mancomunada. Estamos esperanzados en grandes acuerdos, generar en una planificaci\u00f3n y lograr este desarrollo tur\u00edstico sustentable y sostenible para La Serena y la regi\u00f3n de Coquimbo\u201d, dijo.<\/p>\n\n\n\n<p>Valentina Arias, coordinadora de la Oficina de Turismo de Monte Patria, expres\u00f3 que la ausencia de coordinaci\u00f3n entre las municipalidades dificulta, por ejemplo, la calendarizaci\u00f3n de actividades. \u201cEn ese sentido, la promoci\u00f3n y la difusi\u00f3n es relevante en este tipo de instancias, y tambi\u00e9n para saber si las l\u00edneas de trabajo y las acciones condicen con lo que queremos lograr como destinos\u201d, subray\u00f3.<\/p>\n\n\n\n<p>\u201cLa asociatividad y el trabajo conjunto que podemos lograr despu\u00e9s de esta jornada es importante no solo para el turismo, sino para toda la regi\u00f3n\u201d, finaliz\u00f3 Alicia Vilches, coordinadora de Turismo de la Municipalidad de Illapel.<\/p>\n","protected":false},"excerpt":{"rendered":"<p>A trav\u00e9s del \u201cEncuentro de Coordinadoras (es) de Turismo y Fomento Municipales\u201d, realizado en Andacollo, se concretaron diagn\u00f3sticos del sector en cada uno de los territorios y l\u00edneas de trabajo colaborativo. Despu\u00e9s de dos a\u00f1os de restricciones impuestas por la pandemia, las coordinadoras y coordinadores municipales de Turismo y Fomento, de las comunas en la &#8230;<\/p>\n","protected":false},"author":2,"featured_media":9258,"comment_status":"open","ping_status":"open","sticky":false,"template":"","format":"standard","meta":{"footnotes":""},"categories":[6],"tags":[],"class_list":["post-9257","post","type-post","status-publish","format-standard","has-post-thumbnail","hentry","category-regionales"],"_links":{"self":[{"href":"https:\/\/www.radiolimari.cl\/index.php?rest_route=\/wp\/v2\/posts\/9257","targetHints":{"allow":["GET"]}}],"collection":[{"href":"https:\/\/www.radiolimari.cl\/index.php?rest_route=\/wp\/v2\/posts"}],"about":[{"href":"https:\/\/www.radiolimari.cl\/index.php?rest_route=\/wp\/v2\/types\/post"}],"author":[{"embeddable":true,"href":"https:\/\/www.radiolimari.cl\/index.php?rest_route=\/wp\/v2\/users\/2"}],"replies":[{"embeddable":true,"href":"https:\/\/www.radiolimari.cl\/index.php?rest_route=%2Fwp%2Fv2%2Fcomments&post=9257"}],"version-history":[{"count":1,"href":"https:\/\/www.radiolimari.cl\/index.php?rest_route=\/wp\/v2\/posts\/9257\/revisions"}],"predecessor-version":[{"id":9259,"href":"https:\/\/www.radiolimari.cl\/index.php?rest_route=\/wp\/v2\/posts\/9257\/revisions\/9259"}],"wp:featuredmedia":[{"embeddable":true,"href":"https:\/\/www.radiolimari.cl\/index.php?rest_route=\/wp\/v2\/media\/9258"}],"wp:attachment":[{"href":"https:\/\/www.radiolimari.cl\/index.php?rest_route=%2Fwp%2Fv2%2Fmedia&parent=9257"}],"wp:term":[{"taxonomy":"category","embeddable":true,"href":"https:\/\/www.radiolimari.cl\/index.php?rest_route=%2Fwp%2Fv2%2Fcategories&post=9257"},{"taxonomy":"post_tag","embeddable":true,"href":"https:\/\/www.radiolimari.cl\/index.php?rest_route=%2Fwp%2Fv2%2Ftags&post=9257"}],"curies":[{"name":"wp","href":"https:\/\/api.w.org\/{rel}","templated":true}]}}