{"id":9250,"date":"2023-05-30T14:40:38","date_gmt":"2023-05-30T14:40:38","guid":{"rendered":"https:\/\/www.radiolimari.cl\/?p=9250"},"modified":"2023-05-30T14:41:50","modified_gmt":"2023-05-30T14:41:50","slug":"en-mexico-monte-patria-seremi-de-agricultura-se-reune-con-dirigentes-rurales-de-la-comuna-para-avanzar-en-materias-de-comercializacion-e-infraestructura-de-riego","status":"publish","type":"post","link":"https:\/\/www.radiolimari.cl\/?p=9250","title":{"rendered":"En Monte Patria seremi de Agricultura se re\u00fane con dirigentes rurales de la comuna para avanzar en materias de comercializaci\u00f3n e infraestructura de riego"},"content":{"rendered":"\n<figure class=\"wp-block-image size-large\"><a href=\"https:\/\/www.radiolimari.cl\/wp-content\/uploads\/2023\/05\/Reunion-El-Palqui-1.jpeg\"><img fetchpriority=\"high\" decoding=\"async\" width=\"1024\" height=\"461\" src=\"https:\/\/www.radiolimari.cl\/wp-content\/uploads\/2023\/05\/Reunion-El-Palqui-1-1024x461.jpeg\" alt=\"\" class=\"wp-image-9251\" srcset=\"https:\/\/www.radiolimari.cl\/wp-content\/uploads\/2023\/05\/Reunion-El-Palqui-1-1024x461.jpeg 1024w, https:\/\/www.radiolimari.cl\/wp-content\/uploads\/2023\/05\/Reunion-El-Palqui-1-300x135.jpeg 300w, https:\/\/www.radiolimari.cl\/wp-content\/uploads\/2023\/05\/Reunion-El-Palqui-1-768x346.jpeg 768w, https:\/\/www.radiolimari.cl\/wp-content\/uploads\/2023\/05\/Reunion-El-Palqui-1.jpeg 1080w\" sizes=\"(max-width: 1024px) 100vw, 1024px\" \/><\/a><\/figure>\n\n\n\n<p>Entre los temas abordados en este primer acercamiento esta poder potenciar el apoyo del ministerio en materias de infraestructura de riego, adem\u00e1s de trabajar en conjunto estrategias de desarrollo que permitan mejorar los sistemas de comercializaci\u00f3n de las frutas y verduras que se producen en la zona.<\/p>\n\n\n\n<p>Como parte de sus primeras actividades a cargo de la cartera, Christian \u00c1lvarez, Seremi de Agricultura, se reuni\u00f3 en Monte Patria, con representantes del Sindicato de Trabajadores de Peque\u00f1os Agricultores del Valle El Paqui, para abordar las principales demandas que nacen desde los agricultores de la comuna.<\/p>\n\n\n\n<p>Entre los temas abordados en este primer acercamiento esta poder potenciar el apoyo del ministerio en materias de infraestructura de riego, adem\u00e1s de trabajar en conjunto estrategias de desarrollo que permitan mejorar los sistemas de comercializaci\u00f3n de las frutas y verduras que se producen en la zona.<\/p>\n\n\n\n<p>Un encuentro donde adem\u00e1s participaron, el jefe de \u00c1rea INDAP Ovalle, H\u00e9ctor Ortiz y dirigentes de los sectores de El Tom\u00e9, Los Morales y el Palqui.<\/p>\n\n\n\n<p>\u201cNuestro objetivo es poder levantar las demandas del mundo rural de la Regi\u00f3n de Coquimbo y escuchar las inquietudes de sus habitantes, con el objetivo de poder avanzar en la implementaci\u00f3n de soluciones, que cumplan con lo solicitado. Es en esta l\u00ednea que nos reunimos con el Sindicato de Trabajadores de Peque\u00f1os Agricultores del Valle El Paqui, que es presido por el dirigente Fidel Salinas, para conocer sus principales requerimientos y analizar la forma en que podemos concretar un apoyo a la peque\u00f1a agricultura de Monte Patria. Nos vamos con compromisos, pero tambi\u00e9n con acuerdos que esperamos dar cumplimiento gracias a un trabajo mancomunado con los servicios del agro y los dirigentes de la zona en el corto y mediano plazo\u201d, se\u00f1al\u00f3 el Seremi de Agricultura, Christian \u00c1lvarez.<\/p>\n\n\n\n<p>En tanto, Fidel Salinas, presidente del sindicato, coment\u00f3 que, \u201cfue una reuni\u00f3n para conversar sobre las cosas que est\u00e1n pasando en el campo, vimos el tema del endeudamiento campesino que existe, tambi\u00e9n vimos el tema de comercializaci\u00f3n, como apoyamos un mejoramiento en materias de riego intrapredial. La idea es trabajar con los campesinos, las organizaciones, los dirigentes, los actores del territorio, porque son ellos los que producen. Fue una reuni\u00f3n importante, estuvimos un buen tiempo conversando, tratando estos temas. Agradecer al Seremi por esta visita y ojal\u00e1 en el mediano plazo reunirnos en terreno para conocer como producen los socios y como tienen sus terrenos\u201d.<\/p>\n\n\n\n<p>Una vez finalizada esta reuni\u00f3n, la autoridad del agro se traslad\u00f3 hasta el encuentro de campesinos que se realiz\u00f3 en la comuna de Monte Patria, organizado por el Consejo Asesor Regional de INDAP Coquimbo, donde se dieron cita dirigentes rurales de las provincias de Elqui, Limar\u00ed y Choapa.<\/p>\n\n\n\n<p><\/p>\n","protected":false},"excerpt":{"rendered":"<p>Entre los temas abordados en este primer acercamiento esta poder potenciar el apoyo del ministerio en materias de infraestructura de riego, adem\u00e1s de trabajar en conjunto estrategias de desarrollo que permitan mejorar los sistemas de comercializaci\u00f3n de las frutas y verduras que se producen en la zona. Como parte de sus primeras actividades a cargo &#8230;<\/p>\n","protected":false},"author":2,"featured_media":9251,"comment_status":"open","ping_status":"open","sticky":false,"template":"","format":"standard","meta":{"footnotes":""},"categories":[6],"tags":[],"class_list":["post-9250","post","type-post","status-publish","format-standard","has-post-thumbnail","hentry","category-regionales"],"_links":{"self":[{"href":"https:\/\/www.radiolimari.cl\/index.php?rest_route=\/wp\/v2\/posts\/9250","targetHints":{"allow":["GET"]}}],"collection":[{"href":"https:\/\/www.radiolimari.cl\/index.php?rest_route=\/wp\/v2\/posts"}],"about":[{"href":"https:\/\/www.radiolimari.cl\/index.php?rest_route=\/wp\/v2\/types\/post"}],"author":[{"embeddable":true,"href":"https:\/\/www.radiolimari.cl\/index.php?rest_route=\/wp\/v2\/users\/2"}],"replies":[{"embeddable":true,"href":"https:\/\/www.radiolimari.cl\/index.php?rest_route=%2Fwp%2Fv2%2Fcomments&post=9250"}],"version-history":[{"count":2,"href":"https:\/\/www.radiolimari.cl\/index.php?rest_route=\/wp\/v2\/posts\/9250\/revisions"}],"predecessor-version":[{"id":9253,"href":"https:\/\/www.radiolimari.cl\/index.php?rest_route=\/wp\/v2\/posts\/9250\/revisions\/9253"}],"wp:featuredmedia":[{"embeddable":true,"href":"https:\/\/www.radiolimari.cl\/index.php?rest_route=\/wp\/v2\/media\/9251"}],"wp:attachment":[{"href":"https:\/\/www.radiolimari.cl\/index.php?rest_route=%2Fwp%2Fv2%2Fmedia&parent=9250"}],"wp:term":[{"taxonomy":"category","embeddable":true,"href":"https:\/\/www.radiolimari.cl\/index.php?rest_route=%2Fwp%2Fv2%2Fcategories&post=9250"},{"taxonomy":"post_tag","embeddable":true,"href":"https:\/\/www.radiolimari.cl\/index.php?rest_route=%2Fwp%2Fv2%2Ftags&post=9250"}],"curies":[{"name":"wp","href":"https:\/\/api.w.org\/{rel}","templated":true}]}}