{"id":9242,"date":"2023-05-29T18:38:37","date_gmt":"2023-05-29T18:38:37","guid":{"rendered":"https:\/\/www.radiolimari.cl\/?p=9242"},"modified":"2023-05-29T18:38:38","modified_gmt":"2023-05-29T18:38:38","slug":"el-paso-agua-negra-via-que-conecta-a-la-provincia-de-san-juan-argentina-y-la-region-de-coquimbo-cerro-la-temporada-2022-2023","status":"publish","type":"post","link":"https:\/\/www.radiolimari.cl\/?p=9242","title":{"rendered":"El Paso Agua Negra, v\u00eda que conecta a la provincia de San Juan (Argentina) y la regi\u00f3n de Coquimbo, cerr\u00f3 la temporada 2022-2023"},"content":{"rendered":"\n<figure class=\"wp-block-image size-large is-resized\"><a href=\"https:\/\/www.radiolimari.cl\/wp-content\/uploads\/2023\/05\/Agua-Negra-4.webp\"><img fetchpriority=\"high\" decoding=\"async\" src=\"https:\/\/www.radiolimari.cl\/wp-content\/uploads\/2023\/05\/Agua-Negra-4-1024x576.webp\" alt=\"\" class=\"wp-image-9243\" width=\"417\" height=\"234\" srcset=\"https:\/\/www.radiolimari.cl\/wp-content\/uploads\/2023\/05\/Agua-Negra-4-1024x576.webp 1024w, https:\/\/www.radiolimari.cl\/wp-content\/uploads\/2023\/05\/Agua-Negra-4-300x169.webp 300w, https:\/\/www.radiolimari.cl\/wp-content\/uploads\/2023\/05\/Agua-Negra-4-768x432.webp 768w, https:\/\/www.radiolimari.cl\/wp-content\/uploads\/2023\/05\/Agua-Negra-4.webp 1280w\" sizes=\"(max-width: 417px) 100vw, 417px\" \/><\/a><\/figure>\n\n\n\n<p><em>Corredor internacional fue clave para la llegada de argentinos a la zona, especialmente desde la provincia de San Juan, aunque tambi\u00e9n registr\u00f3 visitantes de otros puntos como Mendoza y C\u00f3rdoba. Cada turista de ese pa\u00eds destina hasta 94 d\u00f3lares diarios, principalmente en comercio, alimentaci\u00f3n y alojamientos.<\/em><\/p>\n\n\n\n<p>El Paso Agua Negra, v\u00eda que conecta a la provincia de San Juan (Argentina) y la regi\u00f3n de Coquimbo, cerr\u00f3 la temporada 2022-2023 con m\u00e1s de 36 mil ingresos a territorio nacional. Ese fue parte del balance positivo del funcionamiento de este corredor internacional, necesario para el flujo de turistas y visitantes de ambos puntos, el intercambio comercial y el dinamismo econ\u00f3mico, aspectos valorados especialmente post pandemia.<\/p>\n\n\n\n<p>Y que al igual que el turista nacional, el visitante argentino tambi\u00e9n prefiere las playas de la regi\u00f3n por la amplia variedad de servicios tur\u00edsticos, tales como gastron\u00f3micos, actividades (de recreaci\u00f3n y entretenci\u00f3n diurna y nocturna), comercio, hoteler\u00eda, entre otras. Ello, a precios relativamente m\u00e1s asequibles que en la costa Atl\u00e1ntica y con un menor tiempo de traslado, que les permite pernoctar pr\u00e1cticamente \u201ca los pies del mar\u201d.<\/p>\n\n\n\n<p>\u201cLas playas de la regi\u00f3n de Coquimbo son nuestro principal atractivo, pero adem\u00e1s facilitan la posibilidad que estos turistas concurran a otras experiencias de la regi\u00f3n, como conocer el astroturismo, rutas de vinos y pisco, la gastronom\u00eda marina, las \u00faltimas dos de alto inter\u00e9s para los argentinos\u201d, dijo la directora de Sernatur Coquimbo, Ang\u00e9lica Funes.<\/p>\n\n\n\n<p>Cabe recordar que, Sernatur Coquimbo, previendo la eliminaci\u00f3n de las restricciones sanitarias y la apertura de fronteras decidi\u00f3 realizar activaciones de promoci\u00f3n de los destinos tur\u00edsticos de la regi\u00f3n de Coquimbo, centr\u00e1ndose en mercados internacionales de corta distancia, como es el caso de Argentina. Debido a ello, Sernatur particip\u00f3 en la Feria Internacional de Turismo (FIT) de Buenos Aires, una de las m\u00e1s importantes en Sudam\u00e9rica, entre el 01 y 04 de octubre del 2022, donde se exhibi\u00f3 la oferta y experiencias de astroturismo; piscos, cervezas y vinos; playas y valles; turismo wellness y parques nacionales, junto a la Municipalidad de La Serena y la Red Asociativa Descubre Elqui (Hotel Club La Serena, Casa Bagua, Cervezas Guayac\u00e1n y Cavas del Valle).<\/p>\n\n\n\n<p>Posteriormente, en noviembre del a\u00f1o pasado, distintos <strong>e<\/strong>mpresarios argentinos y agencias de viaje de ese pa\u00eds recibieron informaci\u00f3n sensible de la industria tur\u00edstica de la regi\u00f3n de Coquimbo -costos de alojamientos, traslados, entre otras- para promover e incentivar la llegada de argentinos, quienes efect\u00faan un gasto diario promedio que var\u00eda entre los US$90 a US$94 por persona, destin\u00e1ndose en comercio, alimentaci\u00f3n, arriendos de alojamientos, y otros servicios.<\/p>\n\n\n\n<p>Y si bien las personas que transitan por Agua Negra provienen marcadamente desde San Juan, tambi\u00e9n se registraron visitantes de otros puntos del pa\u00eds vecino, como Mendoza y C\u00f3rdoba.<\/p>\n\n\n\n<p>Otra acci\u00f3n fue reunirse previamente a la apertura del Agua Negra con las casas de cambio de divisas de La Serena y Coquimbo, para prepararlos para recibir a estos turistas. Ello, no hubiese sido posible sin el apoyo del Gobierno Regional de Coquimbo y el Consejo Regional, quienes priorizaron recursos para la difusi\u00f3n de los destinos, a trav\u00e9s del Programa Marketing 360, ejecutado por Sernatur.<\/p>\n","protected":false},"excerpt":{"rendered":"<p>Corredor internacional fue clave para la llegada de argentinos a la zona, especialmente desde la provincia de San Juan, aunque tambi\u00e9n registr\u00f3 visitantes de otros puntos como Mendoza y C\u00f3rdoba. Cada turista de ese pa\u00eds destina hasta 94 d\u00f3lares diarios, principalmente en comercio, alimentaci\u00f3n y alojamientos. El Paso Agua Negra, v\u00eda que conecta a la &#8230;<\/p>\n","protected":false},"author":2,"featured_media":9243,"comment_status":"open","ping_status":"open","sticky":false,"template":"","format":"standard","meta":{"footnotes":""},"categories":[3],"tags":[],"class_list":["post-9242","post","type-post","status-publish","format-standard","has-post-thumbnail","hentry","category-actualidad"],"_links":{"self":[{"href":"https:\/\/www.radiolimari.cl\/index.php?rest_route=\/wp\/v2\/posts\/9242","targetHints":{"allow":["GET"]}}],"collection":[{"href":"https:\/\/www.radiolimari.cl\/index.php?rest_route=\/wp\/v2\/posts"}],"about":[{"href":"https:\/\/www.radiolimari.cl\/index.php?rest_route=\/wp\/v2\/types\/post"}],"author":[{"embeddable":true,"href":"https:\/\/www.radiolimari.cl\/index.php?rest_route=\/wp\/v2\/users\/2"}],"replies":[{"embeddable":true,"href":"https:\/\/www.radiolimari.cl\/index.php?rest_route=%2Fwp%2Fv2%2Fcomments&post=9242"}],"version-history":[{"count":1,"href":"https:\/\/www.radiolimari.cl\/index.php?rest_route=\/wp\/v2\/posts\/9242\/revisions"}],"predecessor-version":[{"id":9244,"href":"https:\/\/www.radiolimari.cl\/index.php?rest_route=\/wp\/v2\/posts\/9242\/revisions\/9244"}],"wp:featuredmedia":[{"embeddable":true,"href":"https:\/\/www.radiolimari.cl\/index.php?rest_route=\/wp\/v2\/media\/9243"}],"wp:attachment":[{"href":"https:\/\/www.radiolimari.cl\/index.php?rest_route=%2Fwp%2Fv2%2Fmedia&parent=9242"}],"wp:term":[{"taxonomy":"category","embeddable":true,"href":"https:\/\/www.radiolimari.cl\/index.php?rest_route=%2Fwp%2Fv2%2Fcategories&post=9242"},{"taxonomy":"post_tag","embeddable":true,"href":"https:\/\/www.radiolimari.cl\/index.php?rest_route=%2Fwp%2Fv2%2Ftags&post=9242"}],"curies":[{"name":"wp","href":"https:\/\/api.w.org\/{rel}","templated":true}]}}