{"id":9239,"date":"2023-05-29T18:20:32","date_gmt":"2023-05-29T18:20:32","guid":{"rendered":"https:\/\/www.radiolimari.cl\/?p=9239"},"modified":"2023-05-29T18:20:33","modified_gmt":"2023-05-29T18:20:33","slug":"continua-la-recuperacion-de-espacios-deportivos-en-illapel-a-traves-del-programa-suenos-de-barrio","status":"publish","type":"post","link":"https:\/\/www.radiolimari.cl\/?p=9239","title":{"rendered":"Contin\u00faa la recuperaci\u00f3n de espacios deportivos en Illapel a trav\u00e9s del programa \u201csue\u00f1os de barrio\u201d"},"content":{"rendered":"\n<figure class=\"wp-block-image size-large\"><a href=\"https:\/\/www.radiolimari.cl\/wp-content\/uploads\/2023\/05\/WhatsApp-Image-2023-05-29-at-1.54.38-PM-1.jpeg\"><img fetchpriority=\"high\" decoding=\"async\" width=\"1024\" height=\"683\" src=\"https:\/\/www.radiolimari.cl\/wp-content\/uploads\/2023\/05\/WhatsApp-Image-2023-05-29-at-1.54.38-PM-1-1024x683.jpeg\" alt=\"\" class=\"wp-image-9240\" srcset=\"https:\/\/www.radiolimari.cl\/wp-content\/uploads\/2023\/05\/WhatsApp-Image-2023-05-29-at-1.54.38-PM-1-1024x683.jpeg 1024w, https:\/\/www.radiolimari.cl\/wp-content\/uploads\/2023\/05\/WhatsApp-Image-2023-05-29-at-1.54.38-PM-1-300x200.jpeg 300w, https:\/\/www.radiolimari.cl\/wp-content\/uploads\/2023\/05\/WhatsApp-Image-2023-05-29-at-1.54.38-PM-1-768x512.jpeg 768w, https:\/\/www.radiolimari.cl\/wp-content\/uploads\/2023\/05\/WhatsApp-Image-2023-05-29-at-1.54.38-PM-1-1536x1024.jpeg 1536w, https:\/\/www.radiolimari.cl\/wp-content\/uploads\/2023\/05\/WhatsApp-Image-2023-05-29-at-1.54.38-PM-1.jpeg 1600w\" sizes=\"(max-width: 1024px) 100vw, 1024px\" \/><\/a><\/figure>\n\n\n\n<p>La Municipalidad de Illapel inaugur\u00f3 la Multicancha del Club Deportivo Libertad.<\/p>\n\n\n\n<p>El recinto fue reacondicionado a trav\u00e9s de una inversi\u00f3n conjunta entre el municipio y la Subsecretar\u00eda de Desarrollo Regional, conforme con el Programa \u201cSue\u00f1os de Barrio\u201d, compromiso de campa\u00f1a del alcalde Denis Cort\u00e9s Aguilera, que busca recuperar 8 espacios deportivos de la comuna, mejorando la seguridad y la calidad de vida de los vecinos.<\/p>\n\n\n\n<p>El Administrador Municipal, Hector San Mart\u00edn, en calidad de alcalde subrogante, destac\u00f3 que \u201choy, con el compromiso del alcalde en el marco de este programa, esta cancha ya es una realidad y fue entregada a todos los vecinos que son parte de la comunidad\u201d. Por otra parte, hizo \u00e9nfasis en que \u201cqueremos que este sea un punto de encuentro para todos los vecinos para la pr\u00e1ctica del deporte y de actividades recreativas. Tambi\u00e9n creemos que esto es una forma de contribuir a la seguridad de nuestra comuna\u201d, reflejando los intereses de la administraci\u00f3n municipal con este tipo de proyectos.&nbsp;<\/p>\n\n\n\n<p>El proyecto contempl\u00f3 una inversi\u00f3n superior a los 50 millones de pesos, de los que 33 millones provienen de la Subdere y 17 de las arcas municipales. Los fondos gubernamentales se destinaron para pintar y demarcar la cancha, instalar arcos y aros de b\u00e1squetbol, reparaci\u00f3n de ba\u00f1os y camarines, luminarias y accesos inclusivos. Por su parte, el municipio se encarg\u00f3 de construir una galer\u00eda y acondicionar un sector aleda\u00f1o con los cestos antiguos, para que otras personas puedan utilizar el espacio.<\/p>\n\n\n\n<p>Bernardo Salinas, Jefe de la Unidad Regional de la Subdere, hizo \u00e9nfasis en que \u201cm\u00e1s all\u00e1 de los recursos financieros y los compromisos que ha hecho el municipio con su alcalde Denis Cort\u00e9s, la Subdere y el gobierno, lo importante es que hemos tra\u00eddo m\u00e1s dignidad a los territorios y hemos recuperado una cancha que es un s\u00edmbolo\u201d.&nbsp; Adem\u00e1s destac\u00f3 la importancia de \u201cpoder compartir con la comunidad y hacer comunidad es tremendamente importante\u201d.<\/p>\n\n\n\n<p>En la ceremonia de inauguraci\u00f3n, se hizo \u00e9nfasis en que el recinto ser\u00e1 traspasado a los vecinos para que lo administren, lo que beneficiar\u00e1 principalmente al Club Libertad en sus ramas de futbol y basquetbol, pero tambi\u00e9n a los pobladores (as) de las Juntas de Vecinos Aleda\u00f1as, como&nbsp; la de Rep\u00fablica, Jos\u00e9 Miguel Carrera, Lautaro, El Carmen, Ignacio Carrera Pinto, entre otras.<\/p>\n\n\n\n<p>Los vecinos fueron los m\u00e1s satisfechos con el resultado, tal como comenta Marco Latorre, que indic\u00f3 que \u201cestoy muy feliz porque vamos a volver a practicar deporte. Gracias al alcalde que eligi\u00f3 esta cancha como una de las principales. A estas palabras se suman las de Janett Iturra, que destac\u00f3 que \u201cme parece maravilloso que se recuperen estos espacios para nuestros ni\u00f1os y j\u00f3venes, que son lo m\u00e1s importante\u201d. Adem\u00e1s, la vecina aprovech\u00f3 para hacer un llamado a \u201ccuidar y proteger el lugar entre todos\u201d.<\/p>\n\n\n\n<p>Si bien, inicialmente el programa contempla 8 canchas, el administrador municipal coment\u00f3 que \u201ctal como dijo el alcalde, creemos que al t\u00e9rmino del mandato vamos a llegar a 12 canchas\u201d. En ese sentido, \u201cya se est\u00e1 construyendo la de Mundo Nuevo Sur, est\u00e1 en carpeta Cerrano, Cuz Cuz, El Mirador, Santa Herminia y est\u00e1 el compromiso de recuperar el espacio en la Poblaci\u00f3n II. Finalmente, la autoridad se\u00f1al\u00f3 que \u201cpara nosotros como funcionarios, es un honor poder transformar un sue\u00f1o en realidad.<\/p>\n","protected":false},"excerpt":{"rendered":"<p>La Municipalidad de Illapel inaugur\u00f3 la Multicancha del Club Deportivo Libertad. El recinto fue reacondicionado a trav\u00e9s de una inversi\u00f3n conjunta entre el municipio y la Subsecretar\u00eda de Desarrollo Regional, conforme con el Programa \u201cSue\u00f1os de Barrio\u201d, compromiso de campa\u00f1a del alcalde Denis Cort\u00e9s Aguilera, que busca recuperar 8 espacios deportivos de la comuna, mejorando &#8230;<\/p>\n","protected":false},"author":2,"featured_media":9240,"comment_status":"open","ping_status":"open","sticky":false,"template":"","format":"standard","meta":{"footnotes":""},"categories":[6],"tags":[],"class_list":["post-9239","post","type-post","status-publish","format-standard","has-post-thumbnail","hentry","category-regionales"],"_links":{"self":[{"href":"https:\/\/www.radiolimari.cl\/index.php?rest_route=\/wp\/v2\/posts\/9239","targetHints":{"allow":["GET"]}}],"collection":[{"href":"https:\/\/www.radiolimari.cl\/index.php?rest_route=\/wp\/v2\/posts"}],"about":[{"href":"https:\/\/www.radiolimari.cl\/index.php?rest_route=\/wp\/v2\/types\/post"}],"author":[{"embeddable":true,"href":"https:\/\/www.radiolimari.cl\/index.php?rest_route=\/wp\/v2\/users\/2"}],"replies":[{"embeddable":true,"href":"https:\/\/www.radiolimari.cl\/index.php?rest_route=%2Fwp%2Fv2%2Fcomments&post=9239"}],"version-history":[{"count":1,"href":"https:\/\/www.radiolimari.cl\/index.php?rest_route=\/wp\/v2\/posts\/9239\/revisions"}],"predecessor-version":[{"id":9241,"href":"https:\/\/www.radiolimari.cl\/index.php?rest_route=\/wp\/v2\/posts\/9239\/revisions\/9241"}],"wp:featuredmedia":[{"embeddable":true,"href":"https:\/\/www.radiolimari.cl\/index.php?rest_route=\/wp\/v2\/media\/9240"}],"wp:attachment":[{"href":"https:\/\/www.radiolimari.cl\/index.php?rest_route=%2Fwp%2Fv2%2Fmedia&parent=9239"}],"wp:term":[{"taxonomy":"category","embeddable":true,"href":"https:\/\/www.radiolimari.cl\/index.php?rest_route=%2Fwp%2Fv2%2Fcategories&post=9239"},{"taxonomy":"post_tag","embeddable":true,"href":"https:\/\/www.radiolimari.cl\/index.php?rest_route=%2Fwp%2Fv2%2Ftags&post=9239"}],"curies":[{"name":"wp","href":"https:\/\/api.w.org\/{rel}","templated":true}]}}