{"id":9230,"date":"2023-05-27T23:38:19","date_gmt":"2023-05-27T23:38:19","guid":{"rendered":"https:\/\/www.radiolimari.cl\/?p=9230"},"modified":"2023-05-27T23:39:27","modified_gmt":"2023-05-27T23:39:27","slug":"corte-de-apelaciones-de-la-serena-recibe-a-mas-de-700-personas-en-el-dia-de-los-patrimonios","status":"publish","type":"post","link":"https:\/\/www.radiolimari.cl\/?p=9230","title":{"rendered":"Corte de Apelaciones de La Serena recibe a m\u00e1s de 700 personas en el d\u00eda de los patrimonios"},"content":{"rendered":"\n<figure class=\"wp-block-image size-large is-resized\"><a href=\"https:\/\/www.radiolimari.cl\/wp-content\/uploads\/2023\/05\/27-05-pat4.jpg\"><img fetchpriority=\"high\" decoding=\"async\" src=\"https:\/\/www.radiolimari.cl\/wp-content\/uploads\/2023\/05\/27-05-pat4-1024x553.jpg\" alt=\"\" class=\"wp-image-9231\" width=\"396\" height=\"213\" srcset=\"https:\/\/www.radiolimari.cl\/wp-content\/uploads\/2023\/05\/27-05-pat4-1024x553.jpg 1024w, https:\/\/www.radiolimari.cl\/wp-content\/uploads\/2023\/05\/27-05-pat4-300x160.jpg 300w, https:\/\/www.radiolimari.cl\/wp-content\/uploads\/2023\/05\/27-05-pat4-768x415.jpg 768w, https:\/\/www.radiolimari.cl\/wp-content\/uploads\/2023\/05\/27-05-pat4-1536x829.jpg 1536w, https:\/\/www.radiolimari.cl\/wp-content\/uploads\/2023\/05\/27-05-pat4-2048x1105.jpg 2048w\" sizes=\"(max-width: 396px) 100vw, 396px\" \/><\/a><\/figure>\n\n\n\n<p>M\u00e1s de 700 personas visitaron hoy -27 de mayo- la Corte de Apelaciones de La Serena, que celebr\u00f3 el D\u00eda de Los Patrimonios abriendo sus puertas al p\u00fablico desde las 10 a las 15 horas.<\/p>\n\n\n\n<p>El segundo tribunal de alzada m\u00e1s antiguo del pa\u00eds, fundado en agosto de 1849, realiz\u00f3 visitas guiadas y recorridos libres por sus instalaciones, y una variada actividad cultural para la comunidad que comenz\u00f3 a las 10.30 de la ma\u00f1ana con la \u201cOrquesta Juvenil de La Antena\u201d; al mediod\u00eda Carabineros realiz\u00f3 una muestra de canes adiestrados, y al finalizar la jornada se present\u00f3 la \u201cBanda del Colegio de Artes Claudio Arrau\u201d.<\/p>\n\n\n\n<p>\u201cEstamos muy felices porque hicimos una invitaci\u00f3n a toda la comunidad y vinieron m\u00e1s de 700 personas a conocer nuestro edificio patrimonial,&nbsp; pudieron visitar las instalaciones de la Corte y les contamos la historia del Poder Judicial en la regi\u00f3n de Coquimbo, adem\u00e1s contamos con Carabineros y sus canes adiestrados y dos orquestas de ni\u00f1os y j\u00f3venes de la zona, as\u00ed que es un balance muy positivo, estoy muy contento y agradecido del equipo conformado y de la posibilidad de estar tan cerca de la comunidad\u201d, indic\u00f3 el presidente del tribunal de alzada Felipe Pulgar Bravo.<\/p>\n\n\n\n<p>Los visitantes, por su parte, plasmaron en un libro sus impresiones y destacaron la oportunidad de conocer el edificio neocolonial ubicado en el casco hist\u00f3rico de la comuna de La Serena, que fue construido en 1939, luego que un incendio \u2013en 1931-destruyera la casa de adobe donde estaba instalado el tribunal.<\/p>\n\n\n\n<p>\u201cFelicitaciones por la iniciativa de abrir sus puertas a la comunidad y ofrecer un espacio de encuentro y conocimiento\u201d; \u201cfelicidades&nbsp; por abrir las puertas de este hermoso lugar\u201d; \u201cnos encant\u00f3, vinimos los cuatro de la familia, linda la historia, la arquitectura y la amabilidad de quienes explicaban cada tema, de verdad, muchas gracias\u201d, fueron algunas de las opiniones escritas en el libro.<\/p>\n\n\n\n<p>La iniciativa fue valorada tambi\u00e9n por el Servicio Nacional del Patrimonio de la regi\u00f3n de Coquimbo que plasm\u00f3: \u201cvaloramos y agradecemos esta apertura de sus espacios a la comunidad y la entrega de su gran equipo de trabajo en la organizaci\u00f3n de este evento\u201d.<\/p>\n\n\n\n<p><\/p>\n","protected":false},"excerpt":{"rendered":"<p>M\u00e1s de 700 personas visitaron hoy -27 de mayo- la Corte de Apelaciones de La Serena, que celebr\u00f3 el D\u00eda de Los Patrimonios abriendo sus puertas al p\u00fablico desde las 10 a las 15 horas. El segundo tribunal de alzada m\u00e1s antiguo del pa\u00eds, fundado en agosto de 1849, realiz\u00f3 visitas guiadas y recorridos libres &#8230;<\/p>\n","protected":false},"author":2,"featured_media":9231,"comment_status":"open","ping_status":"open","sticky":false,"template":"","format":"standard","meta":{"footnotes":""},"categories":[3],"tags":[],"class_list":["post-9230","post","type-post","status-publish","format-standard","has-post-thumbnail","hentry","category-actualidad"],"_links":{"self":[{"href":"https:\/\/www.radiolimari.cl\/index.php?rest_route=\/wp\/v2\/posts\/9230","targetHints":{"allow":["GET"]}}],"collection":[{"href":"https:\/\/www.radiolimari.cl\/index.php?rest_route=\/wp\/v2\/posts"}],"about":[{"href":"https:\/\/www.radiolimari.cl\/index.php?rest_route=\/wp\/v2\/types\/post"}],"author":[{"embeddable":true,"href":"https:\/\/www.radiolimari.cl\/index.php?rest_route=\/wp\/v2\/users\/2"}],"replies":[{"embeddable":true,"href":"https:\/\/www.radiolimari.cl\/index.php?rest_route=%2Fwp%2Fv2%2Fcomments&post=9230"}],"version-history":[{"count":2,"href":"https:\/\/www.radiolimari.cl\/index.php?rest_route=\/wp\/v2\/posts\/9230\/revisions"}],"predecessor-version":[{"id":9233,"href":"https:\/\/www.radiolimari.cl\/index.php?rest_route=\/wp\/v2\/posts\/9230\/revisions\/9233"}],"wp:featuredmedia":[{"embeddable":true,"href":"https:\/\/www.radiolimari.cl\/index.php?rest_route=\/wp\/v2\/media\/9231"}],"wp:attachment":[{"href":"https:\/\/www.radiolimari.cl\/index.php?rest_route=%2Fwp%2Fv2%2Fmedia&parent=9230"}],"wp:term":[{"taxonomy":"category","embeddable":true,"href":"https:\/\/www.radiolimari.cl\/index.php?rest_route=%2Fwp%2Fv2%2Fcategories&post=9230"},{"taxonomy":"post_tag","embeddable":true,"href":"https:\/\/www.radiolimari.cl\/index.php?rest_route=%2Fwp%2Fv2%2Ftags&post=9230"}],"curies":[{"name":"wp","href":"https:\/\/api.w.org\/{rel}","templated":true}]}}