{"id":9224,"date":"2023-05-26T14:11:20","date_gmt":"2023-05-26T14:11:20","guid":{"rendered":"https:\/\/www.radiolimari.cl\/?p=9224"},"modified":"2023-05-26T14:11:21","modified_gmt":"2023-05-26T14:11:21","slug":"ministra-vallejo-dialoga-con-dirigentes-de-la-region-de-coquimbo-sobre-implicancias-de-la-ley-40-horas","status":"publish","type":"post","link":"https:\/\/www.radiolimari.cl\/?p=9224","title":{"rendered":"Ministra Vallejo dialoga con dirigentes de la Regi\u00f3n de Coquimbo sobre implicancias de la ley 40 horas"},"content":{"rendered":"\n<figure class=\"wp-block-image size-large\"><a href=\"https:\/\/www.radiolimari.cl\/wp-content\/uploads\/2023\/05\/013A3248-1536x1024-1.jpg\"><img fetchpriority=\"high\" decoding=\"async\" width=\"1024\" height=\"683\" src=\"https:\/\/www.radiolimari.cl\/wp-content\/uploads\/2023\/05\/013A3248-1536x1024-1-1024x683.jpg\" alt=\"\" class=\"wp-image-9225\" srcset=\"https:\/\/www.radiolimari.cl\/wp-content\/uploads\/2023\/05\/013A3248-1536x1024-1-1024x683.jpg 1024w, https:\/\/www.radiolimari.cl\/wp-content\/uploads\/2023\/05\/013A3248-1536x1024-1-300x200.jpg 300w, https:\/\/www.radiolimari.cl\/wp-content\/uploads\/2023\/05\/013A3248-1536x1024-1-768x512.jpg 768w, https:\/\/www.radiolimari.cl\/wp-content\/uploads\/2023\/05\/013A3248-1536x1024-1.jpg 1536w\" sizes=\"(max-width: 1024px) 100vw, 1024px\" \/><\/a><\/figure>\n\n\n\n<p><strong><em>Encuentro busca socializar con la comunidad los avances de la normativa y despejar dudas, previo a su total implementaci\u00f3n<\/em><\/strong>.<\/p>\n\n\n\n<p>Casi 300 personas, entre l\u00edderes sociales, sindicales y p\u00fablico en general, fueron parte del primer di\u00e1logo ciudadano sobre la Ley de 40 Horas, espacio de encuentro con la comunidad y las dirigencias para socializar los alcances de la normativa y resolver algunas dudas sobre c\u00f3mo se implementar\u00e1 este avance.<\/p>\n\n\n\n<p>La jornada estuvo encabezada por la Ministra Secretaria General de Gobierno, Camila Vallejo, quien destac\u00f3 que ya hab\u00eda compartido con varios de los asistentes a la actividad, cuando estaba promoviendo este proyecto de ley en su calidad de diputada.<\/p>\n\n\n\n<p><strong>\u201cVolv\u00ed a la regi\u00f3n, ya no para hablar del proyecto de las cuarenta horas, sino que de la ley de las 40 horas. As\u00ed que les puedo decir aqu\u00ed, a toda la gente de Coquimbo, que cumplimos con este compromiso y lo hicimos, obviamente, con convicci\u00f3n, con el liderazgo del presidente Boric, de nuestra ministra del Trabajo. Con acuerdos, logramos conseguir el apoyo de quienes no estaban convencidos\u201d, expres\u00f3 la Vocera de Gobierno&nbsp;<\/strong><\/p>\n\n\n\n<p>Uno de los participantes, Ariel Jofr\u00e9, integrante de una pyme, valor\u00f3 el espacio de encuentro, sobre todo por la necesidad de contar con informaci\u00f3n clara la ley y sus particularidades. <strong>\u201cNecesito estar al tanto por los trabajadores para no caer en incumplimientos. Me voy bien contento, porque la norma fue bien explicada y, a la vez, esperando que esto tenga sus frutos en ayudar a las empresas y a los trabajadores, para que ellos tambi\u00e9n puedan pasar m\u00e1s tiempo con sus hijos\u201d, coment\u00f3 el asistente.<\/strong><\/p>\n\n\n\n<p>Mientras, la Directora de la Divisi\u00f3n de Organizaciones Sociales, Javiera Hausdorf reforz\u00f3 el compromiso de la cartera con seguir abordando y profundizando en las propuestas que est\u00e1 impulsando el Gobierno. &nbsp;<strong>\u201cEl equipo de la Divisi\u00f3n de Organizaciones Sociales va a estar desplegado en muchas comunas de nuestro pa\u00eds, generando estos espacios conversaci\u00f3n e informaci\u00f3n, para que la mayor cantidad de personas puedan conocer de qu\u00e9 se trata la ley que ya entr\u00f3 en vigencia y cu\u00e1les son sus alcances\u201d.&nbsp;<\/strong><\/p>\n\n\n\n<p>Por su parte, la Seremi de Trabajo y Previsi\u00f3n Social, Claudia Santander, destac\u00f3 el inter\u00e9s de las personas por interiorizarse en esta norma, la que impactar\u00e1 positivamente en gran parte de los trabajadores de la zona. <strong>\u201cEfectivamente, en nuestra regi\u00f3n, son m\u00e1s de 170 mil los beneficiados por la rebaja de la jornada laboral. Esto es tremendamente significativo, porque la fuerza laboral regional es de 350 mil aproximadamente, por lo tanto, estamos hablando pr\u00e1cticamente de la mitad de los trabajadores que estar\u00e1n regidos por esta jornada laboral y va a ser un beneficio para ellos y sus familias\u201d, manifest\u00f3 la autoridad.<\/strong><\/p>\n\n\n\n<p><strong>Nicole Villegas, Presidenta del Sindicato de la Fundaci\u00f3n Nuestra Se\u00f1ora de Andacollo, se\u00f1al\u00f3 que \u201ces que una s\u00faper buena instancia para poder dialogar con nuestros compa\u00f1eros y compa\u00f1eras y, tambi\u00e9n, para ir eh creciendo en temas de la legislaci\u00f3n e ir empoder\u00e1ndonos de la informaci\u00f3n\u201d.<\/strong><\/p>\n\n\n\n<p>Para finalizar el encuentro, el Seremi Gobierno, Paulina Mora, resalt\u00f3 el inter\u00e9s de la comunidad por tener informaci\u00f3n sobre la Ley de reducci\u00f3n de jornada laboral y, tambi\u00e9n, valor\u00f3 que 9 empresas de la regi\u00f3n ya cuenten con el sello 40 horas<strong>. \u201cQuiero destacar a las 7 empresas de La Serena, 1 de Ovalle y otra de Vicu\u00f1a que cuentan con este sello, porque ellos han expresado su voluntad de hacer el ajuste horario, lo que implica un tremendo beneficio en t\u00e9rminos de calidad de vida para sus trabajadores, lo que no solo repercute en su desempe\u00f1o, sino que, tambi\u00e9n, en el ambiente laboral\u201d, sentenci\u00f3 la Seremi Mora.<\/strong><\/p>\n","protected":false},"excerpt":{"rendered":"<p>Encuentro busca socializar con la comunidad los avances de la normativa y despejar dudas, previo a su total implementaci\u00f3n. Casi 300 personas, entre l\u00edderes sociales, sindicales y p\u00fablico en general, fueron parte del primer di\u00e1logo ciudadano sobre la Ley de 40 Horas, espacio de encuentro con la comunidad y las dirigencias para socializar los alcances &#8230;<\/p>\n","protected":false},"author":2,"featured_media":9225,"comment_status":"open","ping_status":"open","sticky":false,"template":"","format":"standard","meta":{"footnotes":""},"categories":[3],"tags":[],"class_list":["post-9224","post","type-post","status-publish","format-standard","has-post-thumbnail","hentry","category-actualidad"],"_links":{"self":[{"href":"https:\/\/www.radiolimari.cl\/index.php?rest_route=\/wp\/v2\/posts\/9224","targetHints":{"allow":["GET"]}}],"collection":[{"href":"https:\/\/www.radiolimari.cl\/index.php?rest_route=\/wp\/v2\/posts"}],"about":[{"href":"https:\/\/www.radiolimari.cl\/index.php?rest_route=\/wp\/v2\/types\/post"}],"author":[{"embeddable":true,"href":"https:\/\/www.radiolimari.cl\/index.php?rest_route=\/wp\/v2\/users\/2"}],"replies":[{"embeddable":true,"href":"https:\/\/www.radiolimari.cl\/index.php?rest_route=%2Fwp%2Fv2%2Fcomments&post=9224"}],"version-history":[{"count":1,"href":"https:\/\/www.radiolimari.cl\/index.php?rest_route=\/wp\/v2\/posts\/9224\/revisions"}],"predecessor-version":[{"id":9226,"href":"https:\/\/www.radiolimari.cl\/index.php?rest_route=\/wp\/v2\/posts\/9224\/revisions\/9226"}],"wp:featuredmedia":[{"embeddable":true,"href":"https:\/\/www.radiolimari.cl\/index.php?rest_route=\/wp\/v2\/media\/9225"}],"wp:attachment":[{"href":"https:\/\/www.radiolimari.cl\/index.php?rest_route=%2Fwp%2Fv2%2Fmedia&parent=9224"}],"wp:term":[{"taxonomy":"category","embeddable":true,"href":"https:\/\/www.radiolimari.cl\/index.php?rest_route=%2Fwp%2Fv2%2Fcategories&post=9224"},{"taxonomy":"post_tag","embeddable":true,"href":"https:\/\/www.radiolimari.cl\/index.php?rest_route=%2Fwp%2Fv2%2Ftags&post=9224"}],"curies":[{"name":"wp","href":"https:\/\/api.w.org\/{rel}","templated":true}]}}