{"id":9221,"date":"2023-05-26T00:35:23","date_gmt":"2023-05-26T00:35:23","guid":{"rendered":"https:\/\/www.radiolimari.cl\/?p=9221"},"modified":"2023-05-26T00:35:25","modified_gmt":"2023-05-26T00:35:25","slug":"desafio-levantemos-chile-y-gobierno-regional-de-coquimbo-continuan-alianza-para-disminuir-listas-de-espera","status":"publish","type":"post","link":"https:\/\/www.radiolimari.cl\/?p=9221","title":{"rendered":"Desaf\u00edo Levantemos Chile y Gobierno Regional de Coquimbo contin\u00faan alianza para disminuir listas de espera"},"content":{"rendered":"\n<figure class=\"wp-block-image size-large\"><a href=\"https:\/\/www.radiolimari.cl\/wp-content\/uploads\/2023\/05\/DSC04342-scaled.jpg\"><img fetchpriority=\"high\" decoding=\"async\" width=\"1024\" height=\"683\" src=\"https:\/\/www.radiolimari.cl\/wp-content\/uploads\/2023\/05\/DSC04342-1024x683.jpg\" alt=\"\" class=\"wp-image-9222\" srcset=\"https:\/\/www.radiolimari.cl\/wp-content\/uploads\/2023\/05\/DSC04342-1024x683.jpg 1024w, https:\/\/www.radiolimari.cl\/wp-content\/uploads\/2023\/05\/DSC04342-300x200.jpg 300w, https:\/\/www.radiolimari.cl\/wp-content\/uploads\/2023\/05\/DSC04342-768x512.jpg 768w, https:\/\/www.radiolimari.cl\/wp-content\/uploads\/2023\/05\/DSC04342-1536x1024.jpg 1536w, https:\/\/www.radiolimari.cl\/wp-content\/uploads\/2023\/05\/DSC04342-2048x1365.jpg 2048w\" sizes=\"(max-width: 1024px) 100vw, 1024px\" \/><\/a><\/figure>\n\n\n\n<p><em>Con el financiamiento del Gobierno Regional de Coquimbo<\/em><\/p>\n\n\n\n<p>Desaf\u00edo Levantemos Chile, gracias a la colaboraci\u00f3n y al financiamiento del Gobierno Regional de Coquimbo, dieron inicio a cuatro proyectos que buscan reducir las listas de espera quir\u00fargicas de la regi\u00f3n, y as\u00ed poder ser parte de la soluci\u00f3n de un problema que aqueja a todo Chile. Esto se suma a las iniciativas ya realizadas gracias a esta colaboraci\u00f3n p\u00fablico-privada durante el a\u00f1o 2020, 2021 y 2022.<\/p>\n\n\n\n<p>Son tres los hospitales que formar\u00e1n parte de este proyecto: La Serena, Ovalle y Coquimbo. Donde m\u00e1s de 400 personas con patolog\u00edas, que no son cubiertas por las Garant\u00edas Expl\u00edcitas de Salud (GES), saldr\u00e1n de la lista de espera nacional.<\/p>\n\n\n\n<p>\u201cEntre los resultados esperados est\u00e1 favorecer la oportunidad de acceso a las prestaciones de salud desde una perspectiva integral y contribuir en el mejoramiento de la calidad de vida tanto de ellos como de sus familias, facilitando la reinserci\u00f3n laboral e impactando en el \u00e1mbito social, econ\u00f3mico y laboral.\u201d, explic\u00f3 la directora de salud de Desaf\u00edo Levantemos Chile, B\u00e1rbara Leyton.<\/p>\n\n\n\n<p>Durante el a\u00f1o 2020, se realizaron un total de ocho cirug\u00edas de Parkinson, invirtiendo $205.000.000 por parte del Gobierno Regional y desarroll\u00e1ndose por la Fundaci\u00f3n en conjunto con el Servicio de Salud.<\/p>\n\n\n\n<p>En 2021 y 2022, se efectuaron 272 cirug\u00edas en conjunto con el Gobierno de la Regi\u00f3n, el Servicio de Salud y su red hospitalaria. De las intervenciones quir\u00fargicas, 131 correspond\u00edan a colecistectom\u00eda, 67 endopr\u00f3tesis totales de cadera, 15 abdominoplastias, 9 de Parkinson y se instalaron 50 pr\u00f3tesis de extremidades. Para ello, se invirti\u00f3 un total de $750.000.000 pesos.<\/p>\n\n\n\n<p>&nbsp;Por otro lado, las iniciativas del a\u00f1o 2023 contemplan la ejecuci\u00f3n de 426 cirug\u00edas en total, con una inversi\u00f3n de $924.570.000 pesos. Dentro de ellas, se realizan 200 cirug\u00edas de hernias, 115 de cabeza y cuello, 75 de pr\u00f3tesis de rodilla, 25 de reconstituci\u00f3n de tr\u00e1nsito, 21 de tiroides, 10 de reconstrucci\u00f3n mamaria, 5 de Parkinson y se entregar\u00e1n 50 pr\u00f3tesis de extremidad con 20 sesiones de rehabilitaci\u00f3n.<\/p>\n\n\n\n<p>\u201cEsta es una iniciativa extremadamente relevante para nuestra regi\u00f3n. Como Gobierno Regional continuamos apoyando a distintos pacientes que deben ser intervenidos por temas de salud. Junto a Desaf\u00edo Levantemos Chile estamos entregando mejor calidad de vida y cumpliendo anhelos de pacientes y sus familias que hasta hace un tiempo no ten\u00edan las condiciones para operarse, pero gracias a este programa que financiamos ahora s\u00ed puede ser intervenidos y as\u00ed mejorar su salud y su est\u00e1ndar de vida\u201d, Krist Naranjo Pe\u00f1aloza, Gobernadora Regional de Coquimbo.<\/p>\n\n\n\n<p>Los pacientes pertenecen a la lista de espera nacional de su patolog\u00eda, y seg\u00fan eso son seleccionados para ser beneficiados a trav\u00e9s de la intervenci\u00f3n quir\u00fargica. Para esto, deben cumplir con ciertos requisitos para acceder a la cirug\u00eda que ser\u00e1 100% gratuita, financiada por el Gobierno Regional.<\/p>\n\n\n\n<p>Irma Lazo tiene 74 a\u00f1os y vive en La Serena. Llevaba alrededor de 4 a\u00f1os de espera y \u201cya hab\u00eda perdido la esperanza\u201d. Gracias a este convenio, fue intervenida con una endopr\u00f3tesis total de rodilla y explic\u00f3 que est\u00e1 muy agradecida con la fundaci\u00f3n, el gobierno regional y todos los que ayudaron para que se pudiera operar. \u201cHab\u00eda d\u00edas que no pod\u00eda ni levantarme de la cama, el dolor era invalidante. Ahora, puedo caminar y dar pasos sola, retomar mi vida\u201d.<\/p>\n\n\n\n<p>Desaf\u00edo Levantemos Chile trabaja siendo un puente articulador del proyecto, administrando los recursos para la ejecuci\u00f3n de las intervenciones y la log\u00edstica que permita hacer llegar a los pacientes, la resoluci\u00f3n de su problema de salud.<\/p>\n\n\n\n<p>\u201cAgradecemos profundamente la confianza que el Gobierno Regional de Coquimbo ha depositado en nosotros y por, sobre todo, por comprometerse a resolver un problema que ata\u00f1e a su regi\u00f3n y que sin ellos ser\u00eda muy dif\u00edcil de concretar. Las inequidades de acceso a salud no solo generan problemas en quienes le adolecen, sino tambi\u00e9n en sus familias y generan un enorme gasto de bolsillo mensual y por otro lado supone un gran costo al Estado.\u201d, concluy\u00f3 Leyton.<\/p>\n\n\n\n<p><\/p>\n","protected":false},"excerpt":{"rendered":"<p>Con el financiamiento del Gobierno Regional de Coquimbo Desaf\u00edo Levantemos Chile, gracias a la colaboraci\u00f3n y al financiamiento del Gobierno Regional de Coquimbo, dieron inicio a cuatro proyectos que buscan reducir las listas de espera quir\u00fargicas de la regi\u00f3n, y as\u00ed poder ser parte de la soluci\u00f3n de un problema que aqueja a todo Chile. &#8230;<\/p>\n","protected":false},"author":2,"featured_media":9222,"comment_status":"open","ping_status":"open","sticky":false,"template":"","format":"standard","meta":{"footnotes":""},"categories":[6],"tags":[],"class_list":["post-9221","post","type-post","status-publish","format-standard","has-post-thumbnail","hentry","category-regionales"],"_links":{"self":[{"href":"https:\/\/www.radiolimari.cl\/index.php?rest_route=\/wp\/v2\/posts\/9221","targetHints":{"allow":["GET"]}}],"collection":[{"href":"https:\/\/www.radiolimari.cl\/index.php?rest_route=\/wp\/v2\/posts"}],"about":[{"href":"https:\/\/www.radiolimari.cl\/index.php?rest_route=\/wp\/v2\/types\/post"}],"author":[{"embeddable":true,"href":"https:\/\/www.radiolimari.cl\/index.php?rest_route=\/wp\/v2\/users\/2"}],"replies":[{"embeddable":true,"href":"https:\/\/www.radiolimari.cl\/index.php?rest_route=%2Fwp%2Fv2%2Fcomments&post=9221"}],"version-history":[{"count":1,"href":"https:\/\/www.radiolimari.cl\/index.php?rest_route=\/wp\/v2\/posts\/9221\/revisions"}],"predecessor-version":[{"id":9223,"href":"https:\/\/www.radiolimari.cl\/index.php?rest_route=\/wp\/v2\/posts\/9221\/revisions\/9223"}],"wp:featuredmedia":[{"embeddable":true,"href":"https:\/\/www.radiolimari.cl\/index.php?rest_route=\/wp\/v2\/media\/9222"}],"wp:attachment":[{"href":"https:\/\/www.radiolimari.cl\/index.php?rest_route=%2Fwp%2Fv2%2Fmedia&parent=9221"}],"wp:term":[{"taxonomy":"category","embeddable":true,"href":"https:\/\/www.radiolimari.cl\/index.php?rest_route=%2Fwp%2Fv2%2Fcategories&post=9221"},{"taxonomy":"post_tag","embeddable":true,"href":"https:\/\/www.radiolimari.cl\/index.php?rest_route=%2Fwp%2Fv2%2Ftags&post=9221"}],"curies":[{"name":"wp","href":"https:\/\/api.w.org\/{rel}","templated":true}]}}