{"id":9202,"date":"2023-05-23T17:42:47","date_gmt":"2023-05-23T17:42:47","guid":{"rendered":"https:\/\/www.radiolimari.cl\/?p=9202"},"modified":"2023-05-23T17:42:48","modified_gmt":"2023-05-23T17:42:48","slug":"iniciaron-en-limari-los-planes-formativos-de-red-cooperativa-para-organizaciones-y-profesionales-de-economia-social","status":"publish","type":"post","link":"https:\/\/www.radiolimari.cl\/?p=9202","title":{"rendered":"Iniciaron en Limar\u00ed los planes formativos de Red Cooperativa para organizaciones y profesionales de econom\u00eda social"},"content":{"rendered":"\n<figure class=\"wp-block-image size-large\"><a href=\"https:\/\/www.radiolimari.cl\/wp-content\/uploads\/2023\/05\/PHOTO-2023-05-23-12-25-00-1.jpg\"><img fetchpriority=\"high\" decoding=\"async\" width=\"1024\" height=\"576\" src=\"https:\/\/www.radiolimari.cl\/wp-content\/uploads\/2023\/05\/PHOTO-2023-05-23-12-25-00-1-1024x576.jpg\" alt=\"\" class=\"wp-image-9203\" srcset=\"https:\/\/www.radiolimari.cl\/wp-content\/uploads\/2023\/05\/PHOTO-2023-05-23-12-25-00-1-1024x576.jpg 1024w, https:\/\/www.radiolimari.cl\/wp-content\/uploads\/2023\/05\/PHOTO-2023-05-23-12-25-00-1-300x169.jpg 300w, https:\/\/www.radiolimari.cl\/wp-content\/uploads\/2023\/05\/PHOTO-2023-05-23-12-25-00-1-768x432.jpg 768w, https:\/\/www.radiolimari.cl\/wp-content\/uploads\/2023\/05\/PHOTO-2023-05-23-12-25-00-1-1536x864.jpg 1536w, https:\/\/www.radiolimari.cl\/wp-content\/uploads\/2023\/05\/PHOTO-2023-05-23-12-25-00-1.jpg 1600w\" sizes=\"(max-width: 1024px) 100vw, 1024px\" \/><\/a><\/figure>\n\n\n\n<p><strong>Programa financiado por el Gobierno Regional y ejecutado por Fundaci\u00f3n Chile fue destacado -entre otros atributos- como una instancia concreta para que cooperativas formen redes y un ecosistema de econom\u00eda social, beneficiando a toda la Provincia y la Regi\u00f3n.<\/strong><\/p>\n\n\n\n<p>Con plena seguridad en el gran impacto de la econom\u00eda social en la calidad de vida de la comunidad -gracias a principios como equidad, colaboraci\u00f3n, confianza y democracia- y con la participaci\u00f3n de cooperativas, organizaciones asociativas y profesionales limarinos, se iniciaron en Ovalle las primeras jornadas de los planes formativos de Red Cooperativa a nivel provincial, siendo \u00e9ste un Programa de siete meses de duraci\u00f3n, financiado por el Gobierno Regional, ejecutado por Fundaci\u00f3n Chile y que tambi\u00e9n se realiza en Elqui y Choapa.<\/p>\n\n\n\n<p>Los asistentes destacaron al Programa no s\u00f3lo por mejorar capacidades en cooperativas y crear mentores locales para el fortalecimiento permanente de \u00e9stas, sino que tambi\u00e9n por su potencialidad para, en el marco de la econom\u00eda social, generar v\u00ednculos productivos eficaces entre cooperativas, beneficiando as\u00ed a la Provincia y la Regi\u00f3n en diversificaci\u00f3n, ingresos, empleo, inclusi\u00f3n, justicia y sustentabilidad.<\/p>\n\n\n\n<p>As\u00ed, el director de Red Cooperativa, Manuel Far\u00edas, explic\u00f3 que \u201cesta experiencia es muy valiosa para los participantes y la Regi\u00f3n, porque crea m\u00e1s conciencia y organizaci\u00f3n, en econom\u00eda social y en emprendimientos cooperativos, ya que no basta con tener instrumentos de financiamiento o crear una cooperativa, sino que tambi\u00e9n hay que estructurar relaciones y redes, para mirar los desaf\u00edos de manera conjunta\u201d.<\/p>\n\n\n\n<p>En esa l\u00ednea, la participante del plan formativo para organizaciones de econom\u00eda social y representante de la Cooperativa Or\u00edgenes, Natalie Garrido, de Tulahu\u00e9n, Monte Patria, <a>explic\u00f3 que en Red Cooperativa <\/a>\u201cel simple hecho de ser cooperados o personas que est\u00e1n pensando en formar una cooperativa de distintos rubros, permite generar asociatividad, lazos, simbiosis, en que podemos trabajar todos en conjunto para lograr un bien colectivo\u201d.<\/p>\n\n\n\n<p>En tanto, la participante del plan de formaci\u00f3n de mentor\u00edas, Roxana Jim\u00e9nez, indic\u00f3 que \u201csiempre me ha llamado la atenci\u00f3n la generaci\u00f3n de redes y la asociatividad, y este Programa es justo lo que necesito. Visualizo un cluster, una oportunidad muy grande de proyectos reales y concretos, con personas trabajando en conjunto, somos un grupo de alrededor de cien personas entre Elqui, Limar\u00ed y Choapa, podemos ser parte de un hito que va a generar muchas oportunidades\u201d.<\/p>\n\n\n\n<p>A nivel regional, asistieron a los talleres y exposiciones integrantes de sindicatos, comunidades agr\u00edcolas y cooperativas de servicios, agropecuarias, mineras, culturales, pesca, ahorro, turismo, educaci\u00f3n y reciclaje, adem\u00e1s de profesionales vinculados a la econom\u00eda social y al desarrollo productivo. La pr\u00f3xima jornada del plan de formaci\u00f3n se har\u00e1 en junio, en las tres provincias, junto a expertos argentinos del Colegio de Graduados en Cooperativismo y Mutualismo.<\/p>\n","protected":false},"excerpt":{"rendered":"<p>Programa financiado por el Gobierno Regional y ejecutado por Fundaci\u00f3n Chile fue destacado -entre otros atributos- como una instancia concreta para que cooperativas formen redes y un ecosistema de econom\u00eda social, beneficiando a toda la Provincia y la Regi\u00f3n. Con plena seguridad en el gran impacto de la econom\u00eda social en la calidad de vida &#8230;<\/p>\n","protected":false},"author":2,"featured_media":9203,"comment_status":"open","ping_status":"open","sticky":false,"template":"","format":"standard","meta":{"footnotes":""},"categories":[3],"tags":[],"class_list":["post-9202","post","type-post","status-publish","format-standard","has-post-thumbnail","hentry","category-actualidad"],"_links":{"self":[{"href":"https:\/\/www.radiolimari.cl\/index.php?rest_route=\/wp\/v2\/posts\/9202","targetHints":{"allow":["GET"]}}],"collection":[{"href":"https:\/\/www.radiolimari.cl\/index.php?rest_route=\/wp\/v2\/posts"}],"about":[{"href":"https:\/\/www.radiolimari.cl\/index.php?rest_route=\/wp\/v2\/types\/post"}],"author":[{"embeddable":true,"href":"https:\/\/www.radiolimari.cl\/index.php?rest_route=\/wp\/v2\/users\/2"}],"replies":[{"embeddable":true,"href":"https:\/\/www.radiolimari.cl\/index.php?rest_route=%2Fwp%2Fv2%2Fcomments&post=9202"}],"version-history":[{"count":1,"href":"https:\/\/www.radiolimari.cl\/index.php?rest_route=\/wp\/v2\/posts\/9202\/revisions"}],"predecessor-version":[{"id":9204,"href":"https:\/\/www.radiolimari.cl\/index.php?rest_route=\/wp\/v2\/posts\/9202\/revisions\/9204"}],"wp:featuredmedia":[{"embeddable":true,"href":"https:\/\/www.radiolimari.cl\/index.php?rest_route=\/wp\/v2\/media\/9203"}],"wp:attachment":[{"href":"https:\/\/www.radiolimari.cl\/index.php?rest_route=%2Fwp%2Fv2%2Fmedia&parent=9202"}],"wp:term":[{"taxonomy":"category","embeddable":true,"href":"https:\/\/www.radiolimari.cl\/index.php?rest_route=%2Fwp%2Fv2%2Fcategories&post=9202"},{"taxonomy":"post_tag","embeddable":true,"href":"https:\/\/www.radiolimari.cl\/index.php?rest_route=%2Fwp%2Fv2%2Ftags&post=9202"}],"curies":[{"name":"wp","href":"https:\/\/api.w.org\/{rel}","templated":true}]}}