{"id":9193,"date":"2023-05-23T13:46:54","date_gmt":"2023-05-23T13:46:54","guid":{"rendered":"https:\/\/www.radiolimari.cl\/?p=9193"},"modified":"2023-05-23T13:46:54","modified_gmt":"2023-05-23T13:46:54","slug":"en-la-comuna-de-monte-patria-la-localidad-de-cerrillos-de-rapel-celebra-por-primera-vez-su-aniversario-tras-47-anos-de-vida-comunitaria-y-social","status":"publish","type":"post","link":"https:\/\/www.radiolimari.cl\/?p=9193","title":{"rendered":"En la comuna de Monte Patria la localidad de Cerrillos de Rapel celebra por primera vez su aniversario tras 47 a\u00f1os de vida comunitaria y social"},"content":{"rendered":"\n<figure class=\"wp-block-image size-large\"><a href=\"https:\/\/www.radiolimari.cl\/wp-content\/uploads\/2023\/05\/WhatsApp-Image-2023-05-23-at-8.31.35-AM-4.jpeg\"><img fetchpriority=\"high\" decoding=\"async\" width=\"1024\" height=\"682\" src=\"https:\/\/www.radiolimari.cl\/wp-content\/uploads\/2023\/05\/WhatsApp-Image-2023-05-23-at-8.31.35-AM-4-1024x682.jpeg\" alt=\"\" class=\"wp-image-9194\" srcset=\"https:\/\/www.radiolimari.cl\/wp-content\/uploads\/2023\/05\/WhatsApp-Image-2023-05-23-at-8.31.35-AM-4-1024x682.jpeg 1024w, https:\/\/www.radiolimari.cl\/wp-content\/uploads\/2023\/05\/WhatsApp-Image-2023-05-23-at-8.31.35-AM-4-300x200.jpeg 300w, https:\/\/www.radiolimari.cl\/wp-content\/uploads\/2023\/05\/WhatsApp-Image-2023-05-23-at-8.31.35-AM-4-768x512.jpeg 768w, https:\/\/www.radiolimari.cl\/wp-content\/uploads\/2023\/05\/WhatsApp-Image-2023-05-23-at-8.31.35-AM-4-1536x1023.jpeg 1536w, https:\/\/www.radiolimari.cl\/wp-content\/uploads\/2023\/05\/WhatsApp-Image-2023-05-23-at-8.31.35-AM-4.jpeg 1600w\" sizes=\"(max-width: 1024px) 100vw, 1024px\" \/><\/a><\/figure>\n\n\n\n<p><strong><em>Cerrillos de Rapel se inici\u00f3 como un asentamiento en los tiempos de la reforma agraria, actualmente es una localidad central en la ruta del valle del R\u00edo Rapel.<\/em><\/strong><\/p>\n\n\n\n<p>Una emotiva y significativa ceremonia vivi\u00f3 la comunidad de Cerrillos de Rapel en Monte Patria, este s\u00e1bado, vecinos y vecinas celebraron los 47 a\u00f1os de la formaci\u00f3n de la junta de vecinos del sector. Esta ceremonia sent\u00f3 un precedente, pues es la primera vez que el pueblo realiza un evento de aniversario, el cual estuvo marcado por una serie de reconocimientos a personas ilustres del pueblo.<\/p>\n\n\n\n<p>Comenz\u00f3 a eso de las 15.30 horas con la presentaci\u00f3n de artistas locales, quienes aportaron con presentaciones circenses para los m\u00e1s peque\u00f1os; posteriormente se realizaron algunos sorteos entre los socios de la junta de vecinos; el evento continu\u00f3 con el acto central donde se realiz\u00f3 la entrega de reconocimiento a personas ilustres de la localidad y finalmente culmin\u00f3 con un espacio musical bailable para todos los presentes.<\/p>\n\n\n\n<p>En la jornada estuvo presente el alcalde de la comuna, Cristian Herrera Pe\u00f1a, acompa\u00f1ado de los concejales Carlos Castillo y Nicol\u00e1s Araya; asimismo tambi\u00e9n estuvieron presentes funcionarios municipales, prestando apoyo en la coordinaci\u00f3n de la actividad.<\/p>\n\n\n\n<p>Tras el reconocimiento a los vecinos destacados y posterior tradicional \u201cCumplea\u00f1os Feliz\u201d, Renato Valderrama, presidente de la junta de vecinos de Cerrillos de Rapel coment\u00f3 su impresi\u00f3n por la jornada, <strong>\u201cestamos s\u00faper contentos de haber organizado hoy nuestro primer aniversario, estamos cumpliendo 47 a\u00f1os desde que se inici\u00f3 nuestra junta de vecinos y hoy es nuestra primera celebraci\u00f3n; feliz por todo lo que est\u00e1 sucediendo en estos momentos\u201d.<\/strong><\/p>\n\n\n\n<p>Entre las reconocidas est\u00e1 Nancy Contreras Reyes, mujer longeva pero con un esp\u00edritu jovial, ella fue reconocida en la l\u00ednea art\u00edstica, principalmente por todo el aporte entregado al pueblo a trav\u00e9s de talleres y otras instancias, <strong>\u201cfue para m\u00ed una sorpresa, ni pensaba que me iba a elegir a m\u00ed, para mi persona lo art\u00edstico me viene desde peque\u00f1a, me siento muy elevada con eso, muy contenta\u201d<\/strong><\/p>\n\n\n\n<p>Por su parte, el alcalde de la comuna de Monte Patria, Cristian Herrera Pe\u00f1a destac\u00f3 el impulso comunitario tras esta ceremonia, invitando a la directiva y a la comunidad a continuar desarrollando iniciativas en el territorio, <strong>\u201cun bonito acto, que es la primera vez que Cerrillos de Rapel celebra su aniversario, 47 a\u00f1os de vida y trayectoria, una junta de vecinos que ha tenido logros. inici\u00f3 como un asentamiento en la reforma agraria, luego construyeron sus casas, la luz, el agua, los caminos y bueno, hoy hay desaf\u00edos pendientes. Felicitar a Renato Valderrama y a su directiva, por esta hermosa iniciativa; tambi\u00e9n nos comprometimos a que este ser\u00eda el \u00faltimo aniversario del pueblo sin sede social. Esta es una comunidad viva, nosotros estamos conscientes de ello, de hecho, ya est\u00e1n planificando la fiesta Guachaca y nosotros los apoyaremos en eso\u201d.<\/strong><\/p>\n\n\n\n<p>Entre los asistentes estuvo Ximena Cort\u00e9s, vecina de la localidad de Cerrillos de Rapel y tambi\u00e9n integrante de la brigada de emergencia de dicho territorio coment\u00f3 al respecto de esta celebraci\u00f3n, <strong>\u201ces un momento muy hermoso, que rico que se vuelva a retomar el pueblo, esperamos seguir colaborando, se seguir\u00e1n haciendo actividades, se viene la fiesta Guachaca y bueno, feliz de tener esa posibilidad tambi\u00e9n, de tener este aniversario recordando nuestros or\u00edgenes. Felicitar a la junta de vecinos por la motivaci\u00f3n, incentivamos a que todos se sumen en la reactivaci\u00f3n ciudadana\u201d.<\/strong><\/p>\n\n\n\n<p>La jornada estuvo cargada de emoci\u00f3n, no solo por los reconocimientos, sino tambi\u00e9n por la participaci\u00f3n art\u00edstica de la agrupaci\u00f3n Tierra Chilena, quienes realizaron una puesta en escena dedicada a los vecinos de Cerrillos de Rapel. La jornada nocturna, por otro lado, se extendi\u00f3 pasadas las 21 horas, con baile y m\u00fasica para todos los estilos.<\/p>\n\n\n\n<p>Juan Pablo Ramos &#8211; Periodista<br>Licenciado en Comunicaci\u00f3n Social<\/p>\n","protected":false},"excerpt":{"rendered":"<p>Cerrillos de Rapel se inici\u00f3 como un asentamiento en los tiempos de la reforma agraria, actualmente es una localidad central en la ruta del valle del R\u00edo Rapel. Una emotiva y significativa ceremonia vivi\u00f3 la comunidad de Cerrillos de Rapel en Monte Patria, este s\u00e1bado, vecinos y vecinas celebraron los 47 a\u00f1os de la formaci\u00f3n &#8230;<\/p>\n","protected":false},"author":2,"featured_media":9194,"comment_status":"open","ping_status":"open","sticky":false,"template":"","format":"standard","meta":{"footnotes":""},"categories":[5],"tags":[],"class_list":["post-9193","post","type-post","status-publish","format-standard","has-post-thumbnail","hentry","category-actualidad-limarina"],"_links":{"self":[{"href":"https:\/\/www.radiolimari.cl\/index.php?rest_route=\/wp\/v2\/posts\/9193","targetHints":{"allow":["GET"]}}],"collection":[{"href":"https:\/\/www.radiolimari.cl\/index.php?rest_route=\/wp\/v2\/posts"}],"about":[{"href":"https:\/\/www.radiolimari.cl\/index.php?rest_route=\/wp\/v2\/types\/post"}],"author":[{"embeddable":true,"href":"https:\/\/www.radiolimari.cl\/index.php?rest_route=\/wp\/v2\/users\/2"}],"replies":[{"embeddable":true,"href":"https:\/\/www.radiolimari.cl\/index.php?rest_route=%2Fwp%2Fv2%2Fcomments&post=9193"}],"version-history":[{"count":1,"href":"https:\/\/www.radiolimari.cl\/index.php?rest_route=\/wp\/v2\/posts\/9193\/revisions"}],"predecessor-version":[{"id":9195,"href":"https:\/\/www.radiolimari.cl\/index.php?rest_route=\/wp\/v2\/posts\/9193\/revisions\/9195"}],"wp:featuredmedia":[{"embeddable":true,"href":"https:\/\/www.radiolimari.cl\/index.php?rest_route=\/wp\/v2\/media\/9194"}],"wp:attachment":[{"href":"https:\/\/www.radiolimari.cl\/index.php?rest_route=%2Fwp%2Fv2%2Fmedia&parent=9193"}],"wp:term":[{"taxonomy":"category","embeddable":true,"href":"https:\/\/www.radiolimari.cl\/index.php?rest_route=%2Fwp%2Fv2%2Fcategories&post=9193"},{"taxonomy":"post_tag","embeddable":true,"href":"https:\/\/www.radiolimari.cl\/index.php?rest_route=%2Fwp%2Fv2%2Ftags&post=9193"}],"curies":[{"name":"wp","href":"https:\/\/api.w.org\/{rel}","templated":true}]}}