{"id":9184,"date":"2023-05-22T20:16:11","date_gmt":"2023-05-22T20:16:11","guid":{"rendered":"https:\/\/www.radiolimari.cl\/?p=9184"},"modified":"2023-05-22T20:16:11","modified_gmt":"2023-05-22T20:16:11","slug":"parvulos-aprenden-la-importancia-de-los-suelos-gracias-a-libro-editado-por-integra-y-sag","status":"publish","type":"post","link":"https:\/\/www.radiolimari.cl\/?p=9184","title":{"rendered":"P\u00e1rvulos aprenden la importancia de los suelos gracias a libro editado por Integra y SAG"},"content":{"rendered":"\n<figure class=\"wp-block-image size-large\"><a href=\"https:\/\/www.radiolimari.cl\/wp-content\/uploads\/2023\/05\/003.jpg\"><img fetchpriority=\"high\" decoding=\"async\" width=\"1024\" height=\"576\" src=\"https:\/\/www.radiolimari.cl\/wp-content\/uploads\/2023\/05\/003-1024x576.jpg\" alt=\"\" class=\"wp-image-9185\" srcset=\"https:\/\/www.radiolimari.cl\/wp-content\/uploads\/2023\/05\/003-1024x576.jpg 1024w, https:\/\/www.radiolimari.cl\/wp-content\/uploads\/2023\/05\/003-300x169.jpg 300w, https:\/\/www.radiolimari.cl\/wp-content\/uploads\/2023\/05\/003-768x432.jpg 768w, https:\/\/www.radiolimari.cl\/wp-content\/uploads\/2023\/05\/003-1536x864.jpg 1536w, https:\/\/www.radiolimari.cl\/wp-content\/uploads\/2023\/05\/003.jpg 2000w\" sizes=\"(max-width: 1024px) 100vw, 1024px\" \/><\/a><\/figure>\n\n\n\n<p><strong>El material educativo destinado a ni\u00f1os y ni\u00f1as de entre 2 y 4 a\u00f1os ya est\u00e1 en todos los jardines infantiles Integra de la Regi\u00f3n de Coquimbo y tambi\u00e9n est\u00e1 disponible en los sitios web <\/strong><a href=\"http:\/\/www.integra.cl\"><strong>www.integra.cl<\/strong><\/a><strong> y <\/strong><a href=\"http:\/\/www.sag.cl\"><strong>www.sag.cl<\/strong><\/a><\/p>\n\n\n\n<p>Dar a conocer a ni\u00f1os y ni\u00f1as por qu\u00e9 el suelo es uno de los ecosistemas m\u00e1s complejos de la naturaleza y fundamental para la vida en el planeta es el objetivo del texto \u201cEl suelo vivo y las lombrices viajeras\u201d, desarrollado en conjunto por Fundaci\u00f3n Integra y el Servicio Agr\u00edcola y Ganadero (SAG).<\/p>\n\n\n\n<p>El libro fue editado en el marco del convenio que ambas instituciones mantienen desde el a\u00f1o 2014 y tiene como objetivo entregar conocimientos sobre el cuidado del suelo y lo relevante que \u00e9ste es para los seres vivos y la producci\u00f3n de alimentos. El material destaca que el suelo alberga una infinidad de organismos que interact\u00faan entre s\u00ed y contribuyen a mantener los ciclos naturales de la vida. Es en el suelo donde se inicia gran parte de la alimentaci\u00f3n de las personas, gracias a los componentes que lo constituyen, como minerales, agua, aire y materia org\u00e1nica, que entregan nutrientes base para la vida vegetal y animal.<\/p>\n\n\n\n<p>Susana Veas, Directora Regional de Integra, explic\u00f3 que el texto \u201cel sentido que tiene es c\u00f3mo desde la educaci\u00f3n inicial, y particularmente desde los 2 a\u00f1os que es hacia donde est\u00e1 dirigido este material, y no s\u00f3lo a los ni\u00f1os, sino que a las familias de este grupo de edad, es c\u00f3mo los ni\u00f1os aprenden desde muy peque\u00f1os a valorar el suelo, el medioambiente y quiz\u00e1s tambi\u00e9n nos ense\u00f1en a nosotros, los adultos\u201d.<\/p>\n\n\n\n<p>Por su parte, el Director Regional (S) de SAG, Jorge Mautz, manifest\u00f3 que \u201ces fundamental para nuestra Divisi\u00f3n de Recursos Naturales del Servicio Agr\u00edcola y Ganadero el cuidado del medioambiente y el suelo como recurso fundamental. Entonces, empezar desde las generaciones que est\u00e1n iniciando la vida es fundamental. Ellos son muy receptivos, tienen una capacidad, una comprensi\u00f3n y un deseo de ir aprendiendo cosas nuevas y nosotros apuntamos obviamente al recurso natural, al suelo y por extensi\u00f3n a todo el medioambiente, ellos son muy colaboradores en ese aspecto\u201d.<\/p>\n\n\n\n<p>El texto \u201cEl suelo vivo y las lombrices viajeras\u201d se distribuy\u00f3 en las m\u00e1s de 1.200 salas cuna, jardines infantiles y modalidades no convencionales que tiene Integra en todo el pa\u00eds, mientras que a la Regi\u00f3n de Coquimbo llegaron 214 ejemplares, para 61 de los 63 jardines infantiles que cuentan con p\u00e1rvulos de 2 a 4 a\u00f1os.<\/p>\n\n\n\n<p>\u201cQue los ni\u00f1os tengan la posibilidad de conocer este mundo interno, este mundo que no vemos pero que es maravilloso, donde existe una cantidad de animalitos, nos va servir para mucho. Primero desde la ciencia, para descubrir caracter\u00edsticas de cada uno de los animalitos y su h\u00e1bitat. Pero tambi\u00e9n trabajar matem\u00e1tica, clasificando los que son de distintas especies, lenguaje porque aqu\u00ed aparecieron nombres de animalitos que no conoc\u00edamos, hablamos tambi\u00e9n de biodiversidad, de contaminaci\u00f3n, que son palabras nuevas. Y tambi\u00e9n el arte, porque ahora ellos van a poder realizar experiencias art\u00edsticas y ver c\u00f3mo comprendieron el cuento\u201d, indic\u00f3 la educadora Mar\u00eda Loreto Guerra, directora la sala cuna y jard\u00edn infantil Tequirque, de La Serena, donde se realiz\u00f3 la presentaci\u00f3n de este recurso did\u00e1ctico, el que tambi\u00e9n podr\u00e1 ser descargado desde las p\u00e1ginas web <a href=\"http:\/\/www.sag.cl\">www.sag.cl<\/a> y <a href=\"http:\/\/www.integra.cl\">www.integra.cl<\/a>.<\/p>\n","protected":false},"excerpt":{"rendered":"<p>El material educativo destinado a ni\u00f1os y ni\u00f1as de entre 2 y 4 a\u00f1os ya est\u00e1 en todos los jardines infantiles Integra de la Regi\u00f3n de Coquimbo y tambi\u00e9n est\u00e1 disponible en los sitios web www.integra.cl y www.sag.cl Dar a conocer a ni\u00f1os y ni\u00f1as por qu\u00e9 el suelo es uno de los ecosistemas m\u00e1s &#8230;<\/p>\n","protected":false},"author":2,"featured_media":9185,"comment_status":"open","ping_status":"open","sticky":false,"template":"","format":"standard","meta":{"footnotes":""},"categories":[6],"tags":[],"class_list":["post-9184","post","type-post","status-publish","format-standard","has-post-thumbnail","hentry","category-regionales"],"_links":{"self":[{"href":"https:\/\/www.radiolimari.cl\/index.php?rest_route=\/wp\/v2\/posts\/9184","targetHints":{"allow":["GET"]}}],"collection":[{"href":"https:\/\/www.radiolimari.cl\/index.php?rest_route=\/wp\/v2\/posts"}],"about":[{"href":"https:\/\/www.radiolimari.cl\/index.php?rest_route=\/wp\/v2\/types\/post"}],"author":[{"embeddable":true,"href":"https:\/\/www.radiolimari.cl\/index.php?rest_route=\/wp\/v2\/users\/2"}],"replies":[{"embeddable":true,"href":"https:\/\/www.radiolimari.cl\/index.php?rest_route=%2Fwp%2Fv2%2Fcomments&post=9184"}],"version-history":[{"count":1,"href":"https:\/\/www.radiolimari.cl\/index.php?rest_route=\/wp\/v2\/posts\/9184\/revisions"}],"predecessor-version":[{"id":9186,"href":"https:\/\/www.radiolimari.cl\/index.php?rest_route=\/wp\/v2\/posts\/9184\/revisions\/9186"}],"wp:featuredmedia":[{"embeddable":true,"href":"https:\/\/www.radiolimari.cl\/index.php?rest_route=\/wp\/v2\/media\/9185"}],"wp:attachment":[{"href":"https:\/\/www.radiolimari.cl\/index.php?rest_route=%2Fwp%2Fv2%2Fmedia&parent=9184"}],"wp:term":[{"taxonomy":"category","embeddable":true,"href":"https:\/\/www.radiolimari.cl\/index.php?rest_route=%2Fwp%2Fv2%2Fcategories&post=9184"},{"taxonomy":"post_tag","embeddable":true,"href":"https:\/\/www.radiolimari.cl\/index.php?rest_route=%2Fwp%2Fv2%2Ftags&post=9184"}],"curies":[{"name":"wp","href":"https:\/\/api.w.org\/{rel}","templated":true}]}}