{"id":9177,"date":"2023-05-22T16:16:30","date_gmt":"2023-05-22T16:16:30","guid":{"rendered":"https:\/\/www.radiolimari.cl\/?p=9177"},"modified":"2023-05-22T16:16:30","modified_gmt":"2023-05-22T16:16:30","slug":"colecta-coaniquem-2023-todos-unidos-con-los-ninos-con-quemaduras","status":"publish","type":"post","link":"https:\/\/www.radiolimari.cl\/?p=9177","title":{"rendered":"Colecta COANIQUEM 2023. Todos unidos con los ni\u00f1os con quemaduras"},"content":{"rendered":"\n<figure class=\"wp-block-image size-large is-resized\"><a href=\"https:\/\/www.radiolimari.cl\/wp-content\/uploads\/2023\/05\/Afiche-Digital-Oficial.jpg\"><img fetchpriority=\"high\" decoding=\"async\" src=\"https:\/\/www.radiolimari.cl\/wp-content\/uploads\/2023\/05\/Afiche-Digital-Oficial-1024x1024.jpg\" alt=\"\" class=\"wp-image-9178\" width=\"396\" height=\"396\" srcset=\"https:\/\/www.radiolimari.cl\/wp-content\/uploads\/2023\/05\/Afiche-Digital-Oficial-1024x1024.jpg 1024w, https:\/\/www.radiolimari.cl\/wp-content\/uploads\/2023\/05\/Afiche-Digital-Oficial-300x300.jpg 300w, https:\/\/www.radiolimari.cl\/wp-content\/uploads\/2023\/05\/Afiche-Digital-Oficial-150x150.jpg 150w, https:\/\/www.radiolimari.cl\/wp-content\/uploads\/2023\/05\/Afiche-Digital-Oficial-768x768.jpg 768w, https:\/\/www.radiolimari.cl\/wp-content\/uploads\/2023\/05\/Afiche-Digital-Oficial-70x70.jpg 70w, https:\/\/www.radiolimari.cl\/wp-content\/uploads\/2023\/05\/Afiche-Digital-Oficial.jpg 1200w\" sizes=\"(max-width: 396px) 100vw, 396px\" \/><\/a><\/figure>\n\n\n\n<p><strong>Las quemaduras por l\u00edquidos calientes siguen siendo la principal causa de ingreso de los pacientes de COANIQUEM, instituci\u00f3n que tambi\u00e9n atiende a ni\u00f1os, ni\u00f1as y adolescentes que deben rehabilitarse por otro tipo de cicatrices y que representan el 17% de las atenciones.<\/strong><\/p>\n\n\n\n<p>Comenz\u00f3 la colecta COANIQUEM que se extender\u00e1 hasta el 4 de junio de forma online, y los d\u00edas 2, 3 y 4 de junio con voluntarios en las calles de todo el pa\u00eds, y que busca recaudar fondos para la rehabilitaci\u00f3n 100% gratuita de los ni\u00f1os, ni\u00f1as y adolescentes con lesiones de quemaduras y otras cicatrices.<\/p>\n\n\n\n<p>Bajo el lema \u201cTodos unidos con los ni\u00f1os con quemaduras\u201d, COANIQUEM hace un llamado a apoyar a los m\u00e1s de 7 mil pacientes que se atienden&nbsp; anualmente en los centros de rehabilitaci\u00f3n de COANIQUEM en Antofagasta, Santiago, Concepci\u00f3n y Puerto Montt.<\/p>\n\n\n\n<p>\u201cLas quemaduras siguen siendo un problema relevante de salud p\u00fablica en Chile, estim\u00e1ndose que alrededor de 80.000 ni\u00f1os se queman cada a\u00f1o. Queremos llegar a todos los rincones del pa\u00eds y a todos los ni\u00f1os, ni\u00f1as y adolescentes con quemaduras y otras cicatrices. Ning\u00fan ni\u00f1o debe sufrir o ver afectado su futuro por ellas\u201d, comenta Jorge Rojas Goldsack, Presidente Ejecutivo de COANIQUEM.<\/p>\n\n\n\n<p>Durante 2022, la principal causa de quemaduras fue la producida por l\u00edquidos calientes (50%), seguida por objetos (40%) y por el fuego (3%), afectando en un 55% a menores de 5 a\u00f1os.<\/p>\n\n\n\n<p>Es importante mencionar que COANIQUEM tambi\u00e9n atiende a pacientes que deben rehabilitar cicatrices que no han sido causadas por quemaduras. De hecho, hoy estos alcanzan el 17% de los ingresos versus el 14% que se registraba hace dos a\u00f1os.<\/p>\n\n\n\n<p>\u201cTodos podemos colaborar tambi\u00e9n en la prevenci\u00f3n de las quemaduras que afectan en especial a los menores de 5 a\u00f1os mientras permanecen en el hogar. Tener presente que el volcamiento de hervidores, ollas y a\u00fan de una taza de t\u00e9 ocasionan lesiones graves que requieren hospitalizaci\u00f3n.<\/p>\n\n\n\n<p>Y ahora con el fr\u00edo aumentan las quemaduras por estufas y calefactores que pueden dejar secuelas dif\u00edciles de tratar en las manos de estos ni\u00f1os\u201d, agrega Rolando Saavedra, director de Gesti\u00f3n M\u00e9dica de COANIQUEM.<\/p>\n\n\n\n<p>COANIQUEM cuenta con Centros de Rehabilitaci\u00f3n en Antofagasta, Santiago, Concepci\u00f3n y Puerto Montt; y del total de ingresos del a\u00f1o 2022, el 67% se atendi\u00f3 en Santiago, el 12% en Antofagasta y el 21% en Puerto Montt. No hay registros del centro de Concepci\u00f3n, ya que este se inaugur\u00f3 a finales del a\u00f1o pasado. Se estima que durante 2023 el mencionado centro reciba cerca de 500 pacientes.<\/p>\n\n\n\n<p>M\u00e1s all\u00e1 de las fronteras, la creaci\u00f3n del programa internacional de COANIQUEM ha permitido que pacientes de 20 pa\u00edses de Am\u00e9rica Latina y el Caribe hayan podido recuperarse en los Centros de Rehabilitaci\u00f3n de COANIQUEM de Chile. Esta misma iniciativa, ha hecho posible que m\u00e1s de 500 profesionales extranjeros se hayan especializado, impactando de esta forma, en la rehabilitaci\u00f3n de los ni\u00f1os con quemaduras de sus pa\u00edses de origen.<\/p>\n","protected":false},"excerpt":{"rendered":"<p>Las quemaduras por l\u00edquidos calientes siguen siendo la principal causa de ingreso de los pacientes de COANIQUEM, instituci\u00f3n que tambi\u00e9n atiende a ni\u00f1os, ni\u00f1as y adolescentes que deben rehabilitarse por otro tipo de cicatrices y que representan el 17% de las atenciones. Comenz\u00f3 la colecta COANIQUEM que se extender\u00e1 hasta el 4 de junio de &#8230;<\/p>\n","protected":false},"author":2,"featured_media":9178,"comment_status":"open","ping_status":"open","sticky":false,"template":"","format":"standard","meta":{"footnotes":""},"categories":[3],"tags":[],"class_list":["post-9177","post","type-post","status-publish","format-standard","has-post-thumbnail","hentry","category-actualidad"],"_links":{"self":[{"href":"https:\/\/www.radiolimari.cl\/index.php?rest_route=\/wp\/v2\/posts\/9177","targetHints":{"allow":["GET"]}}],"collection":[{"href":"https:\/\/www.radiolimari.cl\/index.php?rest_route=\/wp\/v2\/posts"}],"about":[{"href":"https:\/\/www.radiolimari.cl\/index.php?rest_route=\/wp\/v2\/types\/post"}],"author":[{"embeddable":true,"href":"https:\/\/www.radiolimari.cl\/index.php?rest_route=\/wp\/v2\/users\/2"}],"replies":[{"embeddable":true,"href":"https:\/\/www.radiolimari.cl\/index.php?rest_route=%2Fwp%2Fv2%2Fcomments&post=9177"}],"version-history":[{"count":1,"href":"https:\/\/www.radiolimari.cl\/index.php?rest_route=\/wp\/v2\/posts\/9177\/revisions"}],"predecessor-version":[{"id":9179,"href":"https:\/\/www.radiolimari.cl\/index.php?rest_route=\/wp\/v2\/posts\/9177\/revisions\/9179"}],"wp:featuredmedia":[{"embeddable":true,"href":"https:\/\/www.radiolimari.cl\/index.php?rest_route=\/wp\/v2\/media\/9178"}],"wp:attachment":[{"href":"https:\/\/www.radiolimari.cl\/index.php?rest_route=%2Fwp%2Fv2%2Fmedia&parent=9177"}],"wp:term":[{"taxonomy":"category","embeddable":true,"href":"https:\/\/www.radiolimari.cl\/index.php?rest_route=%2Fwp%2Fv2%2Fcategories&post=9177"},{"taxonomy":"post_tag","embeddable":true,"href":"https:\/\/www.radiolimari.cl\/index.php?rest_route=%2Fwp%2Fv2%2Ftags&post=9177"}],"curies":[{"name":"wp","href":"https:\/\/api.w.org\/{rel}","templated":true}]}}