{"id":9159,"date":"2023-05-19T18:19:52","date_gmt":"2023-05-19T18:19:52","guid":{"rendered":"https:\/\/www.radiolimari.cl\/?p=9159"},"modified":"2023-05-19T18:19:53","modified_gmt":"2023-05-19T18:19:53","slug":"patricio-reyes-asumio-como-nuevo-concejal-de-ovalle","status":"publish","type":"post","link":"https:\/\/www.radiolimari.cl\/?p=9159","title":{"rendered":"Patricio Reyes asumi\u00f3 como nuevo concejal de Ovalle"},"content":{"rendered":"\n<figure class=\"wp-block-image size-full\"><a href=\"https:\/\/www.radiolimari.cl\/wp-content\/uploads\/2023\/05\/Patricio-Reyes-Araya.jpg\"><img fetchpriority=\"high\" decoding=\"async\" width=\"960\" height=\"640\" src=\"https:\/\/www.radiolimari.cl\/wp-content\/uploads\/2023\/05\/Patricio-Reyes-Araya.jpg\" alt=\"\" class=\"wp-image-9160\" srcset=\"https:\/\/www.radiolimari.cl\/wp-content\/uploads\/2023\/05\/Patricio-Reyes-Araya.jpg 960w, https:\/\/www.radiolimari.cl\/wp-content\/uploads\/2023\/05\/Patricio-Reyes-Araya-300x200.jpg 300w, https:\/\/www.radiolimari.cl\/wp-content\/uploads\/2023\/05\/Patricio-Reyes-Araya-768x512.jpg 768w\" sizes=\"(max-width: 960px) 100vw, 960px\" \/><\/a><\/figure>\n\n\n\n<p><strong><em>Patricio Reyes Araya ocupar\u00e1 este cargo, luego que Jonathan Acu\u00f1a Rojas asumiera como alcalde de la comuna en abril pasado, y dejara este cupo vacante. Reyes Araya se desempe\u00f1ar\u00e1 en el cuerpo colegiado hasta diciembre de 2024.<\/em><\/strong><\/p>\n\n\n\n<p>Patricio Reyes Araya nuevamente ocupar\u00e1 un cargo en el Concejo Municipal de Ovalle. Esto, producto del nombramiento de Jonathan Acu\u00f1a Rojas como alcalde de la comuna el pasado 12 abril, lo que dej\u00f3 un cargo vacante en el cuerpo colegiado, que de acuerdo a la ley 18.695 debe ser ocupado por el candidato con mayor votaci\u00f3n dentro de su misma lista.<\/p>\n\n\n\n<p>Reyes Araya integr\u00f3 el Pacto Unidos por la Dignidad-Subpacto DC Pro Ciudadanos e Independientes, junto a Jonathan Acu\u00f1a Rojas y Cristian Rojas Molina, ambos electos, por lo que este cupo vacante le correspond\u00eda, tras ocupar el tercer lugar en esta lista.<\/p>\n\n\n\n<p>Fue as\u00ed como en la sesi\u00f3n extraordinaria, n\u00famero 5, del Concejo Municipal, se llev\u00f3 a cabo la ceremonia de asunci\u00f3n del nuevo integrante del cuerpo colegiado. El secretario municipal, Francisco Vega Navarro dio a conocer la decisi\u00f3n del Tribunal Electoral Regional (TER) y los art\u00edculos de la ley Org\u00e1nica Constitucional de Municipalidades que oficializan a Patricio Reyes Araya como nuevo concejal de Ovalle. Desde ahora, la comuna cuenta nuevamente con ocho concejales, tal como lo se\u00f1ala la normativa legal, de acuerdo a la cantidad de habitantes.<\/p>\n\n\n\n<p>Tras asumir, el concejal Patricio Reyes agradeci\u00f3 a quienes confiaron en su trabajo y le entregaron el voto en las elecciones municipales pasadas. Asimismo, indic\u00f3 que \u201clos fallos legales se respetan y lo m\u00e1s importante es que desde ahora, la idea es sumarme a la municipalidad y al concejo municipal siempre pensando y teniendo el bien com\u00fan y el sentido de ciudad que se requiere, por lo tanto para m\u00ed es una alegr\u00eda y un orgullo poder servir a todas y todos en el campo y en la ciudad\u201d.<\/p>\n\n\n\n<p>Al respecto, el alcalde de Ovalle, Jonathan Acu\u00f1a Rojas sostuvo que es de vital importancia \u201cque el cuerpo colegiado de concejales tengan la legitimidad que deber\u00edan tener siempre. Creemos que este acto republicano demuestra que en Ovalle estamos dispuestos a trabajar absolutamente con todos y respetando el mandato que nos se\u00f1ala la ley. Patricio tiene la experiencia de haber sido concejal en nuestra comuna y va a ser un aporte para poder trabajar en equipo con los dem\u00e1s concejales y pensando siempre en la comunidad ovallina\u201d.<\/p>\n","protected":false},"excerpt":{"rendered":"<p>Patricio Reyes Araya ocupar\u00e1 este cargo, luego que Jonathan Acu\u00f1a Rojas asumiera como alcalde de la comuna en abril pasado, y dejara este cupo vacante. Reyes Araya se desempe\u00f1ar\u00e1 en el cuerpo colegiado hasta diciembre de 2024. Patricio Reyes Araya nuevamente ocupar\u00e1 un cargo en el Concejo Municipal de Ovalle. Esto, producto del nombramiento de &#8230;<\/p>\n","protected":false},"author":2,"featured_media":9160,"comment_status":"open","ping_status":"open","sticky":false,"template":"","format":"standard","meta":{"footnotes":""},"categories":[5],"tags":[],"class_list":["post-9159","post","type-post","status-publish","format-standard","has-post-thumbnail","hentry","category-actualidad-limarina"],"_links":{"self":[{"href":"https:\/\/www.radiolimari.cl\/index.php?rest_route=\/wp\/v2\/posts\/9159","targetHints":{"allow":["GET"]}}],"collection":[{"href":"https:\/\/www.radiolimari.cl\/index.php?rest_route=\/wp\/v2\/posts"}],"about":[{"href":"https:\/\/www.radiolimari.cl\/index.php?rest_route=\/wp\/v2\/types\/post"}],"author":[{"embeddable":true,"href":"https:\/\/www.radiolimari.cl\/index.php?rest_route=\/wp\/v2\/users\/2"}],"replies":[{"embeddable":true,"href":"https:\/\/www.radiolimari.cl\/index.php?rest_route=%2Fwp%2Fv2%2Fcomments&post=9159"}],"version-history":[{"count":1,"href":"https:\/\/www.radiolimari.cl\/index.php?rest_route=\/wp\/v2\/posts\/9159\/revisions"}],"predecessor-version":[{"id":9161,"href":"https:\/\/www.radiolimari.cl\/index.php?rest_route=\/wp\/v2\/posts\/9159\/revisions\/9161"}],"wp:featuredmedia":[{"embeddable":true,"href":"https:\/\/www.radiolimari.cl\/index.php?rest_route=\/wp\/v2\/media\/9160"}],"wp:attachment":[{"href":"https:\/\/www.radiolimari.cl\/index.php?rest_route=%2Fwp%2Fv2%2Fmedia&parent=9159"}],"wp:term":[{"taxonomy":"category","embeddable":true,"href":"https:\/\/www.radiolimari.cl\/index.php?rest_route=%2Fwp%2Fv2%2Fcategories&post=9159"},{"taxonomy":"post_tag","embeddable":true,"href":"https:\/\/www.radiolimari.cl\/index.php?rest_route=%2Fwp%2Fv2%2Ftags&post=9159"}],"curies":[{"name":"wp","href":"https:\/\/api.w.org\/{rel}","templated":true}]}}