{"id":9144,"date":"2023-05-18T16:34:49","date_gmt":"2023-05-18T16:34:49","guid":{"rendered":"https:\/\/www.radiolimari.cl\/?p=9144"},"modified":"2023-05-18T16:34:50","modified_gmt":"2023-05-18T16:34:50","slug":"en-ovalle-bus-de-la-justicia-responde-consultas-de-mas-de-medio-centenar-de-usuarios","status":"publish","type":"post","link":"https:\/\/www.radiolimari.cl\/?p=9144","title":{"rendered":"En Ovalle Bus de la justicia responde consultas de m\u00e1s de medio centenar de usuarios."},"content":{"rendered":"\n<figure class=\"wp-block-image size-large\"><a href=\"https:\/\/www.radiolimari.cl\/wp-content\/uploads\/2023\/05\/DSC_1155-scaled.jpg\"><img fetchpriority=\"high\" decoding=\"async\" width=\"1024\" height=\"574\" src=\"https:\/\/www.radiolimari.cl\/wp-content\/uploads\/2023\/05\/DSC_1155-1024x574.jpg\" alt=\"\" class=\"wp-image-9145\" srcset=\"https:\/\/www.radiolimari.cl\/wp-content\/uploads\/2023\/05\/DSC_1155-1024x574.jpg 1024w, https:\/\/www.radiolimari.cl\/wp-content\/uploads\/2023\/05\/DSC_1155-300x168.jpg 300w, https:\/\/www.radiolimari.cl\/wp-content\/uploads\/2023\/05\/DSC_1155-768x430.jpg 768w, https:\/\/www.radiolimari.cl\/wp-content\/uploads\/2023\/05\/DSC_1155-1536x861.jpg 1536w, https:\/\/www.radiolimari.cl\/wp-content\/uploads\/2023\/05\/DSC_1155-2048x1148.jpg 2048w\" sizes=\"(max-width: 1024px) 100vw, 1024px\" \/><\/a><\/figure>\n\n\n\n<p>La actividad se enmarc\u00f3 en la \u201cPlaza de Justicia\u201d, organizada por la Serem\u00eda de Justicia y que convoc\u00f3 a instituciones y organismos relacionados al quehacer judicial.<\/p>\n\n\n\n<p>M\u00e1s de 50 residentes de la comuna de Ovalle, Regi\u00f3n de Coquimbo, se acercaron a los funcionarios judiciales que viajaron a la capital provincial de Limar\u00ed, en el \u201cBus de la Justicia\u201d del Poder Judicial, para realizar consultas sobre causas en las que son partes, formular consultas en materias diversas y resolver dudas sobre tramitaciones ante tribunales, entre otros.<\/p>\n\n\n\n<p>En el quinto recorrido del a\u00f1o por la jurisdicci\u00f3n, el m\u00f3vil se instal\u00f3 en la plaza de Armas de la ciudad para recibir las consultas, las que fueron solucionadas por funcionarios de los juzgados de Familia y Letras de Ovalle, adem\u00e1s del presidente de la Corte de Apelaciones, Felipe Pulgar Bravo.<\/p>\n\n\n\n<p>La actividad se enmarc\u00f3 en la \u201cPlaza de Justicia\u201d, organizada por la Serem\u00eda de Justicia y que convoc\u00f3 a instituciones y organismos relacionados al quehacer judicial.<\/p>\n\n\n\n<p>\u201cEl&nbsp; seremi ha realizado un calendario en el que nos ha hecho parte y nosotros, por supuesto, participaremos en cada \u201cPlaza de Justicia\u201d que se va a hacer como en las que se han hecho a lo largo de toda la regi\u00f3n. Siempre estamos disponibles para poder participar en todos los espacios donde el Poder Judicial tenga algo que apoyar en respuestas a la ciudadan\u00eda\u201d, dijo el ministro Pulgar Bravo.<\/p>\n\n\n\n<p>El \u201cBus de la Justicia\u201d est\u00e1 equipado con computadores y tecnolog\u00eda de comunicaciones que permiten recoger a distancia la informaci\u00f3n que requieren los usuarios, quienes adem\u00e1s reciben orientaci\u00f3n y ayuda para concretar tr\u00e1mites judiciales que no requieran de la intervenci\u00f3n de un abogado.<\/p>\n\n\n\n<p>\u201cEstamos muy satisfechos de los resultados porque ha venido much\u00edsima gente. Dimos respuesta a diversos problemas y consultas relacionadas con causas en tramitaci\u00f3n y otros servicios. Estamos muy contentos\u201d, enfatiz\u00f3 Felipe Pulgar.<\/p>\n\n\n\n<p>La mayor\u00eda de consultas de los ovallinos se relacionaron con temas como pensiones de alimentos, divorcios, herencias y posesi\u00f3n efectiva, entre otras, las que fueron resueltas por los funcionarios judiciales en terreno y en contacto directo con la gente.<\/p>\n\n\n\n<p>\u201cUno de los ejes estrat\u00e9gicos que ha definido la Corte Suprema y que nosotros hemos tomado desde la presidencia, tiene que ver justamente con la cercan\u00eda con los usuarios. Creemos que esta es una instancia perfecta para lograr aquel objetivo y que tiene que ver con resolver, en lo concreto y pr\u00e1ctico, consultas que tengan los ciudadanos y ciudadanas, a fin de evitar que deban concurrir a tribunales y ayudarlos a resolver sus dudas en diversas materias que son de nuestra competencia\u201d, concluy\u00f3 el tribunal de alzada.<\/p>\n","protected":false},"excerpt":{"rendered":"<p>La actividad se enmarc\u00f3 en la \u201cPlaza de Justicia\u201d, organizada por la Serem\u00eda de Justicia y que convoc\u00f3 a instituciones y organismos relacionados al quehacer judicial. M\u00e1s de 50 residentes de la comuna de Ovalle, Regi\u00f3n de Coquimbo, se acercaron a los funcionarios judiciales que viajaron a la capital provincial de Limar\u00ed, en el \u201cBus &#8230;<\/p>\n","protected":false},"author":2,"featured_media":9145,"comment_status":"open","ping_status":"open","sticky":false,"template":"","format":"standard","meta":{"footnotes":""},"categories":[3],"tags":[],"class_list":["post-9144","post","type-post","status-publish","format-standard","has-post-thumbnail","hentry","category-actualidad"],"_links":{"self":[{"href":"https:\/\/www.radiolimari.cl\/index.php?rest_route=\/wp\/v2\/posts\/9144","targetHints":{"allow":["GET"]}}],"collection":[{"href":"https:\/\/www.radiolimari.cl\/index.php?rest_route=\/wp\/v2\/posts"}],"about":[{"href":"https:\/\/www.radiolimari.cl\/index.php?rest_route=\/wp\/v2\/types\/post"}],"author":[{"embeddable":true,"href":"https:\/\/www.radiolimari.cl\/index.php?rest_route=\/wp\/v2\/users\/2"}],"replies":[{"embeddable":true,"href":"https:\/\/www.radiolimari.cl\/index.php?rest_route=%2Fwp%2Fv2%2Fcomments&post=9144"}],"version-history":[{"count":1,"href":"https:\/\/www.radiolimari.cl\/index.php?rest_route=\/wp\/v2\/posts\/9144\/revisions"}],"predecessor-version":[{"id":9146,"href":"https:\/\/www.radiolimari.cl\/index.php?rest_route=\/wp\/v2\/posts\/9144\/revisions\/9146"}],"wp:featuredmedia":[{"embeddable":true,"href":"https:\/\/www.radiolimari.cl\/index.php?rest_route=\/wp\/v2\/media\/9145"}],"wp:attachment":[{"href":"https:\/\/www.radiolimari.cl\/index.php?rest_route=%2Fwp%2Fv2%2Fmedia&parent=9144"}],"wp:term":[{"taxonomy":"category","embeddable":true,"href":"https:\/\/www.radiolimari.cl\/index.php?rest_route=%2Fwp%2Fv2%2Fcategories&post=9144"},{"taxonomy":"post_tag","embeddable":true,"href":"https:\/\/www.radiolimari.cl\/index.php?rest_route=%2Fwp%2Fv2%2Ftags&post=9144"}],"curies":[{"name":"wp","href":"https:\/\/api.w.org\/{rel}","templated":true}]}}