{"id":9134,"date":"2023-05-17T13:40:01","date_gmt":"2023-05-17T13:40:01","guid":{"rendered":"https:\/\/www.radiolimari.cl\/?p=9134"},"modified":"2023-05-17T13:40:02","modified_gmt":"2023-05-17T13:40:02","slug":"en-los-clonquis-de-monte-patria-se-realizo-la-tercera-edicion-de-la-fiesta-de-la-nuez-con-exitosa-convocatoria","status":"publish","type":"post","link":"https:\/\/www.radiolimari.cl\/?p=9134","title":{"rendered":"En Los Clonquis de Monte Patria  se realiz\u00f3 la tercera edici\u00f3n de la Fiesta de la Nuez con exitosa convocatoria."},"content":{"rendered":"\n<figure class=\"wp-block-image size-large\"><a href=\"https:\/\/www.radiolimari.cl\/wp-content\/uploads\/2023\/05\/WhatsApp-Image-2023-05-17-at-8.54.52-AM-2.jpeg\"><img fetchpriority=\"high\" decoding=\"async\" width=\"1024\" height=\"682\" src=\"https:\/\/www.radiolimari.cl\/wp-content\/uploads\/2023\/05\/WhatsApp-Image-2023-05-17-at-8.54.52-AM-2-1024x682.jpeg\" alt=\"\" class=\"wp-image-9135\" srcset=\"https:\/\/www.radiolimari.cl\/wp-content\/uploads\/2023\/05\/WhatsApp-Image-2023-05-17-at-8.54.52-AM-2-1024x682.jpeg 1024w, https:\/\/www.radiolimari.cl\/wp-content\/uploads\/2023\/05\/WhatsApp-Image-2023-05-17-at-8.54.52-AM-2-300x200.jpeg 300w, https:\/\/www.radiolimari.cl\/wp-content\/uploads\/2023\/05\/WhatsApp-Image-2023-05-17-at-8.54.52-AM-2-768x512.jpeg 768w, https:\/\/www.radiolimari.cl\/wp-content\/uploads\/2023\/05\/WhatsApp-Image-2023-05-17-at-8.54.52-AM-2-1536x1023.jpeg 1536w, https:\/\/www.radiolimari.cl\/wp-content\/uploads\/2023\/05\/WhatsApp-Image-2023-05-17-at-8.54.52-AM-2.jpeg 1600w\" sizes=\"(max-width: 1024px) 100vw, 1024px\" \/><\/a><\/figure>\n\n\n\n<p><strong><em>La celebraci\u00f3n en torno a la producci\u00f3n de nueces y sus productos derivados deleit\u00f3 a los asistentes locales como turistas que llegaron al encuentro.<\/em><\/strong><\/p>\n\n\n\n<p>Entretenidos concursos, demostraciones art\u00edsticas y stands de emprendedores fueron algunas de las actividades que tuvo la tercera versi\u00f3n del Festival de la Nuez en la localidad de Los Clonquis. La actividad, organizada por la JJ.VV. de dicho sector, en colaboraci\u00f3n con Limar\u00ed Nuts, atrajo a visitantes de diferentes partes de la comuna de los valles generosos. En esta edici\u00f3n cont\u00f3 con la presencia del alcalde Cristian Herrera Pe\u00f1a y la Directora de Desarrollo Comunitario, Ver\u00f3nica Z\u00e1rate.<\/p>\n\n\n\n<p>Nacida como una actividad propia de sus habitantes, enraizada en las costumbres y la cultura en torno a este fruto seco de agradable sabor, la Fiesta de la Nuez no s\u00f3lo es un espacio de encuentro para la comunidad, sino tambi\u00e9n un nicho para potenciar los diversos productos derivados de este fruto, posicion\u00e1ndolo como un nuevo agente de desarrollo econ\u00f3mico y social.<\/p>\n\n\n\n<p>De car\u00e1cter rugosa y rica en aceites esenciales, la nuez encuentra en la zona de los valles transversales montepatrinos un clima ideal para su cultivo. Fue as\u00ed como la comunidad desde hace unos a\u00f1os comenz\u00f3 a tomarle importancia a este fruto muy apetecido tanto a nivel nacional como internacional y decidieron crear este festival, donde pueden mostrar los diversos productos derivados.<\/p>\n\n\n\n<p><strong>\u201cEmpezamos con esta fiesta que principio, fue para dar a conocer los productos de la zona, principalmente, la nuez que son las mejores nueces de Chile, en la comuna de Monte Patria. Desde ah\u00ed en adelante ha sido todo un \u00e9xito, donde cada vez vienen m\u00e1s personas; la gente del pueblo se preocupa y esfuerza para que todo salga bien. Cuando nosotros iniciamos esa era la idea y ha permanecido hasta hoy, que es la compa\u00f1\u00eda Limar\u00ed Nuts, la comunidad del pueblo de Los Clonquis y la municipalidad para que esa fiesta tenga \u00e9xito\u201d, <\/strong>declar\u00f3 Wilson Mu\u00f1oz, colaborador del evento y presidente de Limar\u00ed Nuts.<\/p>\n\n\n\n<p>Adem\u00e1s de la celebraci\u00f3n, las personas que asistieron a este evento tambi\u00e9n disfrutaron de los concursos t\u00edpicos y conocer los diversos productos en los m\u00e1s de 30 stands que se dispusieron en la jornada. Fue as\u00ed como se vendieron cachitos de nuez, nueces escabechadas, tortas de nuez, dulces de nueces, artesan\u00edas, tejidos y mucho m\u00e1s. Al respecto, Mar\u00eda Far\u00edas, presidenta de la JJ.VV., de Los Clonquis se\u00f1al\u00f3 que<strong> \u201csignifica mucho para mi ser la organizadora de este evento, porque yo quiero a mi pueblo y me siento orgullosa de contribuir este a\u00f1o al desarrollo local de mi comunidad\u201d.<\/strong><\/p>\n\n\n\n<p>Por su parte, el edil Cristian Herrera Pe\u00f1a, destac\u00f3 la labor que realiza la comunidad de Los Clonquis en torno al desarrollo econ\u00f3mico, social y tur\u00edstico en la comuna y enfatiz\u00f3 el apoyo municipal a futuro en este encuentro. <strong>\u201cLo importante de esta festividad y como lo dec\u00edan los vecinos es recordar c\u00f3mo la nuez ha sido un producto que ha estado presente por muchos a\u00f1os aqu\u00ed en Los Clonquis, hablaban de c\u00f3mo lo consum\u00edan para el desayuno, para el almuerzo, en distintas preparaciones de la nuez y donde este producto que en la actualidad une al pueblo nos llega de alegr\u00eda. Adem\u00e1s, c\u00f3mo la comunidad entera y turistas est\u00e9n visitando este hermoso sector que nos permite decir que se ha ido fortaleciendo esta fiesta que realiza su tercera versi\u00f3n y que desde el municipio vamos a seguir apoyando\u00bb .<\/strong><\/p>\n\n\n\n<p>En esa misma l\u00ednea, el alcalde Herrera, mencion\u00f3 la posibilidad de extender este festival por dos d\u00edas. <strong>\u201cPor qu\u00e9 no pensar en que pueda crecer, que se pueda realizar en dos d\u00edas a lo mejor y que comunidades como Monte Patria u Ovalle que ahora est\u00e1n visitando, pueda hacerlo durante dos d\u00edas; ayudar tambi\u00e9n a los emprendedores locales que est\u00e1n trabajando con sus stands. Estamos contentos, porque hablar de la nuez en Los Clonquis es hablar de identidad, hablar de historia y es hablar de una actividad productiva que los mantiene unidos y que genera recursos para este sector\u201d<\/strong><\/p>\n\n\n\n<p>La festividad estuvo tambi\u00e9n amenizada por diferentes presentaciones de los artistas musicales y folcl\u00f3ricos como Emily Lagos, Charro entre Charro, Sargento Soto, Sandro y Tierra Chilena que deleitaron a los asistentes en esta velada para toda la familia.<\/p>\n","protected":false},"excerpt":{"rendered":"<p>La celebraci\u00f3n en torno a la producci\u00f3n de nueces y sus productos derivados deleit\u00f3 a los asistentes locales como turistas que llegaron al encuentro. Entretenidos concursos, demostraciones art\u00edsticas y stands de emprendedores fueron algunas de las actividades que tuvo la tercera versi\u00f3n del Festival de la Nuez en la localidad de Los Clonquis. La actividad, &#8230;<\/p>\n","protected":false},"author":2,"featured_media":9135,"comment_status":"open","ping_status":"open","sticky":false,"template":"","format":"standard","meta":{"footnotes":""},"categories":[5],"tags":[],"class_list":["post-9134","post","type-post","status-publish","format-standard","has-post-thumbnail","hentry","category-actualidad-limarina"],"_links":{"self":[{"href":"https:\/\/www.radiolimari.cl\/index.php?rest_route=\/wp\/v2\/posts\/9134","targetHints":{"allow":["GET"]}}],"collection":[{"href":"https:\/\/www.radiolimari.cl\/index.php?rest_route=\/wp\/v2\/posts"}],"about":[{"href":"https:\/\/www.radiolimari.cl\/index.php?rest_route=\/wp\/v2\/types\/post"}],"author":[{"embeddable":true,"href":"https:\/\/www.radiolimari.cl\/index.php?rest_route=\/wp\/v2\/users\/2"}],"replies":[{"embeddable":true,"href":"https:\/\/www.radiolimari.cl\/index.php?rest_route=%2Fwp%2Fv2%2Fcomments&post=9134"}],"version-history":[{"count":1,"href":"https:\/\/www.radiolimari.cl\/index.php?rest_route=\/wp\/v2\/posts\/9134\/revisions"}],"predecessor-version":[{"id":9136,"href":"https:\/\/www.radiolimari.cl\/index.php?rest_route=\/wp\/v2\/posts\/9134\/revisions\/9136"}],"wp:featuredmedia":[{"embeddable":true,"href":"https:\/\/www.radiolimari.cl\/index.php?rest_route=\/wp\/v2\/media\/9135"}],"wp:attachment":[{"href":"https:\/\/www.radiolimari.cl\/index.php?rest_route=%2Fwp%2Fv2%2Fmedia&parent=9134"}],"wp:term":[{"taxonomy":"category","embeddable":true,"href":"https:\/\/www.radiolimari.cl\/index.php?rest_route=%2Fwp%2Fv2%2Fcategories&post=9134"},{"taxonomy":"post_tag","embeddable":true,"href":"https:\/\/www.radiolimari.cl\/index.php?rest_route=%2Fwp%2Fv2%2Ftags&post=9134"}],"curies":[{"name":"wp","href":"https:\/\/api.w.org\/{rel}","templated":true}]}}