{"id":9131,"date":"2023-05-17T00:18:35","date_gmt":"2023-05-17T00:18:35","guid":{"rendered":"https:\/\/www.radiolimari.cl\/?p=9131"},"modified":"2023-05-17T00:18:36","modified_gmt":"2023-05-17T00:18:36","slug":"cuenta-publica-reduccion-de-tiempos-de-espera-y-reactivacion-de-atenciones-fueron-los-avances-mas-destacados-en-la-red-de-salud-publica","status":"publish","type":"post","link":"https:\/\/www.radiolimari.cl\/?p=9131","title":{"rendered":"Cuenta P\u00fablica: Reducci\u00f3n de tiempos de espera y reactivaci\u00f3n de atenciones fueron los avances m\u00e1s destacados en la red de salud p\u00fablica"},"content":{"rendered":"\n<figure class=\"wp-block-image size-large\"><a href=\"https:\/\/www.radiolimari.cl\/wp-content\/uploads\/2023\/05\/1-1.jpeg\"><img fetchpriority=\"high\" decoding=\"async\" width=\"1024\" height=\"682\" src=\"https:\/\/www.radiolimari.cl\/wp-content\/uploads\/2023\/05\/1-1-1024x682.jpeg\" alt=\"\" class=\"wp-image-9132\" srcset=\"https:\/\/www.radiolimari.cl\/wp-content\/uploads\/2023\/05\/1-1-1024x682.jpeg 1024w, https:\/\/www.radiolimari.cl\/wp-content\/uploads\/2023\/05\/1-1-300x200.jpeg 300w, https:\/\/www.radiolimari.cl\/wp-content\/uploads\/2023\/05\/1-1-768x512.jpeg 768w, https:\/\/www.radiolimari.cl\/wp-content\/uploads\/2023\/05\/1-1-1536x1023.jpeg 1536w, https:\/\/www.radiolimari.cl\/wp-content\/uploads\/2023\/05\/1-1.jpeg 1600w\" sizes=\"(max-width: 1024px) 100vw, 1024px\" \/><\/a><\/figure>\n\n\n\n<p><strong><em>Tras la pandemia, fue posible retomar las cirug\u00edas y la actividad productiva a los niveles previos al 2020, logros que se suman a los importantes progresos que tuvo el sector en infraestructura hospitalaria.<\/em><\/strong><\/p>\n\n\n\n<p>Haciendo especial hincapi\u00e9 en los hitos alcanzados por la Red P\u00fablica de Salud de la regi\u00f3n, inici\u00f3 la Cuenta P\u00fablica 2023 del Servicio de Salud Coquimbo. Una instancia de participaci\u00f3n ciudadana, que este a\u00f1o, se traslad\u00f3 hasta la comuna de Ovalle, en se\u00f1al clara de acercamiento a los distintos territorios, seg\u00fan explic\u00f3 su director, el Dr. Christian Vargas.<\/p>\n\n\n\n<p>Ante un significativo n\u00famero de asistentes, que contabilizaron m\u00e1s de 200, entre autoridades, jefaturas de servicios, funcionarios de salud y comunidad organizada, la m\u00e1xima autoridad del Servicio de Salud Coquimbo rindi\u00f3 los avances de la gesti\u00f3n 2022.<\/p>\n\n\n\n<p>\u201cHay hitos importantes en el quehacer del \u00faltimo a\u00f1o, como la disminuci\u00f3n de los tiempos de espera de intervenciones quir\u00fargicas y de consultas de nueva especialidad, la incorporaci\u00f3n de especialistas y la recuperaci\u00f3n de la actividad productiva de los hospitales de alta complejidad, con respecto a los niveles pre pandemia, pero tambi\u00e9n la apertura de nuevas prestaciones. As\u00ed que nos tiene muy contentos este a\u00f1o 2022, el cual tambi\u00e9n nos plantea desaf\u00edos para el 2023 bastante ambiciosos, como es terminar los dise\u00f1os de los hospitales de La Serena y Coquimbo, poder adjudicar el Hospital de Illapel, concretar infraestructura en Atenci\u00f3n Primaria de Salud, pero sobre todo, ir recuperando al actividad productiva del sector, que es en el fondo solucionar problemas de salud de las personas\u201d, indic\u00f3 el Dr. Christian Vargas.<\/p>\n\n\n\n<p>Quien durante la ceremonia tambi\u00e9n dio cuenta de la labor realizada durante el \u00faltimo periodo, fue Vilma V\u00e9liz, Presidenta del Consejo de la Sociedad Civil (COSOC) del Servicio de Salud Coquimbo. Ella detall\u00f3 a los presentes los principales avances del 2022 como organizaci\u00f3n, y adem\u00e1s, tras escuchar la Cuenta P\u00fablica del director, valor\u00f3 el trabajo conjunto con el Servicio de Salud.<\/p>\n\n\n\n<p>\u201cBien me parecen los avances, era lo que se esperaba, especialmente en las listas de espera. Nosotros siempre en las reuniones vemos eso y nos gustar\u00eda que se agilizara mucho m\u00e1s. En cuanto al trabajo con el Servicio, creo que \u2018apoyo\u2019 es la palabra que podr\u00eda decir. Apoyo del servicio porque cualquier cosita, cualquier duda, en las reuniones nos dejan plantear nuestros problemas como comuna, como provincia y eso tambi\u00e9n es gratificante para nosotros como COSOC. Nos sentimos realmente incorporados\u201d, manifest\u00f3.<\/p>\n\n\n\n<p><strong>\u201cNOS REFUERZA EL SENTIDO DE PERTENENCIA A LA RED ASISTENCIAL\u201d<\/strong><\/p>\n\n\n\n<p>Entre los asistentes a la Cuenta P\u00fablica del Servicio de Salud Coquimbo, tambi\u00e9n estuvieron los directores de los hospitales de la regi\u00f3n, quienes escucharon atentamente los desaf\u00edos planteados por la autoridad de salud para este a\u00f1o.<\/p>\n\n\n\n<p>\u201cMe parecen interesantes todos los avances que se realizaron durante el a\u00f1o 2022, toda la inversi\u00f3n, los nuevos puntos habilitados en nuestra red y sobre todo, los grandes desaf\u00edos que se nos vienen, que tienen que ver con el tema de la reducci\u00f3n de los tiempos de espera y los grandes proyectos que se est\u00e1n llevando a cabo, que van a tener un alcance muy importante para la regi\u00f3n\u201d, destac\u00f3 Leopoldo Oyaneder, director del Hospital de Ovalle.<\/p>\n\n\n\n<p>Por su parte, el director (s) del Hospital de La Serena, Iv\u00e1n Mar\u00edn, se\u00f1al\u00f3 que \u201ca nosotros, que somos un establecimiento de salud, nos refuerza el sentido de pertenencia a la Red Asistencial P\u00fablica ver todos los logros y los desaf\u00edos que tenemos, dado el contexto que present\u00f3 el director de los \u00faltimos 5 a\u00f1os, donde los cuidados postergados es una tarea en la que tenemos responsabilidad como instituciones y debemos tomarlo como uno de los objetivos a corto plazo, porque son las personas las que est\u00e1n esperando. El mensaje creo que fue muy claro de parte del director, y yo al menos como persona a cargo del hospital, as\u00ed lo siento\u201d.<\/p>\n\n\n\n<p><strong>ESPACIO DE RETROALIMENTACI\u00d3N CIUDADANA<\/strong><\/p>\n\n\n\n<p>Tras finalizar la ceremonia, se dio inicio al Taller Post Cuenta P\u00fablica, que cont\u00f3 con la participaron de representantes de la comunidad, de los usuarios y funcionarios de la Red de Salud, quienes entregaron una retroalimentaci\u00f3n para poder profundizar algunas tem\u00e1ticas que consideran importantes incorporar en el informe final de la rendici\u00f3n.<\/p>\n\n\n\n<p>Esta relevante instancia de participaci\u00f3n cont\u00f3 con la presencia del Dr. Christian Vargas y otros miembros del equipo directivo del Servicio de Salud Coquimbo, quienes escucharon atentamente cada una de las intervenciones, valorando y agradeciendo lo enriquecedor de la jornada.<\/p>\n","protected":false},"excerpt":{"rendered":"<p>Tras la pandemia, fue posible retomar las cirug\u00edas y la actividad productiva a los niveles previos al 2020, logros que se suman a los importantes progresos que tuvo el sector en infraestructura hospitalaria. Haciendo especial hincapi\u00e9 en los hitos alcanzados por la Red P\u00fablica de Salud de la regi\u00f3n, inici\u00f3 la Cuenta P\u00fablica 2023 del &#8230;<\/p>\n","protected":false},"author":2,"featured_media":9132,"comment_status":"open","ping_status":"open","sticky":false,"template":"","format":"standard","meta":{"footnotes":""},"categories":[6],"tags":[],"class_list":["post-9131","post","type-post","status-publish","format-standard","has-post-thumbnail","hentry","category-regionales"],"_links":{"self":[{"href":"https:\/\/www.radiolimari.cl\/index.php?rest_route=\/wp\/v2\/posts\/9131","targetHints":{"allow":["GET"]}}],"collection":[{"href":"https:\/\/www.radiolimari.cl\/index.php?rest_route=\/wp\/v2\/posts"}],"about":[{"href":"https:\/\/www.radiolimari.cl\/index.php?rest_route=\/wp\/v2\/types\/post"}],"author":[{"embeddable":true,"href":"https:\/\/www.radiolimari.cl\/index.php?rest_route=\/wp\/v2\/users\/2"}],"replies":[{"embeddable":true,"href":"https:\/\/www.radiolimari.cl\/index.php?rest_route=%2Fwp%2Fv2%2Fcomments&post=9131"}],"version-history":[{"count":1,"href":"https:\/\/www.radiolimari.cl\/index.php?rest_route=\/wp\/v2\/posts\/9131\/revisions"}],"predecessor-version":[{"id":9133,"href":"https:\/\/www.radiolimari.cl\/index.php?rest_route=\/wp\/v2\/posts\/9131\/revisions\/9133"}],"wp:featuredmedia":[{"embeddable":true,"href":"https:\/\/www.radiolimari.cl\/index.php?rest_route=\/wp\/v2\/media\/9132"}],"wp:attachment":[{"href":"https:\/\/www.radiolimari.cl\/index.php?rest_route=%2Fwp%2Fv2%2Fmedia&parent=9131"}],"wp:term":[{"taxonomy":"category","embeddable":true,"href":"https:\/\/www.radiolimari.cl\/index.php?rest_route=%2Fwp%2Fv2%2Fcategories&post=9131"},{"taxonomy":"post_tag","embeddable":true,"href":"https:\/\/www.radiolimari.cl\/index.php?rest_route=%2Fwp%2Fv2%2Ftags&post=9131"}],"curies":[{"name":"wp","href":"https:\/\/api.w.org\/{rel}","templated":true}]}}