{"id":9128,"date":"2023-05-17T00:09:25","date_gmt":"2023-05-17T00:09:25","guid":{"rendered":"https:\/\/www.radiolimari.cl\/?p=9128"},"modified":"2023-05-17T00:09:25","modified_gmt":"2023-05-17T00:09:25","slug":"en-la-serena-mas-de-4000-municiones-fueron-sacadas-de-circulacion-por-carabineros","status":"publish","type":"post","link":"https:\/\/www.radiolimari.cl\/?p=9128","title":{"rendered":"En La Serena M\u00e1s de 4000 municiones fueron sacadas de circulaci\u00f3n por Carabineros."},"content":{"rendered":"\n<figure class=\"wp-block-image size-full is-resized\"><a href=\"https:\/\/www.radiolimari.cl\/wp-content\/uploads\/2023\/05\/DECOMISO-ARMAS-IMG_1605-2.jpeg\"><img fetchpriority=\"high\" decoding=\"async\" src=\"https:\/\/www.radiolimari.cl\/wp-content\/uploads\/2023\/05\/DECOMISO-ARMAS-IMG_1605-2.jpeg\" alt=\"\" class=\"wp-image-9129\" width=\"396\" height=\"222\" srcset=\"https:\/\/www.radiolimari.cl\/wp-content\/uploads\/2023\/05\/DECOMISO-ARMAS-IMG_1605-2.jpeg 1024w, https:\/\/www.radiolimari.cl\/wp-content\/uploads\/2023\/05\/DECOMISO-ARMAS-IMG_1605-2-300x169.jpeg 300w, https:\/\/www.radiolimari.cl\/wp-content\/uploads\/2023\/05\/DECOMISO-ARMAS-IMG_1605-2-768x432.jpeg 768w\" sizes=\"(max-width: 396px) 100vw, 396px\" \/><\/a><\/figure>\n\n\n\n<p><strong><em>El trabajo conjunto entre la SIP de la Segunda Comisar\u00eda y el Ministerio P\u00fablico fue fundamental para el \u00e9xito de la investigaci\u00f3n, que se extendi\u00f3 por tres meses.<\/em><\/strong><\/p>\n\n\n\n<p>Fueron exactamente 4001 municiones, entre ellas elementos de guerra, y 19 armas de fuego, las que se sacaron de circulaci\u00f3n este martes en la regi\u00f3n de Coquimbo, tras un exitoso trabajo coordinado entre la Secci\u00f3n de Investigaci\u00f3n Policial de Carabineros de la Segunda Comisar\u00eda y la Fiscal\u00eda de Focos, que concluy\u00f3 con el ingreso a una parcela del sector San Ram\u00f3n.<\/p>\n\n\n\n<p><strong>\u201cEste trabajo es un claro ejemplo de los buenos resultados que se obtienen cuando el trabajo es conjunto y coordinado. Aqu\u00ed existe un compromiso concreto de parte de todos los carabineros, que estamos trabajando diariamente en terreno por brindar m\u00e1s y mejor seguridad a quienes viven en nuestra regi\u00f3n, y en ese sentido, sacar de circulaci\u00f3n una cantidad tan importante de municiones y armas, evitando adem\u00e1s su mal uso, es una se\u00f1al potente para la comunidad de la regi\u00f3n y de todo el pa\u00eds\u201d<\/strong>, indic\u00f3 el Prefecto de Coquimbo, Coronel Francisco Aravena.<\/p>\n\n\n\n<p>Entre las armas decomisadas, se encuentran diversos modelos de pistola, rev\u00f3lveres, rifles, escopetas y un fusil, incluyendo tres aparatos que no contaban con la documentaci\u00f3n correspondiente. Entre las municiones en tanto, tambi\u00e9n fueron encontrados 200 cartuchos de munici\u00f3n de guerra.<\/p>\n\n\n\n<p><strong>\u00abEn principio, los delitos que est\u00e1n siendo investigados son tenencia ilegal de armas de fuego y tenencia ilegal de municiones. Se tratar\u00eda todas, de armas convencionales, no modificadas o adaptadas, por lo tanto, las penas para ese delito van de 3 a\u00f1os y un d\u00eda a 5 a\u00f1os, y en el caso de la tenencia ilegal de municiones de un a\u00f1o y medio que en estos 41 d\u00edas a tres a\u00f1os\u00bb<\/strong>, se\u00f1al\u00f3 el Fiscal de Focos, Freddy Salinas.<\/p>\n\n\n\n<p>Desde el gobierno en tanto, reconocieron el trabajo conjunto y los buenos resultados.<\/p>\n\n\n\n<p><strong>\u00abAgradecemos el trabajo de Carabineros en conjunto con la Fiscal\u00eda, que el d\u00eda de hoy da otra se\u00f1al concreta en materia de seguridad. Siempre hemos dicho que trabajando en equipo, trabajando en conjunto, nos va mejor y esto es prueba de aquello, un trabajo coordinado con Fiscal\u00eda, con Carabineros, en el territorio para poder fiscalizar, avanzar en algunas investigaciones y poner a disposici\u00f3n de la justicia quienes corresponden y sobre todo, insisto, como en este caso, sacar de circulaci\u00f3n armas de fuego y munici\u00f3n tanto de distinto calibre como incluso municiones de guerra\u00bb<\/strong>, dijo el Delegado Presidencial Regional, Rub\u00e9n Quezada.<\/p>\n","protected":false},"excerpt":{"rendered":"<p>El trabajo conjunto entre la SIP de la Segunda Comisar\u00eda y el Ministerio P\u00fablico fue fundamental para el \u00e9xito de la investigaci\u00f3n, que se extendi\u00f3 por tres meses. Fueron exactamente 4001 municiones, entre ellas elementos de guerra, y 19 armas de fuego, las que se sacaron de circulaci\u00f3n este martes en la regi\u00f3n de Coquimbo, &#8230;<\/p>\n","protected":false},"author":2,"featured_media":9129,"comment_status":"open","ping_status":"open","sticky":false,"template":"","format":"standard","meta":{"footnotes":""},"categories":[3],"tags":[],"class_list":["post-9128","post","type-post","status-publish","format-standard","has-post-thumbnail","hentry","category-actualidad"],"_links":{"self":[{"href":"https:\/\/www.radiolimari.cl\/index.php?rest_route=\/wp\/v2\/posts\/9128","targetHints":{"allow":["GET"]}}],"collection":[{"href":"https:\/\/www.radiolimari.cl\/index.php?rest_route=\/wp\/v2\/posts"}],"about":[{"href":"https:\/\/www.radiolimari.cl\/index.php?rest_route=\/wp\/v2\/types\/post"}],"author":[{"embeddable":true,"href":"https:\/\/www.radiolimari.cl\/index.php?rest_route=\/wp\/v2\/users\/2"}],"replies":[{"embeddable":true,"href":"https:\/\/www.radiolimari.cl\/index.php?rest_route=%2Fwp%2Fv2%2Fcomments&post=9128"}],"version-history":[{"count":1,"href":"https:\/\/www.radiolimari.cl\/index.php?rest_route=\/wp\/v2\/posts\/9128\/revisions"}],"predecessor-version":[{"id":9130,"href":"https:\/\/www.radiolimari.cl\/index.php?rest_route=\/wp\/v2\/posts\/9128\/revisions\/9130"}],"wp:featuredmedia":[{"embeddable":true,"href":"https:\/\/www.radiolimari.cl\/index.php?rest_route=\/wp\/v2\/media\/9129"}],"wp:attachment":[{"href":"https:\/\/www.radiolimari.cl\/index.php?rest_route=%2Fwp%2Fv2%2Fmedia&parent=9128"}],"wp:term":[{"taxonomy":"category","embeddable":true,"href":"https:\/\/www.radiolimari.cl\/index.php?rest_route=%2Fwp%2Fv2%2Fcategories&post=9128"},{"taxonomy":"post_tag","embeddable":true,"href":"https:\/\/www.radiolimari.cl\/index.php?rest_route=%2Fwp%2Fv2%2Ftags&post=9128"}],"curies":[{"name":"wp","href":"https:\/\/api.w.org\/{rel}","templated":true}]}}