{"id":9112,"date":"2023-05-16T19:55:52","date_gmt":"2023-05-16T19:55:52","guid":{"rendered":"https:\/\/www.radiolimari.cl\/?p=9112"},"modified":"2023-05-16T19:55:53","modified_gmt":"2023-05-16T19:55:53","slug":"en-ovalle-conmemoraran-el-dia-internacional-del-reciclaje","status":"publish","type":"post","link":"https:\/\/www.radiolimari.cl\/?p=9112","title":{"rendered":"En Ovalle conmemorar\u00e1n el D\u00eda Internacional del Reciclaje"},"content":{"rendered":"\n<figure class=\"wp-block-image size-large is-resized\"><a href=\"https:\/\/www.radiolimari.cl\/wp-content\/uploads\/2023\/05\/Dia-del-Reciclaje-en-Ovalle-2023.jpg\"><img fetchpriority=\"high\" decoding=\"async\" src=\"https:\/\/www.radiolimari.cl\/wp-content\/uploads\/2023\/05\/Dia-del-Reciclaje-en-Ovalle-2023-1024x683.jpg\" alt=\"\" class=\"wp-image-9113\" width=\"400\" height=\"267\" srcset=\"https:\/\/www.radiolimari.cl\/wp-content\/uploads\/2023\/05\/Dia-del-Reciclaje-en-Ovalle-2023-1024x683.jpg 1024w, https:\/\/www.radiolimari.cl\/wp-content\/uploads\/2023\/05\/Dia-del-Reciclaje-en-Ovalle-2023-300x200.jpg 300w, https:\/\/www.radiolimari.cl\/wp-content\/uploads\/2023\/05\/Dia-del-Reciclaje-en-Ovalle-2023-768x512.jpg 768w, https:\/\/www.radiolimari.cl\/wp-content\/uploads\/2023\/05\/Dia-del-Reciclaje-en-Ovalle-2023.jpg 1200w\" sizes=\"(max-width: 400px) 100vw, 400px\" \/><\/a><\/figure>\n\n\n\n<p><strong><em>El acto, organizado por el municipio de Ovalle, a trav\u00e9s de la Oficina de Medio Ambiente, se llevar\u00e1 a cabo en el Punto Limpio local, ubicado en el Barrio Industrial. La idea es crear conciencia sobre la importancia del reciclaje y su contribuci\u00f3n con el bienestar de nuestro entorno.<\/em><\/strong><\/p>\n\n\n\n<p>Una de las formas de cuidar el medioambiente es reutilizar algunos art\u00edculos, que por lo general, llegan a sitios eriazos o zonas perif\u00e9ricas de la ciudad y se convierten en focos de insalubridad. Es por este motivo, que el municipio de Ovalle, a trav\u00e9s de la Oficina de Medio Ambiente, conmemorar\u00e1 el D\u00eda Internacional del Reciclaje, instancia que busca sensibilizar a la poblaci\u00f3n local para que contin\u00fae aportando y reutilizando materiales y art\u00edculos de distintos tipos.<\/p>\n\n\n\n<p>El acto central se realizar\u00e1 en el Punto Limpio local, ubicado en la intersecci\u00f3n de las calles Los Industriales y De La Noe el pr\u00f3ximo mi\u00e9rcoles 17 de mayo, desde las 12.30 horas, y contar\u00e1 con la participaci\u00f3n de la agrupaci\u00f3n local Limar\u00ed Recicla, organizaciones territoriales y funcionales, y representantes de organismos p\u00fablicos y privados que trabajan en la preservaci\u00f3n y cuidado del patrimonio natural de nuestro territorio.<\/p>\n\n\n\n<p>Durante la jornada, se presentar\u00e1n las estad\u00edsticas que tuvo Ovalle en materia de reciclaje en el a\u00f1o 2022 y se llevar\u00e1 a cabo un an\u00e1lisis sobre las principales problem\u00e1ticas en lo referente a residuos s\u00f3lidos domiciliarios y asimilables, y adem\u00e1s se informar\u00e1n los principales desaf\u00edos del a\u00f1o 2023.<\/p>\n\n\n\n<p>En la ceremonia de conmemoraci\u00f3n \u201cse enfatizar\u00e1 sobre la importancia de la Educaci\u00f3n Ambiental como herramienta para educar y sensibilizar a nuestra comunidad sobre tem\u00e1ticas relacionadas con el reciclaje, con el fin que tomen decisiones informadas y de manera responsable\u201d sostuvo el alcalde de Ovalle, Jonathan Acu\u00f1a Rojas.&nbsp;&nbsp;<\/p>\n\n\n\n<p>Tambi\u00e9n se mencionar\u00e1n las campa\u00f1as medioambientales que se est\u00e1n gestionando para la comuna de Ovalle, las cuales tienen como objetivo \u201cfomentar la importancia de cuidar y respetar el medio ambiente, a trav\u00e9s de la separaci\u00f3n en origen de los residuos domiciliarios\u201d indic\u00f3 el encargado de la Oficina Socioambiental del municipio de Ovalle, Emanuel Pedraza.<\/p>\n\n\n\n<p>En el marco del D\u00eda Internacional del Reciclaje, se anunciar\u00e1 la habilitaci\u00f3n de nuevos puntos verdes de acopio y canastillas de recolecci\u00f3n de envases PET1 (Botellas pl\u00e1sticas), exclusivamente en zonas rurales, para facilitar la separaci\u00f3n en origen y evitar que este material se acumula en zonas eriazas de la comuna. Adem\u00e1s, se presentar\u00e1 la nueva p\u00e1gina web y redes sociales de la Oficina de Medio Ambiente, que ser\u00e1n medios directos para entregar informaci\u00f3n a la comunidad local.<\/p>\n","protected":false},"excerpt":{"rendered":"<p>El acto, organizado por el municipio de Ovalle, a trav\u00e9s de la Oficina de Medio Ambiente, se llevar\u00e1 a cabo en el Punto Limpio local, ubicado en el Barrio Industrial. La idea es crear conciencia sobre la importancia del reciclaje y su contribuci\u00f3n con el bienestar de nuestro entorno. Una de las formas de cuidar &#8230;<\/p>\n","protected":false},"author":2,"featured_media":9113,"comment_status":"open","ping_status":"open","sticky":false,"template":"","format":"standard","meta":{"footnotes":""},"categories":[5],"tags":[],"class_list":["post-9112","post","type-post","status-publish","format-standard","has-post-thumbnail","hentry","category-actualidad-limarina"],"_links":{"self":[{"href":"https:\/\/www.radiolimari.cl\/index.php?rest_route=\/wp\/v2\/posts\/9112","targetHints":{"allow":["GET"]}}],"collection":[{"href":"https:\/\/www.radiolimari.cl\/index.php?rest_route=\/wp\/v2\/posts"}],"about":[{"href":"https:\/\/www.radiolimari.cl\/index.php?rest_route=\/wp\/v2\/types\/post"}],"author":[{"embeddable":true,"href":"https:\/\/www.radiolimari.cl\/index.php?rest_route=\/wp\/v2\/users\/2"}],"replies":[{"embeddable":true,"href":"https:\/\/www.radiolimari.cl\/index.php?rest_route=%2Fwp%2Fv2%2Fcomments&post=9112"}],"version-history":[{"count":1,"href":"https:\/\/www.radiolimari.cl\/index.php?rest_route=\/wp\/v2\/posts\/9112\/revisions"}],"predecessor-version":[{"id":9114,"href":"https:\/\/www.radiolimari.cl\/index.php?rest_route=\/wp\/v2\/posts\/9112\/revisions\/9114"}],"wp:featuredmedia":[{"embeddable":true,"href":"https:\/\/www.radiolimari.cl\/index.php?rest_route=\/wp\/v2\/media\/9113"}],"wp:attachment":[{"href":"https:\/\/www.radiolimari.cl\/index.php?rest_route=%2Fwp%2Fv2%2Fmedia&parent=9112"}],"wp:term":[{"taxonomy":"category","embeddable":true,"href":"https:\/\/www.radiolimari.cl\/index.php?rest_route=%2Fwp%2Fv2%2Fcategories&post=9112"},{"taxonomy":"post_tag","embeddable":true,"href":"https:\/\/www.radiolimari.cl\/index.php?rest_route=%2Fwp%2Fv2%2Ftags&post=9112"}],"curies":[{"name":"wp","href":"https:\/\/api.w.org\/{rel}","templated":true}]}}